{"id":100871,"date":"2025-11-30T19:24:16","date_gmt":"2025-11-30T19:24:16","guid":{"rendered":"https:\/\/www.europesays.com\/no\/100871\/"},"modified":"2025-11-30T19:24:16","modified_gmt":"2025-11-30T19:24:16","slug":"sport-fotball-nadelos-alfred-etter-tabellklatring-jeg-star-ikke-og-jubler-over-en-sjuendeplass","status":"publish","type":"post","link":"https:\/\/www.europesays.com\/no\/100871\/","title":{"rendered":"Sport, Fotball | N\u00e5del\u00f8s Alfred etter tabellklatring: \u2013 Jeg st\u00e5r ikke og jubler over en sjuendeplass"},"content":{"rendered":"\n<p><b>RBK \u2013 Str\u00f8msgodset 6-0:<\/b><\/p>\n<p>\u2013 Det er fint \u00e5 gi publikum en god opplevelse helt til slutt etter en t\u00f8ff sesong, sier Alfred Johansson like etter kampslutt.<\/p>\n<p>Det har v\u00e6rt et trasig RBK-\u00e5r.<\/p>\n<p>Da mange sn\u00f8fnugg og et sv\u00e6rt glissent Lerkendal \u00f8nsket lagene velkommen til rundens kanskje minst interessante kamp, var det mye negativt \u00e5 skrive om.<\/p>\n<p>Laget var nummer ni og var p\u00e5 veg til \u00e5 tangere verstenoteringen i moderne tid, 9.-plassen fra 2023. Et poengtap mot allerede nedrykksklare Str\u00f8msgodset ville i s\u00e5 fall gi alvorlig fare for \u00e5 bli nummer ti ogs\u00e5.<\/p>\n<p>Og nedre halvdel for bare andre gang siden 1987.<\/p>\n<p>Festkveld<\/p>\n<p>I stedet ble det fest. Og noen enkle punkter \u00e5 glede seg over inn mot jula:<\/p>\n<ul>\n<li>Sjuendeplass og \u00f8vre halvdel, i stedet for \u00e5 gj\u00f8re som i 1986 og 2023.<\/li>\n<li>Foran Molde \u2013 for andre \u00e5r p\u00e5 rad.<\/li>\n<li>Og \u2013 etter en liten m\u00e5lfest i sn\u00f8v\u00e6ret \u2013 positiv m\u00e5lforskjell.<\/li>\n<\/ul>\n<p>\u2013 Det har v\u00e6rt en skisesong, men ingenting er mer gledelig enn at Rosenborg avslutter p\u00e5 en slik m\u00e5te, oppsummerte Rotsekks Tommy Opdal med ti minutter igjen.<\/p>\n<p>For da RBK scoret seks og Fredrikstad slapp inn fem i Bod\u00f8, kom RBK p\u00e5 sjuendeplass.<\/p>\n<p>\u2013 Vi snakket om det i pausen og sa at vi skulle gj\u00f8re v\u00e5rt beste for \u00e5 komme s\u00e5 h\u00f8yt som mulig. Uansett premisser skal vi kjempe for Rosenborg, sier Johansson etter kampslutt og legger til:<\/p>\n<p>\u2013 Vi st\u00e5r ikke og jubler over en sjuendeplass, men det var fint at vi tok den n\u00e5r vi f\u00f8rst hadde muligheten, sier RBK-treneren.<\/p>\n<p>   <img decoding=\"async\" width=\"4096\" height=\"2728\" fetchpriority=\"low\"  loading=\"lazy\"  src=\"https:\/\/www.europesays.com\/no\/wp-content\/uploads\/2025\/11\/NTB_Jv6UWK5AEE4.jpg\" alt=\"Trondheim, Norway 20251130. &#10;Eliteseriekampen i fotball mellom Rosenborg og Str\u00f8msgodset p\u00e5 Lerkendal stadion.&#10;Foto: Ole Martin Wold \/ NTB\" class=\"brick-c-cFOWSL\" style=\"--brick-image-ratio: 4096 \/ 2728;\"\/><\/p>\n<p>      Avsluttet med stil: 2025 var et trist RBK-kapittel, men det endte i hvert fall med storseier.<br \/>\n      Foto: Ole Martin Wold\n    <\/p>\n<p><b>I fjor\u00e5rssesongen fikk sjuendeplassen 15,4 millioner i premiepenger, 300.000 mer enn plassen bak. <\/b><\/p>\n<p>Ekstra g\u00f8y var det at det siste m\u00e5let kom p\u00e5 siste spark.<\/p>\n<p>\u2013 Det er et sukkert\u00f8y av en avslutning, ropte Rotsekk-ekspert Alexander Larsen da Emil Konradsen Ce\u00efde scoret 6\u20130 fra d\u00f8d vinkel fire minutter p\u00e5 overtid.<\/p>\n<p>Da hadde Simen Bolkan Nordli endelig \u00e5pnet m\u00e5lkontoen for RBK i Eliteserien og ogs\u00e5 satt opp David Duris p\u00e5 ett av sine to f\u00f8rste Lerkendal-m\u00e5l. Dino Islamovic, kaptein for kvelden, hadde satt sitt 14. og siste m\u00e5l i serien.<\/p>\n<p>Mens 2008-modellen Elias Sl\u00f8rdal hadde f\u00e5tt sine f\u00f8rste minutter for RBK.<\/p>\n<p><b>RBK-b\u00f8rsen etter storseieren: <\/b><\/p>\n<p>  <a href=\"https:\/\/www.nidaros.no\/5-113-791091\" class=\"related-teaser has-image default-story-teaser article--c-eRUmMG article--c-eRUmMG-jKCPdD-design-default\" rel=\"nofollow noopener\" target=\"_blank\"><\/p>\n<p>    <img decoding=\"async\" loading=\"lazy\"  src=\"https:\/\/www.europesays.com\/no\/wp-content\/uploads\/2025\/11\/NTB_6R3vEuUUaYc.jpg\" alt=\"\" class=\"brick-c-cFOWSL\" style=\"\"\/><\/p>\n<p>\n            Les ogs\u00e5<\/p>\n<p>              RBK rundet av sesongen med m\u00e5lfest \u2013 slik vurderer vi spillerne p\u00e5 b\u00f8rsen\n        <\/p>\n<p>  <\/a><\/p>\n<p>S\u00e5 var det ikke slik at heller ikke s\u00f8ndagens seier startet som en fest.<\/p>\n<p>   <img decoding=\"async\" width=\"4410\" height=\"2941\" fetchpriority=\"low\"  loading=\"lazy\"  src=\"https:\/\/www.europesays.com\/no\/wp-content\/uploads\/2025\/11\/NTB_5wXt4yDs0ec_1.jpg\" alt=\"Trondheim, Norway 20251130. &#10;Eliteseriekampen i fotball mellom Rosenborg og Str\u00f8msgodset p\u00e5 Lerkendal stadion.&#10;Foto: Ole Martin Wold \/ NTB\" class=\"brick-c-cFOWSL\" style=\"--brick-image-ratio: 4410 \/ 2941;\"\/><\/p>\n<p>      Endelig: For f\u00f8rste gang siden august fikk RBK-fansen se en skikkelig m\u00e5lfest p\u00e5 Lerkendal.<br \/>\n      Foto: Ole Martin Wold\n    <\/p>\n<p>  Startet d\u00e5rlig<\/p>\n<p>Da Simen Bolkan Nordli klinket inn 1\u20130 etter 33 minutter, var det egentlig mot spillets gang.<\/p>\n<p>Kaptein Dino Islamovic fikk riktig nok en str\u00e5lende stikker og kom mutters alene med keeper Jasper Torkildsen etter tre minutter, men etter at RBK-toppscoreren brant gigantsjansen, var Godset best. Lenge.<\/p>\n<p>\u2013 Vi inviterte de inn i kampen. Fra minutt fem til 20, da var Godset bedre, erkjente Johansson til TV 2 i pausen.<\/p>\n<p>For tidligere Ranheim-spiss Marcus Mehnert skj\u00f8t like utenfor etter en farlig Godset-overgang etter ti minutter. Alie Conteh kom n\u00e6re p\u00e5 en d\u00f8dball like senere.<\/p>\n<p>Like etter 1\u20130 var ogs\u00e5 Mehnert p\u00e5 ferden igjen, da han satte opp Max Ardraa, som skj\u00f8t like utenfor.<\/p>\n<p>F\u00f8r alts\u00e5 RBK fant mer ut av en ting \u2013 mot nedrykksklare Str\u00f8msgodset.<\/p>\n<p>\u2013 Fikk grep p\u00e5 kampen<\/p>\n<p>\u2013 Vi fikk grep p\u00e5 kampen og tok over. Da var det bra, oppsummerte Johansson til TV 2.<\/p>\n<p>Godset-keeper Torkildsen sleivet et tilbakespill og Jesper Reitan-Sunde satte opp David Duris, som burde satt inn 1\u20130 noen minutter f\u00f8r Bolkan Nordli satte inn \u00e5rets f\u00f8rste seriem\u00e5l for RBK.<\/p>\n<p>Da Godset ikke svarte, meldte like gjerne David Duris seg p\u00e5.<\/p>\n<p>   <img decoding=\"async\" width=\"5360\" height=\"3576\" fetchpriority=\"low\"  loading=\"lazy\"  src=\"https:\/\/www.europesays.com\/no\/wp-content\/uploads\/2025\/11\/NTB_FwxjOErzHtI.jpg\" alt=\"Trondheim, Norway 20251130. &#10;Eliteseriekampen i fotball mellom Rosenborg og Str\u00f8msgodset p\u00e5 Lerkendal stadion.&#10;Foto: Ole Martin Wold \/ NTB\" class=\"brick-c-cFOWSL\" style=\"--brick-image-ratio: 5360 \/ 3576;\"\/><\/p>\n<p>      Trondheim, Norway 20251130.<br \/>\nEliteseriekampen i fotball mellom Rosenborg og Str\u00f8msgodset p\u00e5 Lerkendal stadion.<br \/>\nFoto: Ole Martin Wold \/ NTB<br \/>\n      Foto: Ole Martin Wold\n    <\/p>\n<p>Med bare \u00e5tte minutter igjen til pause, tenkte Marko Farji at han skulle sl\u00e5 p\u00f8lsek\u00f8a p\u00e5 Lerkendal. Med en skuddfinte forsvant i hvert fall Godset-vingen inn p\u00e5 familietribunen, bestilte en hagle med ketsjup og en kaffe.<\/p>\n<p>Duris banket inn 2-0, med en vakker variant for \u00e5 feire sitt f\u00f8rste Lerkendal-m\u00e5l.<\/p>\n<p>Da kunne RBK-fansen finne fram kuleramma.<\/p>\n<p>Avsluttet med fest<\/p>\n<p>Og duoen Duris\/Nordli skulle begynne en liten internkamp om overskriftene.<\/p>\n<p>Ti minutter etter pause satte nemlig Duris inn sitt andre, etter forarbeid av nettopp Bolkan Nordli. F\u00f8r hedmarkingen selv bredsidet inn 4\u20130 etter timen \u2013 etter \u00e5 ha blitt satt opp av Emil Konradsen Ce\u00efde.<\/p>\n<p>Da kunne RBK ogs\u00e5 pustet ut \u2013 m\u00e5lforskjellen viste pluss igjen.<\/p>\n<p>Dino Islamovic var heller ikke ferdig for sesongen. En av banens beste spillere, Iver Fossum, chippet ballen inn i feltet mot sine gamle lagkamerater. Der stanget spissen inn sesongens 14. m\u00e5l.<\/p>\n<p>\u2013 Midtbanen har v\u00e6rt veldig artig \u00e5 se p\u00e5, oppsummerte Rotsekk-Opdal.<\/p>\n<p>Med Molde-tap og stortap for Fredrikstad, havnet plutselig RBK p\u00e5 sjuendeplass p\u00e5 tabellen i Eliteserien 2025. RBK havner derimot 14 poeng bak Brann p\u00e5 4. plass, 15 poeng bak Troms\u00f8 p\u00e5 3. plass og 29 poeng bak seriemester Viking.<\/p>\n<p>PS: Ogs\u00e5 i skandalesesongen 2023 avsluttet RBK sterkt \u2013 da med 5\u20131 borte mot nettopp Viking.<\/p>\n<p>   <img decoding=\"async\" width=\"4559\" height=\"3039\" fetchpriority=\"low\"  loading=\"lazy\"  src=\"https:\/\/www.europesays.com\/no\/wp-content\/uploads\/2025\/11\/NTB_D2mD_D09zkU_2.jpg\" alt=\"Trondheim, Norway 20251130. &#10;Rosenborgs Emil Konradsen Ceide og Simen Bolkan Nordli i Eliteseriekampen i fotball mellom Rosenborg og Str\u00f8msgodset p\u00e5 Lerkendal stadion.&#10;Foto: Ole Martin Wold \/ NTB\" class=\"brick-c-cFOWSL\" style=\"--brick-image-ratio: 4559 \/ 3039;\"\/><\/p>\n<p>      En av kampens store spillere: Simen Bolkan Nordli.<br \/>\n      Foto: Ole Martin Wold\n    <\/p>\n","protected":false},"excerpt":{"rendered":"RBK \u2013 Str\u00f8msgodset 6-0: \u2013 Det er fint \u00e5 gi publikum en god opplevelse helt til slutt etter&hellip;\n","protected":false},"author":2,"featured_media":100872,"comment_status":"","ping_status":"","sticky":false,"template":"","format":"standard","meta":{"footnotes":""},"categories":[59],"tags":[36,92,30,28,29,586,83,82,1510],"class_list":{"0":"post-100871","1":"post","2":"type-post","3":"status-publish","4":"format-standard","5":"has-post-thumbnail","7":"category-sport","8":"tag-art","9":"tag-fotball","10":"tag-no","11":"tag-norge","12":"tag-norway","13":"tag-rbk","14":"tag-sport","15":"tag-sports","16":"tag-story"},"share_on_mastodon":{"url":"https:\/\/pubeurope.com\/@no\/115640288302328637","error":""},"_links":{"self":[{"href":"https:\/\/www.europesays.com\/no\/wp-json\/wp\/v2\/posts\/100871","targetHints":{"allow":["GET"]}}],"collection":[{"href":"https:\/\/www.europesays.com\/no\/wp-json\/wp\/v2\/posts"}],"about":[{"href":"https:\/\/www.europesays.com\/no\/wp-json\/wp\/v2\/types\/post"}],"author":[{"embeddable":true,"href":"https:\/\/www.europesays.com\/no\/wp-json\/wp\/v2\/users\/2"}],"replies":[{"embeddable":true,"href":"https:\/\/www.europesays.com\/no\/wp-json\/wp\/v2\/comments?post=100871"}],"version-history":[{"count":0,"href":"https:\/\/www.europesays.com\/no\/wp-json\/wp\/v2\/posts\/100871\/revisions"}],"wp:featuredmedia":[{"embeddable":true,"href":"https:\/\/www.europesays.com\/no\/wp-json\/wp\/v2\/media\/100872"}],"wp:attachment":[{"href":"https:\/\/www.europesays.com\/no\/wp-json\/wp\/v2\/media?parent=100871"}],"wp:term":[{"taxonomy":"category","embeddable":true,"href":"https:\/\/www.europesays.com\/no\/wp-json\/wp\/v2\/categories?post=100871"},{"taxonomy":"post_tag","embeddable":true,"href":"https:\/\/www.europesays.com\/no\/wp-json\/wp\/v2\/tags?post=100871"}],"curies":[{"name":"wp","href":"https:\/\/api.w.org\/{rel}","templated":true}]}}