{"id":100904,"date":"2025-11-30T20:31:09","date_gmt":"2025-11-30T20:31:09","guid":{"rendered":"https:\/\/www.europesays.com\/no\/100904\/"},"modified":"2025-11-30T20:31:09","modified_gmt":"2025-11-30T20:31:09","slug":"jens-stoltenberg-har-gjemt-seg-det-blir-helt-stille-nrk-urix-utenriksnyheter-og-dokumentarer","status":"publish","type":"post","link":"https:\/\/www.europesays.com\/no\/100904\/","title":{"rendered":"\u00abJens Stoltenberg har gjemt seg. Det blir helt stille.\u00bb \u2013 NRK Urix \u2013 Utenriksnyheter og -dokumentarer"},"content":{"rendered":"<p>Det var dagen for toppm\u00f8tet mellom Norge og EU, etter at EU hadde tatt jerngrep p\u00e5 oss.<\/p>\n<p>Det l\u00e5 et hvitt lag over EUs hovedstad. Et hvitt lag p\u00e5 den enorme Berlaymont-bygningen, EUs legendariske storstue. Det er det huset du ofte ser p\u00e5 TV \u2013 med de 27 flaggene utenfor.<\/p>\n<p><strong>Ogs\u00e5 Norges hus i Brussel, som symbolsk ligger med utsikt rett mot Berlaymont-bygget, hadde et lag hvit slaps utenfor.<\/strong><\/p>\n<p>Kort vei til Ursula<\/p>\n<p>Her kan den norske EU-ambassad\u00f8ren hver dag se ut vinduet og rett bort p\u00e5 EU-makta. Kan han til og med skimte Ursula von der Leyen innenfor vinduene der borte noen ganger?<\/p>\n<p>Det var ikke Ikke mye sn\u00f8 denne dagen, det var ikke kaos. Men nok til \u00e5 minne Brussel om at den har et rikt land der nord. Som er intenst opptatt av ferrolegeringer.<\/p>\n<p><strong>Sn\u00f8en, eller andre skjulte eller \u00e5pne triks, hjalp overhodet ikke. <\/strong><\/p>\n<p>EU hadde bestemt seg. EUs kommiss\u00e6r sa, da vi stoppet ham i gangen at dette var et engangstilfelle. Men ikke en garanti mot noe mer.<\/p>\n<p>EU-tilhengeren Espen Barth Eide m\u00e5tte reise hjem med sin kanskje st\u00f8rste skuffelse noensinne.<\/p>\n<p>Avgj\u00f8relsen kommer<\/p>\n<p>Det begynte \u00e5 ta av en uke f\u00f8r.<\/p>\n<p>Da var Jens Stoltenberg i Brussel. Det var finansministerm\u00f8te, og Stoltenberg skulle ogs\u00e5 snakke ferrolegeringer.<\/p>\n<p><img decoding=\"async\"   src=\"data:image\/gif;base64,R0lGODlhAQABAIAAAAAAAP\/\/\/yH5BAEAAAAALAAAAAABAAEAAAIBRAA7\" loading=\"eager\" alt=\"To personer st\u00e5r og skaper en dialog utenfor en bygning. En journalist med mikrofon intervjuer en mann i dress. Flere personer st\u00e5r i bakgrunnen, noen sjekker telefonene sine. Bygningen har en moderne fasade og et skilt med navnet &quot;Ch\u00e2telain&quot;.\" title=\"Foto: Norges EU-delegasjon\"\/><\/p>\n<p class=\"\">P\u00e5 morgenen fikk vi intervju, s\u00e5 ville Stoltenberg gjemme seg<\/p>\n<p>Foto: Norges EU-delegasjon<\/p>\n<p>Men Norges Brussel-stjerne, han blir oppfattet som det her, skulle ogs\u00e5 snakke ferro med EU-ledelsen.<\/p>\n<p>Som vanlig er dette et n\u00f8ye planlagt bes\u00f8k. Norges EU-delegasjon sendte ut et langt program med Jens. Blant annet skulle han holde pressekonferanse \u2013 etter \u00e5 ha snakket om jern med EU.<\/p>\n<p><strong>Det er da det skjer. Bomben g\u00e5r.<\/strong><\/p>\n<p>Norge er utenfor<\/p>\n<p>Det blir kunngjort at EU-kommisjonen tar sitt jerngrep p\u00e5 Norge. Unionen innstiller p\u00e5 EUs beskyttelsestiltak og at jerntoll blir innf\u00f8rt.<\/p>\n<p><strong>Norge slipper ikke unna selv om vi er E\u00d8S-medlem. <\/strong><\/p>\n<p>Det skjer mens Brussel-stjernen Jens er i byen.<\/p>\n<p>Vi vet ikke helt hva som skjer, men det er da det skjer.<\/p>\n<p><strong>Jens Stoltenberg har gjemt seg. Det blir helt stille.<\/strong><\/p>\n<p>Han skulle hatt en pressekonferanse n\u00e5, den blir avlyst. Vi f\u00e5r beskjed om at n\u00e6ringsministeren i Oslo m\u00e5 kommentere fra norsk side. <\/p>\n<p>I Oslo? Mens Jens er her?<\/p>\n<p>Hvor er Jens?<\/p>\n<p>Jeg har en fortid som politisk journalist. Jeg har l\u00e6rt meg at et nei ikke er et nei. <\/p>\n<p>Fotograf Sidsel Avlund og jeg kommer oss ut fra Det norske hus. Ut av d\u00f8ra ser vi rett mot den jernlegerte makta, alts\u00e5 Berlaymont-bygningen.<\/p>\n<p>Vi forter oss ned til hovedd\u00f8ra til Kommisjonen, en automatisk dobbeltd\u00f8r med EU-flagget p\u00e5.<\/p>\n<p>Hver gang noen g\u00e5r inn, deler det bl\u00e5 flagget seg i to, de blir liksom slukt av EUs stjerneflagg.<\/p>\n<p>Etter en stund p\u00e5 direkten, ser jeg at Sidsel peker intenst. Det er Jens Stoltenberg som kommer ut av stjerned\u00f8ra Er han lett svimmel?<\/p>\n<p><img decoding=\"async\"   src=\"data:image\/gif;base64,R0lGODlhAQABAIAAAAAAAP\/\/\/yH5BAEAAAAALAAAAAABAAEAAAIBRAA7\" loading=\"eager\" alt=\"En utend\u00f8rs scene i Brussel viser en journalist som rapporterer fra EUs bygning. Flere personer, inkludert diplomater og sikkerhetspersonell, beveger seg i bakgrunnen. Journalisten holder en mikrofon og snur seg mot kameraet. Det er en gr\u00e5 og overskyet dag, og bygningen har moderne arkitektur.\" title=\"Foto: Sidsel Avlund \/ NRK\"\/><\/p>\n<p class=\"\">P\u00e5 vei for \u00e5 f\u00e5 svar fra Stoltenberg<\/p>\n<p>Foto: Sidsel Avlund \/ NRK<\/p>\n<p>Han pr\u00f8ver \u00e5 skj\u00e6re mot h\u00f8yre for \u00e5 unng\u00e5 oss.<\/p>\n<p>Fanget p\u00e5 kamera<\/p>\n<p>Vi g\u00e5r s\u00e5 fort vi kan. Jens m\u00e5 stoppe \u2013 og gir sine f\u00f8rste kommentarer p\u00e5 at: <\/p>\n<p><strong>Jo, han er skuffet<\/strong><\/p>\n<p><img decoding=\"async\"   src=\"data:image\/gif;base64,R0lGODlhAQABAIAAAAAAAP\/\/\/yH5BAEAAAAALAAAAAABAAEAAAIBRAA7\" loading=\"eager\" alt=\"Tre personer er avbildet utenfor en bygning i Brussel. En mann i m\u00f8rk dress samtaler med en kvinne if\u00f8rt m\u00f8rke kl\u00e6r. Over dem er en tekstboks med informasjon om EUs jern-toll og trusselen mot norske arbeidsplasser. Bakgrunnen viser arkitektur fra kontorbygninger.\" title=\"Foto: Sidsel Avlund \/ NRK\"\/><\/p>\n<p class=\"\">Stoltenberg skulle egentlig ikke snakke med pressen om tapet<\/p>\n<p>Foto: Sidsel Avlund \/ NRK<\/p>\n<p>For det er en lobbykampanje av dimensjoner som er f\u00f8rt. Norge har pr\u00f8vd \u00e5 p\u00e5virke samtlige EU-land til \u00e5 la Norge slippe tollen. <\/p>\n<p>Samtlige.<\/p>\n<p>Jeg lurer p\u00e5 hva representantene fra Kypros og Malta tenkte da Norge har banket p\u00e5 d\u00f8ra. Skj\u00f8nte de hva ferrolegeringer er for noe? Dette er to land som ikke engang lager ferrolegeringer selv.<\/p>\n<p><img decoding=\"async\"   src=\"data:image\/gif;base64,R0lGODlhAQABAIAAAAAAAP\/\/\/yH5BAEAAAAALAAAAAABAAEAAAIBRAA7\" loading=\"eager\" alt=\"Flere personer med hodetelefoner sitter ved et bord, if\u00f8rt formelle kl\u00e6r. En av dem holder et norsk flagg. Det er flere vannflasker synlige i forkant av bildet. Omgivelsene ser ut til \u00e5 v\u00e6re en konferanserom med naturlig lys.\" title=\"Foto: Norges EU-delegasjon\"\/><\/p>\n<p class=\"\">Flere m\u00f8ter over to dager i Brussel<\/p>\n<p>Foto: Norges EU-delegasjon<\/p>\n<p>For Norge har kj\u00f8rt toppet lag, en f\u00f8rsteellever: En angrepsrekke med Jens Stoltenberg, Jonas Gahr St\u00f8re, Espen Barth Eide. Den h\u00f8sten Norge skulle kvalifisere seg til Fotball-VM, pr\u00f8vde Norge ogs\u00e5 \u00e5 kvalifisere seg til EM \u2013 i politikk.<\/p>\n<p>Sett fra Brussel<\/p>\n<p>\u2013 Hvordan tror du det hadde sett ut hvis Sverige hadde presset det norske Stortinget i Oslo til en avgj\u00f8relse. Tatt kontakt med alle de norske stortingsrepresentantene?<\/p>\n<p>Det sa en svenske om jernsaken. Jeg skj\u00f8nte ikke helt hva han mente.<\/p>\n<p>Men det er slik det har sett ut fra Brussel: De 27 EU- medlemmene skulle avgj\u00f8re en EU-sak om jern.<\/p>\n<p><strong>Utenfra rullet et land, ikke-medlemmet Norge, ut kanonene, for \u00e5 endre flertallet. I en demokratisk avgj\u00f8relse der Norge ikke er med.<\/strong><\/p>\n<p>Motsatt hensikt?<\/p>\n<p>Det sies at Emmanuel Macron p\u00e5 et tidspunkt ble irritert da Jonas Gahr St\u00f8re igjen tok opp ferroen. Den samme Jonas som ikke engang kj\u00f8pt de franske fregattene.<\/p>\n<p><strong>Frankrike endte med \u00e5 stemme for toll \u2013 og imot Norge.<\/strong><\/p>\n<p>Det er godt ikke Norge vant tollstriden, sier flere. Det kunne gitt oss et helvete i Brussel i lang tid framover.<\/p>\n<p>Det handler ogs\u00e5 om enkeltpersoner i politikk.<\/p>\n<p>Norgesvenn ble borte<\/p>\n<p>Maro\u0161 \u0160ef\u010dovi\u010d er EUs handelskommiss\u00e6r og er den som har kj\u00f8rt fram jerntollen p\u00e5 vegne av EU.<\/p>\n<p>Han er ogs\u00e5 den som i mange \u00e5r har hatt den formelle kontakten med Norge gjennom EU-E\u00d8S-samarbeidet.<\/p>\n<p><strong>Maro\u0161 \u0160ef\u010dovi\u010d<\/strong><strong> har blitt sett p\u00e5 som en norgesvenn i Brussel. En som skj\u00f8nte Norges behov, en vi kunne gj\u00f8re business med.<\/strong><\/p>\n<p><img decoding=\"async\"   src=\"data:image\/gif;base64,R0lGODlhAQABAIAAAAAAAP\/\/\/yH5BAEAAAAALAAAAAABAAEAAAIBRAA7\" loading=\"eager\" alt=\"To personer st\u00e5r ansikt til ansikt og h\u00e5ndhilser. Den ene personen har p\u00e5 seg en m\u00f8rk dress og slips, mens den andre har en rutete dress med hvit skjorte. Bakgrunnen viser det europeiske flagget, og det er en telefon og en d\u00f8r p\u00e5 h\u00f8yre side av bildet. Settingen virker \u00e5 v\u00e6re et kontor eller en konferanserom.\" title=\"Foto: Norges EU-delegasjon\"\/><\/p>\n<p class=\"\">Norgesvennen Sefcovic f\u00f8r m\u00f8tet med Stoltenberg \u2013 der Stoltenberg f\u00e5r vite at l\u00f8pet er kj\u00f8rt<\/p>\n<p>Foto: Norges EU-delegasjon<\/p>\n<p><strong>\u0160ef\u010dovi\u010d<\/strong> <strong>er fra Slovakia. Han smiler bredt, og er ofte solbrun fra reiser i S\u00f8r-Europa. Han snakker h\u00f8yt, har ofte fargesterke slips og rutete dress.<\/strong><\/p>\n<p>Han kunne v\u00e6rt med i en rolle i Sopranos, har jeg tenkt. Ogs\u00e5 fordi han har en engelsk aksent h\u00f8res litt italiensk-engelsk ut.<\/p>\n<p>Alts\u00e5 ikke for \u00e5 v\u00e6re stygg med \u0160ef\u010dovi\u010d, han har gjort en proff jobb i Brussel i en \u00e5rrekke. Men hele hans framtoning minner om Sopranos \u2013 serien om mafiaen i New York.<\/p>\n<p>Der ulike akt\u00f8rer i New Yorks underverden gj\u00f8r dealer som er mer eller mindre offisielle.<\/p>\n<p>Norge har kunnet deale med \u0160ef\u010dovi\u010d \u2013 helt til n\u00e5.<\/p>\n<p><strong>For alts\u00e5: \u0160ef\u010dovi\u010d er fra Slovakia \u2013 og da handlet det hele om at blod ble tykkere enn vann, <\/strong><\/p>\n<p>Det er her familien, eller La Familia, slo inn. <\/p>\n<p>Slovakia er nemlig en stor produsent av ferrolegeringer.<\/p>\n<p><strong>Norgesvennen \u0160ef\u010dovi\u010d var ikke lenger norgesvenn. Han kjempet for jerntoll \u2013 mot Norge.<\/strong><\/p>\n<p>Jens Stoltenberg en stor fan av Sopranos, har han fortalt.<\/p>\n<p><strong>Rett f\u00f8r avgj\u00f8relsen m\u00f8tte han \u0160ef\u010dovi\u010d, og fikk beskjed om at denne gangen kommer ikke Norge til EM i politikk, selv om vi mente vi var kvalifisert.<\/strong><\/p>\n<p>Kanskje s\u00e5 Jens det ogs\u00e5 slik. Var det vennen \u0160ef\u010dovi\u010d som sviktet ham, slik det ogs\u00e5 plutselig kunne skje i en Sopranos-episode?<\/p>\n<p>Kanskje var det derfor Jens Stoltenberg gjemte seg denne novemberdagen i Brussel?<\/p>\n<p>Publisert<\/p>\n<p>30.11.2025, kl. 21.00<\/p>\n","protected":false},"excerpt":{"rendered":"Det var dagen for toppm\u00f8tet mellom Norge og EU, etter at EU hadde tatt jerngrep p\u00e5 oss. Det&hellip;\n","protected":false},"author":2,"featured_media":100905,"comment_status":"","ping_status":"","sticky":false,"template":"","format":"standard","meta":{"footnotes":""},"categories":[10],"tags":[20,21,24,25,15,22,23,13,30,28,29,14,16,26,27],"class_list":{"0":"post-100904","1":"post","2":"type-post","3":"status-publish","4":"format-standard","5":"has-post-thumbnail","7":"category-norge","8":"tag-breaking-news","9":"tag-breakingnews","10":"tag-featured-news","11":"tag-featurednews","12":"tag-headlines","13":"tag-latest-news","14":"tag-latestnews","15":"tag-news","16":"tag-no","17":"tag-norge","18":"tag-norway","19":"tag-nyheter","20":"tag-overskrifter","21":"tag-top-stories","22":"tag-topstories"},"share_on_mastodon":{"url":"https:\/\/pubeurope.com\/@no\/115640551679348747","error":""},"_links":{"self":[{"href":"https:\/\/www.europesays.com\/no\/wp-json\/wp\/v2\/posts\/100904","targetHints":{"allow":["GET"]}}],"collection":[{"href":"https:\/\/www.europesays.com\/no\/wp-json\/wp\/v2\/posts"}],"about":[{"href":"https:\/\/www.europesays.com\/no\/wp-json\/wp\/v2\/types\/post"}],"author":[{"embeddable":true,"href":"https:\/\/www.europesays.com\/no\/wp-json\/wp\/v2\/users\/2"}],"replies":[{"embeddable":true,"href":"https:\/\/www.europesays.com\/no\/wp-json\/wp\/v2\/comments?post=100904"}],"version-history":[{"count":0,"href":"https:\/\/www.europesays.com\/no\/wp-json\/wp\/v2\/posts\/100904\/revisions"}],"wp:featuredmedia":[{"embeddable":true,"href":"https:\/\/www.europesays.com\/no\/wp-json\/wp\/v2\/media\/100905"}],"wp:attachment":[{"href":"https:\/\/www.europesays.com\/no\/wp-json\/wp\/v2\/media?parent=100904"}],"wp:term":[{"taxonomy":"category","embeddable":true,"href":"https:\/\/www.europesays.com\/no\/wp-json\/wp\/v2\/categories?post=100904"},{"taxonomy":"post_tag","embeddable":true,"href":"https:\/\/www.europesays.com\/no\/wp-json\/wp\/v2\/tags?post=100904"}],"curies":[{"name":"wp","href":"https:\/\/api.w.org\/{rel}","templated":true}]}}