{"id":100912,"date":"2025-11-30T20:39:09","date_gmt":"2025-11-30T20:39:09","guid":{"rendered":"https:\/\/www.europesays.com\/no\/100912\/"},"modified":"2025-11-30T20:39:09","modified_gmt":"2025-11-30T20:39:09","slug":"kom-ikke-hjem-etter-treningstur","status":"publish","type":"post","link":"https:\/\/www.europesays.com\/no\/100912\/","title":{"rendered":"kom ikke hjem etter treningstur"},"content":{"rendered":"\n<p class=\"_lead_o9xde_2 _lead_xtcu6_50 layout-component text-serif-m layout-normal text-serif-l layout-component layout-wide layout-padded _wide_17hqh_1 layout-padded\">Det p\u00e5g\u00e5r en stor leteaksjon i Telemark. <\/p>\n<p>Aktiver kart<\/p>\n<ul aria-hidden=\"true\" class=\"_images_1uft6_111\">\n<li><a class=\"_link_1uft6_116\" href=\"https:\/\/www.vg.no\/forfatter\/signe-rosenlund-hauglid\" style=\"z-index:1\" title=\"Signe Rosenlund-Hauglid\" rel=\"nofollow noopener\" target=\"_blank\"><img alt=\"Bilde av Signe Rosenlund-Hauglid\" class=\"_image_1uft6_93\" fetchpriority=\"low\" loading=\"lazy\" decoding=\"async\" itemprop=\"image\"  src=\"https:\/\/www.europesays.com\/no\/wp-content\/uploads\/2025\/11\/1764535149_400_65e9df60-b046-4add-b7dd-10f1cf4fbd21\"  width=\"480\"\/><\/a><\/li>\n<\/ul>\n<p> Oppdatert s\u00f8ndag 30. november kl. 19:14     <\/p>\n<p class=\"_paragraph_o9xde_4 _paragraph_xtcu6_10 layout-component text-serif-m layout-normal text-serif-m layout-padded\">Kvinnen dro ut p\u00e5 en treningstur l\u00f8rdag, og ble meldt savnet da hun uteble fra en avtale s\u00f8ndag, opplyser operasjonsleder Espen Reite i S\u00f8r-\u00d8st politidistrikt til VG. <\/p>\n<p class=\"_paragraph_o9xde_4 _paragraph_xtcu6_10 layout-component text-serif-m layout-normal text-serif-m layout-padded\">Politiet har lokalisert kvinnens bil i et naturomr\u00e5de. <\/p>\n<p class=\"_paragraph_o9xde_4 _paragraph_xtcu6_10 layout-component text-serif-m layout-normal text-serif-m layout-padded\">\u2013 Vi har indikasjoner p\u00e5 at hun har trent i dette omr\u00e5det tidligere, sier Reite. <\/p>\n<p class=\"_paragraph_o9xde_4 _paragraph_xtcu6_10 layout-component text-serif-m layout-normal text-serif-m layout-padded\">Leteaksjonen har p\u00e5g\u00e5tt for fullt s\u00f8ndag. Organiserte frivillige s\u00f8ksmannskap tilknyttet FORF (frivillige organisasjoners redningsfaglige forum) deltar i s\u00f8ket. <\/p>\n<p class=\"_paragraph_o9xde_4 _paragraph_xtcu6_10 layout-component text-serif-m layout-normal text-serif-m layout-padded\">Ved 17.30-tiden skrev politiet at et redningshelikopter har foretatt grove s\u00f8k i omr\u00e5det, men m\u00e5tte avbryte p\u00e5 grunn av reduksjon i sikt. <\/p>\n<p class=\"_paragraph_o9xde_4 _paragraph_xtcu6_10 layout-component text-serif-m layout-normal text-serif-m layout-padded\">\u2013 Det er krevende forhold og v\u00e6r i s\u00f8ksomr\u00e5det, men vi jobber med s\u00f8k p\u00e5 bakken, sier Reite. <\/p>\n<p class=\"_paragraph_o9xde_4 _paragraph_xtcu6_10 layout-component text-serif-m layout-normal text-serif-m layout-padded\">S\u00f8kslag tilknyttet Norsk Alpin redningsgruppe (NARG) er kalt ut. <\/p>\n<p class=\"_paragraph_o9xde_4 _paragraph_xtcu6_10 layout-component text-serif-m layout-normal text-serif-m layout-padded\">Kvinnen ble sist observert utenfor sin bolig klokken 10.20 l\u00f8rdag. <\/p>\n","protected":false},"excerpt":{"rendered":"Det p\u00e5g\u00e5r en stor leteaksjon i Telemark. Aktiver kart Oppdatert s\u00f8ndag 30. november kl. 19:14 Kvinnen dro ut&hellip;\n","protected":false},"author":2,"featured_media":100913,"comment_status":"","ping_status":"","sticky":false,"template":"","format":"standard","meta":{"footnotes":""},"categories":[5],"tags":[20,21,24,25,469,15,19,22,23,17,18,13,30,28,29,14,16,468,34,3201,992,26,27],"class_list":{"0":"post-100912","1":"post","2":"type-post","3":"status-publish","4":"format-standard","5":"has-post-thumbnail","7":"category-overskrifter","8":"tag-breaking-news","9":"tag-breakingnews","10":"tag-featured-news","11":"tag-featurednews","12":"tag-frivillige","13":"tag-headlines","14":"tag-hovedoppslag","15":"tag-latest-news","16":"tag-latestnews","17":"tag-main-news","18":"tag-mainnews","19":"tag-news","20":"tag-no","21":"tag-norge","22":"tag-norway","23":"tag-nyheter","24":"tag-overskrifter","25":"tag-politiet","26":"tag-redningshelikopter","27":"tag-sor-ost-politidistrikt","28":"tag-telemark","29":"tag-top-stories","30":"tag-topstories"},"share_on_mastodon":{"url":"https:\/\/pubeurope.com\/@no\/115640583151935585","error":""},"_links":{"self":[{"href":"https:\/\/www.europesays.com\/no\/wp-json\/wp\/v2\/posts\/100912","targetHints":{"allow":["GET"]}}],"collection":[{"href":"https:\/\/www.europesays.com\/no\/wp-json\/wp\/v2\/posts"}],"about":[{"href":"https:\/\/www.europesays.com\/no\/wp-json\/wp\/v2\/types\/post"}],"author":[{"embeddable":true,"href":"https:\/\/www.europesays.com\/no\/wp-json\/wp\/v2\/users\/2"}],"replies":[{"embeddable":true,"href":"https:\/\/www.europesays.com\/no\/wp-json\/wp\/v2\/comments?post=100912"}],"version-history":[{"count":0,"href":"https:\/\/www.europesays.com\/no\/wp-json\/wp\/v2\/posts\/100912\/revisions"}],"wp:featuredmedia":[{"embeddable":true,"href":"https:\/\/www.europesays.com\/no\/wp-json\/wp\/v2\/media\/100913"}],"wp:attachment":[{"href":"https:\/\/www.europesays.com\/no\/wp-json\/wp\/v2\/media?parent=100912"}],"wp:term":[{"taxonomy":"category","embeddable":true,"href":"https:\/\/www.europesays.com\/no\/wp-json\/wp\/v2\/categories?post=100912"},{"taxonomy":"post_tag","embeddable":true,"href":"https:\/\/www.europesays.com\/no\/wp-json\/wp\/v2\/tags?post=100912"}],"curies":[{"name":"wp","href":"https:\/\/api.w.org\/{rel}","templated":true}]}}