{"id":100914,"date":"2025-11-30T20:40:27","date_gmt":"2025-11-30T20:40:27","guid":{"rendered":"https:\/\/www.europesays.com\/no\/100914\/"},"modified":"2025-11-30T20:40:27","modified_gmt":"2025-11-30T20:40:27","slug":"skistad-vant-ruka-sprinten-for-forste-gang","status":"publish","type":"post","link":"https:\/\/www.europesays.com\/no\/100914\/","title":{"rendered":"Skistad vant Ruka-sprinten for f\u00f8rste gang"},"content":{"rendered":"<p>  Kristine Stav\u00e5s Skistad (26) knallet til og ble klar vinner av den klassiske langrennssprinten i finske Ruka.<\/p>\n<p>\n    Kristine Stav\u00e5s Skistad avbildet etter semifinalen i l\u00f8rdagens sprintrenn i Ruka. Foto: Terje Pedersen \/ NTB\n  <\/p>\n<p>Hun var i m\u00e5l foran Sverige-trioen Jonna Sundling, Maja Dahlqvist og Johanna Hagstr\u00f6m. Skistad hadde full kontroll og tok sin tolvte verdenscupseier, men den f\u00f8rste i en \u00e5pningshelg i Finland.<\/p>\n<p>\u2013 Det var p\u00e5 tide. Jeg skj\u00f8nte etter hvert at jeg hadde kontroll, men man vet jo aldri, sa Skistad til Viaplay da hun ble konfrontert med at det var hennes f\u00f8rste internasjonale triumf p\u00e5 lenge.<\/p>\n<p>Konnerud-l\u00f8peren gleder seg over at formen er s\u00e5 bra allerede n\u00e5.<\/p>\n<p>\u2013 Jeg pleier \u00e5 v\u00e6re ganske treg i starten, s\u00e5 det lover nok godt. Det er bare \u00e5 fortsette s\u00e5nn.<\/p>\n<p>        RONALDO: En vanvittig scoring og en passende feiring. Sjekk denne fra Cristiano Ronaldo. Video: SPL \/ Ljosland, Dagbladet TV-sporten<\/p>\n<p>Underveis i rennet var det sm\u00e5ampert mellom Skistad og den svenske leiren. Det fortsatte ogs\u00e5 etter m\u00e5lgang.<\/p>\n<p>\u2013 Jeg skal kose meg. Det ble litt knuffing med Sverige, s\u00e5 det var viktig \u00e5 ta Maja i dag etter noen meldinger i forkant. Jeg tror ikke hun ble s\u00e5 blid, sa Skistad.<\/p>\n<p>Disket\t<\/p>\n<p>Det ble svensk drama i kvartfinalen. Emma Ribom trodde hun hadde g\u00e5tt inn til heatseier foran Skistad, men ble senere disket. \u00c5rsaken var at hun fikk sitt andre gule kort for sesongen etter noen ulovlige sk\u00f8ytetak.<\/p>\n<p>\u2013 Jeg m\u00e5 akseptere situasjonen, men det er utrolig kjedelig. Det f\u00f8les som om jeg hadde mye mer \u00e5 gi i dag, sa Ribom til Viaplay.<\/p>\n<p>    <a itemprop=\"url\" href=\"https:\/\/sol.no\/nyheter\/johannes-hosflot-klaebo-slo-tilbake\/83916823\" rel=\"nofollow noopener\" target=\"_blank\"><\/p>\n<p>      <img loading=\"lazy\" decoding=\"async\" src=\"https:\/\/www.europesays.com\/no\/wp-content\/uploads\/2025\/11\/83916828.webp\" width=\"147\" height=\"98\" title=\"Johannes H\u00f8sflot Kl\u00e6bo slo tilbake\" alt=\"\" class=\"lazyload\" style=\"--aspect-ratio-image: 1.50; \"\/><\/p>\n<p>        Johannes H\u00f8sflot Kl\u00e6bo slo tilbake<\/p>\n<p>sol.no<\/p>\n<p>    <\/a><\/p>\n<p>I et semifinaleheat med tre svensker satte Skistad bestetid, mens Ane Appelkvist Stenseth og Mathilde Myhrvold r\u00f8k ut i det andre. Hedda Bakkemo forsvant ut i f\u00f8rste utslagsrunde.<\/p>\n<p>Weng-fiasko\t<\/p>\n<p>Tidligere p\u00e5 dagen skuffet b\u00e5de Lotta og Tiril Udnes Weng stort i prologen. Tvillingene endte p\u00e5 41.- og 50.-plass.<\/p>\n<p>\u2013 Jeg ryker ut for tredje \u00e5r p\u00e5 rad, og det er flaut egentlig. Jeg skj\u00f8nner nesten ikke hvorfor jeg gidder \u00e5 reise hit, sa Lotta Udnes Weng til Viaplay etter fiaskoen.<\/p>\n<p>Myhrvold hadde kun fjor\u00e5rsvinner Johanna Hagstr\u00f6m foran seg i kvalifiseringen.<\/p>\n","protected":false},"excerpt":{"rendered":"Kristine Stav\u00e5s Skistad (26) knallet til og ble klar vinner av den klassiske langrennssprinten i finske Ruka. Kristine&hellip;\n","protected":false},"author":2,"featured_media":100915,"comment_status":"","ping_status":"","sticky":false,"template":"","format":"standard","meta":{"footnotes":""},"categories":[59],"tags":[794,398,30,28,29,14,83,82,399],"class_list":{"0":"post-100914","1":"post","2":"type-post","3":"status-publish","4":"format-standard","5":"has-post-thumbnail","7":"category-sport","8":"tag-kristine-stavas-skistad","9":"tag-langrenn","10":"tag-no","11":"tag-norge","12":"tag-norway","13":"tag-nyheter","14":"tag-sport","15":"tag-sports","16":"tag-vintersport"},"share_on_mastodon":{"url":"https:\/\/pubeurope.com\/@no\/115640587291063921","error":""},"_links":{"self":[{"href":"https:\/\/www.europesays.com\/no\/wp-json\/wp\/v2\/posts\/100914","targetHints":{"allow":["GET"]}}],"collection":[{"href":"https:\/\/www.europesays.com\/no\/wp-json\/wp\/v2\/posts"}],"about":[{"href":"https:\/\/www.europesays.com\/no\/wp-json\/wp\/v2\/types\/post"}],"author":[{"embeddable":true,"href":"https:\/\/www.europesays.com\/no\/wp-json\/wp\/v2\/users\/2"}],"replies":[{"embeddable":true,"href":"https:\/\/www.europesays.com\/no\/wp-json\/wp\/v2\/comments?post=100914"}],"version-history":[{"count":0,"href":"https:\/\/www.europesays.com\/no\/wp-json\/wp\/v2\/posts\/100914\/revisions"}],"wp:featuredmedia":[{"embeddable":true,"href":"https:\/\/www.europesays.com\/no\/wp-json\/wp\/v2\/media\/100915"}],"wp:attachment":[{"href":"https:\/\/www.europesays.com\/no\/wp-json\/wp\/v2\/media?parent=100914"}],"wp:term":[{"taxonomy":"category","embeddable":true,"href":"https:\/\/www.europesays.com\/no\/wp-json\/wp\/v2\/categories?post=100914"},{"taxonomy":"post_tag","embeddable":true,"href":"https:\/\/www.europesays.com\/no\/wp-json\/wp\/v2\/tags?post=100914"}],"curies":[{"name":"wp","href":"https:\/\/api.w.org\/{rel}","templated":true}]}}