{"id":100916,"date":"2025-11-30T20:41:13","date_gmt":"2025-11-30T20:41:13","guid":{"rendered":"https:\/\/www.europesays.com\/no\/100916\/"},"modified":"2025-11-30T20:41:13","modified_gmt":"2025-11-30T20:41:13","slug":"merete-mork-lingjaerde-tv-motte-mannen-pa-tinder-flyttet-inn-etter-to-dager","status":"publish","type":"post","link":"https:\/\/www.europesays.com\/no\/100916\/","title":{"rendered":"Merete M\u00f8rk Lingj\u00e6rde, Tv | M\u00f8tte mannen p\u00e5 Tinder: Flyttet inn etter to dager"},"content":{"rendered":"\n<p>(<a href=\"https:\/\/www.nettavisen.no\/kjendis\/merete-mork-lingjarde-motte-mannen-pa-tinder-klissete-forelsket\/s\/5-95-2744415\" rel=\"Follow nofollow noopener\" target=\"_blank\">Nettavisen<\/a>): I disse dager snakker <a href=\"https:\/\/www.nettavisen.no\/kjendis\/merete-lingjarde-forsvarer-morten-hegseth-han-elsker-skal-vi-danse\/s\/5-95-2594257\" rel=\"Follow nofollow noopener\" target=\"_blank\">Merete M\u00f8rk Lingj\u00e6rde (63)<\/a> rett fra levra som dommer i \u00abSkal vi danse\u00bb, men i et nytt intervju viser hun en mykere side av seg selv.<\/p>\n<p>For fem \u00e5r siden fant hun kj\u00e6rligheten p\u00e5 ny med Anders Lingj\u00e6rde M\u00f8rk (60), og hun falt s\u00e5 pladask at de to ble samboere etter bare noen dager.<\/p>\n<p>   <img decoding=\"async\" width=\"1600\" height=\"900\" fetchpriority=\"low\"  loading=\"lazy\"  src=\"https:\/\/www.europesays.com\/no\/wp-content\/uploads\/2025\/11\/Merete+Mrk+Lingjrde.bin\" alt=\"\" class=\"brick-c-cFOWSL\" style=\"--brick-image-ratio: 1600 \/ 900;\"\/><\/p>\n<p>      Merete M\u00f8rk Lingj\u00e6rde og ektemannen Anders<br \/>\n      Foto: Skjermbilde: @meretelingjaerde (Instagram)\n    <\/p>\n<p>I intervjuet med ukebladet <a href=\"https:\/\/www.klikk.no\/underholdning\/merete-mork-lingjaerde-og-mannen-flyttet-sammen-etter-2-dager-7572940\" rel=\"Follow nofollow noopener\" target=\"_blank\">Her og N\u00e5<\/a> letter hun p\u00e5 sl\u00f8ret om kj\u00e6rligheten og livet p\u00e5 hjemmebane.<\/p>\n<p>\u2013 Klissete forelsket<\/p>\n<p>Under pandemien traff paret hverandre p\u00e5 Tinder, og det tok ikke lang tid f\u00f8r det virkelig klaffet mellom dem.<\/p>\n<p>Til Her og N\u00e5 avsl\u00f8rer ogs\u00e5 63-\u00e5ringen at det bare tok to dager f\u00f8r de bestemte seg for \u00e5 flytte sammen.<\/p>\n<p>Etter fem \u00e5r som kj\u00e6rester og fire \u00e5r som ektepar, er M\u00f8rk Lingj\u00e6rde mer forelsket enn noensinne:<\/p>\n<p>\u2013 Vi er klissete forelsket! Vi er s\u00e5 samstemte, og det blir bare bedre og bedre. Alle skulle hatt en Anders i livet, sier hun.<\/p>\n<p>Merete M\u00f8rk Lingj\u00e6rde har ikke besvart Nettavisens henvendelser. <\/p>\n<p>At de traff hverandre litt senere i livet har gjort at forholdet deres ble enda sterkere, if\u00f8lge \u00abSkal vi danse\u00bb-dommeren. Hun mener tidspunktet var helt riktig, og at de begge visste mer hva de \u00f8nsket i et nytt forhold.<\/p>\n<p>\u2013 Da vet man innmari godt hva man har savnet, og hva man \u00f8nsker i et forhold. Vi hadde en \u00e5penhet til \u00e5 l\u00e6re nye ting og se hverandre med nye \u00f8yne. Vi traff blink og opplevde sterk kj\u00e6rlighet, sier hun, og fortsetter:<\/p>\n<p>\u2013 Det er det nok mange som tenker at man kanskje ikke gj\u00f8r, men det blir en ekstra dynamikk n\u00e5r det treffer i voksen alder. Og s\u00e5 gj\u00f8r vi alt for \u00e5 ta vare p\u00e5 hverandre, og pleie forholdet.<\/p>\n<p>Tenkte tidlig p\u00e5 ekteskap<\/p>\n<p>Paret giftet seg i Asker kirke i 2021, nesten ett \u00e5r etter at de forlovet seg.<\/p>\n<p>Til <a href=\"https:\/\/www.kk.no\/livet\/etter-bare-to-uker-begynte-vi-a-snakke-om-a-gifte-oss\/73446577\" rel=\"Follow nofollow noopener\" target=\"_blank\">KK<\/a> har paret tidligere uttalt at de begynte \u00e5 tenke p\u00e5 ekteskap bare to uker inn i forholdet. Frieriet skjedde p\u00e5 hytta i Norefjell i oktober 2020:<\/p>\n<p>\u2013 Jeg fridde under stjernehimmelen, med utsikt utover dalen. Det var veldig romantisk og Merete sa ja med en gang, fortalte Anders M\u00f8rk Lingj\u00e6rde den gang.<\/p>\n<p>  <a href=\"https:\/\/www.budstikka.no\/5-55-2062119\" class=\"related-teaser has-image default-story-teaser article--c-eRUmMG article--c-eRUmMG-jKCPdD-design-default\" rel=\"nofollow noopener\" target=\"_blank\"><\/p>\n<p>    <img decoding=\"async\" loading=\"lazy\"  src=\"https:\/\/www.europesays.com\/no\/wp-content\/uploads\/2025\/11\/Tiril+Eckhoff++5555.jpg\" alt=\"\" class=\"brick-c-cFOWSL\" style=\"\"\/><\/p>\n<p>\n            Les ogs\u00e5<\/p>\n<p>              Skal v\u00e6re med i \u00abSkal vi danse\u00bb\n        <\/p>\n<p>  <\/a><br \/>\n  Enorm st\u00f8tte<\/p>\n<p>Hver l\u00f8rdag kveld har M\u00f8rk Lingj\u00e6rde sittet i dommerstolen p\u00e5 Fornebu og bed\u00f8mt kjendisdeltakerne i \u00abSkal vi danse\u00bb.<\/p>\n<p>Ogs\u00e5 i jobben som \u00abSkal vi danse\u00bb-dommer f\u00e5r hun stor st\u00f8tte av ektemannen.<\/p>\n<p>   <img decoding=\"async\" width=\"8192\" height=\"5464\" fetchpriority=\"low\"  loading=\"lazy\"  src=\"https:\/\/www.europesays.com\/no\/wp-content\/uploads\/2025\/11\/MERETE+LINGJ%C3%86RDE-080.jpg\" alt=\"\" class=\"brick-c-cFOWSL\" style=\"--brick-image-ratio: 8192 \/ 5464;\"\/><\/p>\n<p>      \u00abSkal vi danse\u00bb-dommer og danseprofessor Merete M\u00f8rk Lingjerde kommer fra Asker.<br \/>\n      Foto: KNUT BJERKE\n    <\/p>\n<p>Hun legger ikke skjul p\u00e5 at hun kan bli litt mer krevende n\u00e5r hun trer inn i \u00abSkal vi danse\u00bb-perioden, og beskriver seg selv som \u00abegosentrisk\u00bb under denne tiden.<\/p>\n<p>\u2013 Det blir mye gn\u00e5l om hvilke kjoler jeg skal ha, hva jeg ikke ser bra ut i, og hva jeg skal gj\u00f8re med h\u00e5ret. Men da er han alltid der, som en ekstra ryggrad. Den st\u00f8tten er helt fantastisk. Hvis det er noe jeg er misforn\u00f8yd med, s\u00e5 sier han at det er bra likevel, sier hun til Her og N\u00e5.<\/p>\n<p>  <a href=\"https:\/\/www.budstikka.no\/5-55-1832135\" class=\"related-teaser has-image default-story-teaser article--c-eRUmMG article--c-eRUmMG-jKCPdD-design-default\" rel=\"nofollow noopener\" target=\"_blank\"><\/p>\n<p>    <img decoding=\"async\" loading=\"lazy\"  src=\"https:\/\/www.europesays.com\/no\/wp-content\/uploads\/2025\/11\/MERETE+LINGJ%C3%86RDE-074_1.jpg\" alt=\"\" class=\"brick-c-cFOWSL\" style=\"\"\/><\/p>\n<p>\n            Les ogs\u00e5<\/p>\n<p>              Merete fra Asker i ny NRK-serie: \u2013 Jeg er litt frekk\n        <\/p>\n<p>  <\/a><\/p>\n","protected":false},"excerpt":{"rendered":"(Nettavisen): I disse dager snakker Merete M\u00f8rk Lingj\u00e6rde (63) rett fra levra som dommer i \u00abSkal vi danse\u00bb,&hellip;\n","protected":false},"author":2,"featured_media":100917,"comment_status":"","ping_status":"","sticky":false,"template":"","format":"standard","meta":{"footnotes":""},"categories":[58],"tags":[36,996,12833,71,925,8084,30,28,29,1510,207,72],"class_list":{"0":"post-100916","1":"post","2":"type-post","3":"status-publish","4":"format-standard","5":"has-post-thumbnail","7":"category-underholdning","8":"tag-art","9":"tag-asker","10":"tag-asker-kirke","11":"tag-entertainment","12":"tag-fornebu","13":"tag-merete-mork-lingjaerde","14":"tag-no","15":"tag-norge","16":"tag-norway","17":"tag-story","18":"tag-tv","19":"tag-underholdning"},"share_on_mastodon":{"url":"https:\/\/pubeurope.com\/@no\/115640591019368548","error":""},"_links":{"self":[{"href":"https:\/\/www.europesays.com\/no\/wp-json\/wp\/v2\/posts\/100916","targetHints":{"allow":["GET"]}}],"collection":[{"href":"https:\/\/www.europesays.com\/no\/wp-json\/wp\/v2\/posts"}],"about":[{"href":"https:\/\/www.europesays.com\/no\/wp-json\/wp\/v2\/types\/post"}],"author":[{"embeddable":true,"href":"https:\/\/www.europesays.com\/no\/wp-json\/wp\/v2\/users\/2"}],"replies":[{"embeddable":true,"href":"https:\/\/www.europesays.com\/no\/wp-json\/wp\/v2\/comments?post=100916"}],"version-history":[{"count":0,"href":"https:\/\/www.europesays.com\/no\/wp-json\/wp\/v2\/posts\/100916\/revisions"}],"wp:featuredmedia":[{"embeddable":true,"href":"https:\/\/www.europesays.com\/no\/wp-json\/wp\/v2\/media\/100917"}],"wp:attachment":[{"href":"https:\/\/www.europesays.com\/no\/wp-json\/wp\/v2\/media?parent=100916"}],"wp:term":[{"taxonomy":"category","embeddable":true,"href":"https:\/\/www.europesays.com\/no\/wp-json\/wp\/v2\/categories?post=100916"},{"taxonomy":"post_tag","embeddable":true,"href":"https:\/\/www.europesays.com\/no\/wp-json\/wp\/v2\/tags?post=100916"}],"curies":[{"name":"wp","href":"https:\/\/api.w.org\/{rel}","templated":true}]}}