{"id":100924,"date":"2025-11-30T20:52:31","date_gmt":"2025-11-30T20:52:31","guid":{"rendered":"https:\/\/www.europesays.com\/no\/100924\/"},"modified":"2025-11-30T20:52:31","modified_gmt":"2025-11-30T20:52:31","slug":"politiet-fant-66-000-solvmynter-pa-e18","status":"publish","type":"post","link":"https:\/\/www.europesays.com\/no\/100924\/","title":{"rendered":"Politiet fant 66.000 s\u00f8lvmynter p\u00e5 E18"},"content":{"rendered":"\n<ul class=\"_list_o9xde_3 _list_64s2r_85 _unordered_o9xde_106 text-sans-m\">\n<li class=\"_item_o9xde_30\">Politiet slo til mot en villa i B\u00e6rum i 2019 og fant s\u00f8lv verdt millioner.<\/li>\n<li class=\"_item_o9xde_30\">Britiske eks-soldater var nylig p\u00e5 hemmelig oppdrag i Norge for \u00e5 hente s\u00f8lvet.<\/li>\n<li class=\"_item_o9xde_30\">Fem personer er tiltalt for grov hvitvasking av de forsvunne s\u00f8lvmyntene.<\/li>\n<li class=\"_item_o9xde_30\">Politiet beslagla over 66.000 s\u00f8lvmynter ved E18.<\/li>\n<\/ul>\n<p>Vis mer <\/p>\n<p class=\"_paragraph_o9xde_4 _paragraph_xtcu6_10 layout-component text-serif-m layout-normal text-serif-m layout-padded\">I april kj\u00f8rte to varebiler oppover grusveien mot en gammel presteg\u00e5rd i Agder. <\/p>\n<p class=\"_paragraph_o9xde_4 _paragraph_xtcu6_10 layout-component text-serif-m layout-normal text-serif-m layout-padded\">Sj\u00e5f\u00f8rene hadde begge bakgrunn fra det britiske forsvaret.<\/p>\n<p class=\"_paragraph_o9xde_4 _paragraph_xtcu6_10 layout-component text-serif-m layout-normal text-serif-m layout-padded\">N\u00e5 var de p\u00e5 et hemmelig oppdrag for et britisk sikkerhetsfirma. <\/p>\n<p class=\"_paragraph_o9xde_4 _paragraph_xtcu6_10 layout-component text-serif-m layout-normal text-serif-m layout-padded\">Oppdragsgiverens instrukser var klare: opptre diskret.<\/p>\n<p class=\"_paragraph_o9xde_4 _paragraph_xtcu6_10 layout-component text-serif-m layout-normal text-serif-m layout-padded\">Eks-soldatene skulle bruke kodeord og en dekkhistorie om at de kom fra et reisebyr\u00e5, if\u00f8lge rettsdokumenter:<\/p>\n<p>\u00abVi er her for \u00e5 plukke opp bagasjen.\u00bb <\/p>\n<p class=\"_paragraph_o9xde_4 _paragraph_xtcu6_10 layout-component text-serif-m layout-normal text-serif-m layout-padded\">Kvinnen som bodde p\u00e5 presteg\u00e5rden, skal ha vist dem hvor \u00abbagasjen\u00bb var lagret. <\/p>\n<p class=\"_paragraph_o9xde_4 _paragraph_xtcu6_10 layout-component text-serif-m layout-normal text-serif-m layout-padded\">S\u00e5 lastet britene varebilene og satte kursen nordover.<\/p>\n<p class=\"_paragraph_o9xde_4 _paragraph_xtcu6_10 layout-component text-serif-m layout-normal text-serif-m layout-padded\">Neste stopp var hos en eldre mann p\u00e5 Hurumlandet. <\/p>\n<p class=\"_paragraph_o9xde_4 _paragraph_xtcu6_10 layout-component text-serif-m layout-normal text-serif-m layout-padded\">Da de var ferdige hos mannen, var lasterommene fulle av pappesker, bl\u00e5 Ikea-poser og noen reisevesker.<\/p>\n<p><img alt=\"Foto: Politiet\" class=\"_image_qp4xg_65 layout-component layout-normal\" data-fullscreen- data-track-element-type=\"Article image fullscreen\" data-track-name=\"ImageFullscreen\" decoding=\"async\" loading=\"lazy\" height=\"1156\" itemprop=\"image\"  src=\"https:\/\/www.europesays.com\/no\/wp-content\/uploads\/2025\/11\/c6ea5d69-697f-4f4b-a289-2ad4304ae06d\"  style=\"object-position:0% 0%\" width=\"1541\"\/>Foto: Politiet<\/p>\n<p class=\"_paragraph_o9xde_4 _paragraph_xtcu6_10 layout-component text-serif-m layout-normal text-serif-m layout-padded\">Lasten veide over to tonn \u2013 verdt mer enn 25 millioner kroner etter dagens kurs:<\/p>\n<p class=\"_paragraph_o9xde_4 _paragraph_xtcu6_10 layout-component text-serif-m layout-normal text-serif-m layout-padded\"><strong class=\"_strong_o9xde_25\">Over 66.000 mynter i rent s\u00f8lv.<\/strong><\/p>\n<p class=\"_paragraph_o9xde_4 _paragraph_xtcu6_10 layout-component text-serif-m layout-normal text-serif-m layout-padded\">N\u00e5 er fem personer tiltalttiltaltEn person som er anklaget for \u00e5 ha beg\u00e5tt en forbrytelse og som skal m\u00f8te i retten for \u00e5 svare p\u00e5 anklagene. for grov hvitvaskinggrov hvitvaskingEn alvorlig form for hvitvasking der store bel\u00f8p med penger, ofte fra kriminelle aktiviteter, blir gjort tilsynelatende lovlige. i forbindelse med organisering, oppbevaring og transport av s\u00f8lvmyntene.<\/p>\n<p>For dette var en forsvunnet skatt som politiet har lett etter i flere \u00e5r. <\/p>\n<p class=\"_paragraph_o9xde_4 _paragraph_xtcu6_10 layout-component text-serif-m layout-normal text-serif-m layout-padded\">Sommeren 2019 fulgte FBI-agenter med p\u00e5 politiaksjonen i Sandvika utenfor Oslo.<\/p>\n<p class=\"_paragraph_o9xde_4 _paragraph_xtcu6_10 layout-component text-serif-m layout-normal text-serif-m layout-padded\">Villaen like ved var eid av de to amerikanske organisasjonene Jericho Outreach-Norway og Christian Charity Foundation.<\/p>\n<p class=\"_paragraph_o9xde_4 _paragraph_xtcu6_10 layout-component text-serif-m layout-normal text-serif-m layout-padded\">Utad drev de med veldedighet. I virkeligheten var alt en dekkoperasjon for storstilt svindel, if\u00f8lge <a href=\"https:\/\/www.justice.gov\/usao-sd\/pr\/pennsylvania-man-sentenced-25-years-federal-prison-fraud-money-laundering-and-obstruction\" class=\"_link_o9xde_39\" rel=\"nofollow noopener\" target=\"_blank\">amerikanske myndigheter<\/a>.<\/p>\n<p class=\"_paragraph_o9xde_4 _paragraph_xtcu6_10 layout-component text-serif-m layout-normal text-serif-m layout-padded\">Amerikanske investorer ble ruinert etter \u00e5 ha gitt fra seg sparepengene sine.<\/p>\n<p class=\"_paragraph_o9xde_4 _paragraph_xtcu6_10 layout-component text-serif-m layout-normal text-serif-m layout-padded\">FBIFBIFederal Bureau of Investigation, en amerikansk f\u00f8deral politimyndighet som etterforsker kriminalitet p\u00e5 nasjonalt niv\u00e5. hadde fulgt pengesporet over Atlanterhavet. <\/p>\n<p class=\"_paragraph_o9xde_4 _paragraph_xtcu6_10 layout-component text-serif-m layout-normal text-serif-m layout-padded\">Der s\u00e5 de at personer tilknyttet organisasjonene hadde overf\u00f8rt millionbel\u00f8p til bankkontoer i Norge, if\u00f8lge <a href=\"https:\/\/www.sdd.uscourts.gov\/sites\/sdd\/files\/juryinstructions\/peachey%20winer.pdf\" class=\"_link_o9xde_39\" rel=\"nofollow noopener\" target=\"_blank\">rettsdokumenter<\/a>.<\/p>\n<p class=\"_paragraph_o9xde_4 _paragraph_xtcu6_10 layout-component text-serif-m layout-normal text-serif-m layout-padded\">\u2013 Amerikanske myndigheter kontaktet \u00d8kokrim\u00d8kokrimEn norsk politienhet som etterforsker \u00f8konomisk kriminalitet og milj\u00f8kriminalitet. for hjelp i en bedragerisak i <a href=\"https:\/\/www.vg.no\/tag\/usa?utm_source=vg-article&amp;utm_medium=auto-tagger&amp;utm_campaign=k0W17B\" class=\"_link_o9xde_39\" rel=\"nofollow noopener\" target=\"_blank\">USA<\/a> p\u00e5 over 100 millioner kroner, sier statsadvokatstatsadvokatEn offentlig tjenestemann som representerer staten i straffesaker og har ansvar for \u00e5 f\u00f8re saken i retten. Jon Andr\u00e9 Hvoslef-Eide til VG.<\/p>\n<p><img alt=\"Statsadvokat Jon Andr\u00e9 Hvoslef-Eide er p\u00e5taleansvarlig i saken.  Foto: \u00d8kokrim\" class=\"_image_qp4xg_65 layout-component layout-normal\" data-fullscreen- data-track-element-type=\"Article image fullscreen\" data-track-name=\"ImageFullscreen\" decoding=\"async\" loading=\"lazy\" height=\"6191\" itemprop=\"image\"  src=\"https:\/\/www.europesays.com\/no\/wp-content\/uploads\/2025\/11\/21720410-19df-4797-813e-980392c9cffe\"  style=\"object-position:0% 0%\" width=\"4127\"\/>Statsadvokat Jon Andr\u00e9 Hvoslef-Eide er p\u00e5taleansvarlig i saken.  Foto: \u00d8kokrim<\/p>\n<p class=\"_paragraph_o9xde_4 _paragraph_xtcu6_10 layout-component text-serif-m layout-normal text-serif-m layout-padded\"><a href=\"https:\/\/www.dn.no\/magasinet\/dokumentar\/judaspengene\/7-1-suvu5tzfz7\" class=\"_link_o9xde_39\" rel=\"nofollow noopener\" target=\"_blank\">Dagens N\u00e6ringsliv<\/a> har tidligere fortalt historien om bedragerisaken, som i USA har f\u00f8rt til lange fengselsstraffer for flere av de involverte.<\/p>\n<p class=\"_paragraph_o9xde_4 _paragraph_xtcu6_10 layout-component text-serif-m layout-normal text-serif-m layout-padded\">Den domfelte hovedmannen har avvist anklagene og fastholdt at han ikke har bedratt noen, if\u00f8lge en <a href=\"https:\/\/cases.justia.com\/federal\/appellate-courts\/ca8\/22-1324\/22-1324-2023-03-16.pdf?ts=1678978880\" class=\"_link_o9xde_39\" rel=\"nofollow noopener\" target=\"_blank\">rettsavgj\u00f8relse<\/a>.<\/p>\n<p>Tilbake til politirazziaen i 2019.<\/p>\n<p class=\"_paragraph_o9xde_4 _paragraph_xtcu6_10 layout-component text-serif-m layout-normal text-serif-m layout-padded\">FBIs etterforskning og norske tollpapirer viste at det var importert over fire tonn s\u00f8lvmynter til Norge. <\/p>\n<p class=\"_paragraph_o9xde_4 _paragraph_xtcu6_10 layout-component text-serif-m layout-normal text-serif-m layout-padded\">American Silver Eagle \u2013 s\u00f8lvdollar. <\/p>\n<p class=\"_paragraph_o9xde_4 _paragraph_xtcu6_10 layout-component text-serif-m layout-normal text-serif-m layout-padded\">Hver mynt veier dr\u00f8yt 31 gram.<\/p>\n<p><img alt=\"\" class=\"_image_qp4xg_65 layout-component layout-normal\" data-fullscreen- data-track-element-type=\"Article image fullscreen\" data-track-name=\"ImageFullscreen\" decoding=\"async\" loading=\"lazy\" height=\"4032\" itemprop=\"image\"  src=\"https:\/\/www.europesays.com\/no\/wp-content\/uploads\/2025\/11\/dfe3f6f8-ce46-48c8-8146-8b546ca9d953\"  style=\"object-position:0% 0%\" width=\"3024\"\/><\/p>\n<p class=\"_paragraph_o9xde_4 _paragraph_xtcu6_10 layout-component text-serif-m layout-normal text-serif-m layout-padded\">\u2013 I realiteten er det bare en klump med rent s\u00f8lv st\u00f8pt til en mynt, sier Hvoslef-Eide.<\/p>\n<p class=\"_paragraph_o9xde_4 _paragraph_xtcu6_10 layout-component text-serif-m layout-normal text-serif-m layout-padded\">Inne i villaen fant politiet 159 u\u00e5pnede skattekister \u2013 gr\u00f8nne plastesker med originalforsegling.<\/p>\n<p class=\"_paragraph_o9xde_4 _paragraph_xtcu6_10 layout-component text-serif-m layout-normal text-serif-m layout-padded\">Til sammen inneholdt disse 79.500 s\u00f8lvmynter.<\/p>\n<p>Men innerst i villaens garasje var det bare tomgods.<\/p>\n<p class=\"_paragraph_o9xde_4 _paragraph_xtcu6_10 layout-component text-serif-m layout-normal text-serif-m layout-padded\">\u2013 Der fant vi en rekke tomme plastesker, sier Hvoslef-Eide.<\/p>\n<p class=\"_paragraph_o9xde_4 _paragraph_xtcu6_10 layout-component text-serif-m layout-normal text-serif-m layout-padded\">S\u00f8lvmyntene ble importert til Norge i 2018. <\/p>\n<p class=\"_paragraph_o9xde_4 _paragraph_xtcu6_10 layout-component text-serif-m layout-normal text-serif-m layout-padded\">De kom med fly til Gardermoen og ble deretter fraktet i pansrede biler til boligen i Sandvika.<\/p>\n<p class=\"_paragraph_o9xde_4 _paragraph_xtcu6_10 layout-component text-serif-m layout-normal text-serif-m layout-padded\">\u2013 Det var laget tollbrev og importsedler og alt s\u00e5nt. S\u00f8lvet hadde p\u00e5 en m\u00e5te blitt importert p\u00e5 &laquo;ordentlig vis&raquo; til Norge. S\u00e5 vi hadde en viss id\u00e9 om hvor mye s\u00f8lv som var importert, sier Hvoslef-Eide.<\/p>\n<p class=\"_paragraph_o9xde_4 _paragraph_xtcu6_10 layout-component text-serif-m layout-normal text-serif-m layout-padded\">Hver av de gr\u00f8nne eskene skulle inneholde 500 mynter. <\/p>\n<p class=\"_paragraph_o9xde_4 _paragraph_xtcu6_10 layout-component text-serif-m layout-normal text-serif-m layout-padded\">\u00d8kokrim telte de tomme eskene i garasjen.<\/p>\n<p class=\"_paragraph_o9xde_4 _paragraph_xtcu6_10 layout-component text-serif-m layout-normal text-serif-m layout-padded\">\u2013 Vi konkluderte raskt med at vi manglet omtrent halvparten av s\u00f8lvmyntene, sier Hvoslef-Eide.<\/p>\n<p>Dette er de tiltalte<\/p>\n<p class=\"_paragraph_o9xde_4 _paragraph_xtcu6_10 _paragraph_16v91_10 layout-component text-serif-m layout-normal text-sans-m layout-padded\"><strong class=\"_strong_o9xde_25\">EKS-SOLDAT (33)<br \/><\/strong>Britisk statsborger. Tiltalt for grov, uaktsom hvitvasking knyttet til henting og transport av over 66.000 s\u00f8lvmynter i varebil. \u2013 Erkjenner ikke straffskyld, sier forsvarer Marianne Darre-N\u00e6ss.<\/p>\n<p class=\"_paragraph_o9xde_4 _paragraph_xtcu6_10 _paragraph_16v91_10 layout-component text-serif-m layout-normal text-sans-m layout-padded\"><strong class=\"_strong_o9xde_25\">EKS-SOLDAT (32)<br \/><\/strong>Britisk statsborger. Tiltalt for grov, uaktsom hvitvasking for den samme transporten av s\u00f8lvmyntene. \u2013 Absolutt ikke skyldig, sier forvarer Trygve Staff.<\/p>\n<p class=\"_paragraph_o9xde_4 _paragraph_xtcu6_10 _paragraph_16v91_10 layout-component text-serif-m layout-normal text-sans-m layout-padded\"><strong class=\"_strong_o9xde_25\">MANN (86)<br \/><\/strong>Bosatt i Asker. Tiltalt for grov hvitvasking knyttet til oppbevaring av opptil 54.260 s\u00f8lvmynter fra desember 2021 til april 2025. \u2013 Han erkjenner ikke straffskyld, sier forsvarer Annette Barlinn. <\/p>\n<p class=\"_paragraph_o9xde_4 _paragraph_xtcu6_10 _paragraph_16v91_10 layout-component text-serif-m layout-normal text-sans-m layout-padded\"><strong class=\"_strong_o9xde_25\">MANN (58)<\/strong><br \/>Bosatt i B\u00e6rum. Tiltalt for grov hvitvasking for \u00e5 ha organisert og medvirket til oppbevaring og flytting av 54.260 s\u00f8lvmynter. Han skal ogs\u00e5 selv ha oppbevart 23.860 s\u00f8lvmynter fra 2021 til 2025. \u2013 Han nekter straffskyld, sier forsvarer Brynjar Meling.<\/p>\n<p class=\"_paragraph_o9xde_4 _paragraph_xtcu6_10 _paragraph_16v91_10 layout-component text-serif-m layout-normal text-sans-m layout-padded\"><strong class=\"_strong_o9xde_25\">KVINNE (51)<\/strong><br \/>Bosatt i Agder. Tiltalt for grov, uaktsom hvitvasking knyttet til oppbevaring av 12.620 s\u00f8lvmynter hjemme hos seg. \u2013 Hun erkjenner ikke straffskyld, sier forsvarer Eirik Balchen. <\/p>\n<p>Vis mer<\/p>\n<p class=\"_paragraph_o9xde_4 _paragraph_xtcu6_10 layout-component text-serif-m layout-normal text-serif-m layout-padded\">I avh\u00f8r med FBI skal hovedmannen i bedragerisaken ha forklart at halvparten av s\u00f8lvet ble stj\u00e5let i p\u00e5sken 2019, if\u00f8lge <a href=\"https:\/\/www.dn.no\/magasinet\/dokumentar\/judaspengene\/7-1-suvu5tzfz7\" class=\"_link_o9xde_39\" rel=\"nofollow noopener\" target=\"_blank\">Dagens N\u00e6ringsliv<\/a>.<\/p>\n<p class=\"_paragraph_o9xde_4 _paragraph_xtcu6_10 layout-component text-serif-m layout-normal text-serif-m layout-padded\">Det angivelige innbruddet ble imidlertid aldri anmeldt. <\/p>\n<p class=\"_paragraph_o9xde_4 _paragraph_xtcu6_10 layout-component text-serif-m layout-normal text-serif-m layout-padded\">Politiet sto lenge uten spor etter s\u00f8lvmyntene.<\/p>\n<p>I 2022 dukket det opp nye opplysninger. <\/p>\n<p class=\"_paragraph_o9xde_4 _paragraph_xtcu6_10 layout-component text-serif-m layout-normal text-serif-m layout-padded\">Den forsvunne s\u00f8lvskatten skal ha blitt skjult f\u00f8r politiet gikk til aksjon mot villaen i Sandvika. <\/p>\n<p class=\"_paragraph_o9xde_4 _paragraph_xtcu6_10 layout-component text-serif-m layout-normal text-serif-m layout-padded\">Deretter ble s\u00f8lvet flyttet.<\/p>\n<p class=\"_paragraph_o9xde_4 _paragraph_xtcu6_10 layout-component text-serif-m layout-normal text-serif-m layout-padded\">Opplysningene gjorde at \u00d8kokrim opprettet en hvitvaskingssak.<\/p>\n<p class=\"_paragraph_o9xde_4 _paragraph_xtcu6_10 layout-component text-serif-m layout-normal text-serif-m layout-padded\"><strong class=\"_strong_o9xde_25\">Sp\u00f8rsm\u00e5let var: Hvor er resten av s\u00f8lvmyntene blitt av?<\/strong><\/p>\n<p class=\"_paragraph_o9xde_4 _paragraph_xtcu6_10 layout-component text-serif-m layout-normal text-serif-m layout-padded\">De neste \u00e5rene gjorde \u00d8kokrim unders\u00f8kelser i b\u00e5de Norge og utlandet. <\/p>\n<p class=\"_paragraph_o9xde_4 _paragraph_xtcu6_10 layout-component text-serif-m layout-normal text-serif-m layout-padded\">\u00d8kokrim mente p\u00e5 et tidspunkt at de var n\u00e6r en l\u00f8sning.<\/p>\n<p class=\"_paragraph_o9xde_4 _paragraph_xtcu6_10 layout-component text-serif-m layout-normal text-serif-m layout-padded\">Politiet gjennomf\u00f8rte en ny razzia p\u00e5 en adresse, og flere personer fikk status som mistenkt eller siktet.<\/p>\n<p class=\"_paragraph_o9xde_4 _paragraph_xtcu6_10 layout-component text-serif-m layout-normal text-serif-m layout-padded\">\u2013 Men etterforskningen f\u00f8rte ingen steder. Sporene vi fulgte, ga ingen resultater. Vi kom ikke n\u00e6rmere \u00e5 finne ut hvor s\u00f8lvet var, sier Hvoslef-Eide.<\/p>\n<p class=\"_paragraph_o9xde_4 _paragraph_xtcu6_10 layout-component text-serif-m layout-normal text-serif-m layout-padded\">S\u00f8lvskatten var som sunket i jorden \u2013 helt frem til 22. april i \u00e5r.<\/p>\n<p>Da skjedde det noe p\u00e5 E18 inn mot Oslo.<\/p>\n<p class=\"_paragraph_o9xde_4 _paragraph_xtcu6_10 layout-component text-serif-m layout-normal text-serif-m layout-padded\">De britiske eks-soldatene var p\u00e5 vei mot Gardermoen, der s\u00f8lvskatten skulle flys ut av landet. <\/p>\n<p class=\"_paragraph_o9xde_4 _paragraph_xtcu6_10 layout-component text-serif-m layout-normal text-serif-m layout-padded\">Men f\u00f8rst m\u00e5tte de finne et sted \u00e5 sl\u00e5 seg til ro for natten.<\/p>\n<p class=\"_paragraph_o9xde_4 _paragraph_xtcu6_10 layout-component text-serif-m layout-normal text-serif-m layout-padded\">Oppdragsgiveren skal ha bedt dem overnatte i varebilene for \u00e5 passe p\u00e5 den verdifulle lasten, if\u00f8lge rettsdokumenter.<\/p>\n<p>P\u00e5 vei inn mot Oslo skal den ene varebilen ha vinglet fra side til side. <\/p>\n<p class=\"_paragraph_o9xde_4 _paragraph_xtcu6_10 layout-component text-serif-m layout-normal text-serif-m layout-padded\">Deretter skal varebilen ha krysset delelinjen.<\/p>\n<p class=\"_paragraph_o9xde_4 _paragraph_xtcu6_10 layout-component text-serif-m layout-normal text-serif-m layout-padded\">Sj\u00e5f\u00f8ren bak reagerte og varslet politiet.<\/p>\n<p class=\"_paragraph_o9xde_4 _paragraph_xtcu6_10 layout-component text-serif-m layout-normal text-serif-m layout-padded\">Politiet behandlet det som et vanlig trafikkoppdrag da patruljen stoppet varebilen ved Lysaker. <\/p>\n<p class=\"_paragraph_o9xde_4 _paragraph_xtcu6_10 layout-component text-serif-m layout-normal text-serif-m layout-padded\">Patruljen spurte briten i varebilen hva han gjorde i Norge.<\/p>\n<p class=\"_paragraph_o9xde_4 _paragraph_xtcu6_10 layout-component text-serif-m layout-normal text-serif-m layout-padded\">\u2013 Jeg er turist, svarte mannen i 30-\u00e5rene f\u00f8rst.<\/p>\n<p class=\"_paragraph_o9xde_4 _paragraph_xtcu6_10 layout-component text-serif-m layout-normal text-serif-m layout-padded\">Han skal deretter ha hatt kontakt med oppdragsgiveren.<\/p>\n<p class=\"_paragraph_o9xde_4 _paragraph_xtcu6_10 layout-component text-serif-m layout-normal text-serif-m layout-padded\">S\u00e5 fortalte han politipatruljen om s\u00f8lvmyntene som l\u00e5 bak i lasterommet, if\u00f8lge rettsdokumenter. <\/p>\n<p><img alt=\"Foto: Politiet\" class=\"_image_qp4xg_65 layout-component layout-normal\" data-fullscreen- data-track-element-type=\"Article image fullscreen\" data-track-name=\"ImageFullscreen\" decoding=\"async\" loading=\"lazy\" height=\"1156\" itemprop=\"image\"  src=\"https:\/\/www.europesays.com\/no\/wp-content\/uploads\/2025\/11\/155e0d87-240d-4ef2-a00e-1535d8ae58cc\"  style=\"object-position:0% 0%\" width=\"1541\"\/>Foto: Politiet<\/p>\n<p class=\"_paragraph_o9xde_4 _paragraph_xtcu6_10 layout-component text-serif-m layout-normal text-serif-m layout-padded\">Snart dukket ogs\u00e5 den andre varebilen opp p\u00e5 stedet. <\/p>\n<p class=\"_paragraph_o9xde_4 _paragraph_xtcu6_10 layout-component text-serif-m layout-normal text-serif-m layout-padded\">Han hadde blitt informert om at partneren var stanset av politiet.<\/p>\n<p class=\"_paragraph_o9xde_4 _paragraph_xtcu6_10 layout-component text-serif-m layout-normal text-serif-m layout-padded\">Begge de britiske eks-soldatene ble p\u00e5grepet p\u00e5 stedet.<\/p>\n<p class=\"_paragraph_o9xde_4 _paragraph_xtcu6_10 layout-component text-serif-m layout-normal text-serif-m layout-padded\">Oslo-politiet varslet \u00d8kokrim om det enorme beslaget av s\u00f8lvmynter. <\/p>\n<p class=\"_paragraph_o9xde_4 _paragraph_xtcu6_10 layout-component text-serif-m layout-normal text-serif-m layout-padded\">Det ble raskt sl\u00e5tt fast at s\u00f8lvmyntene i varebilen stammet fra de tomme plasteskene i villaen.<\/p>\n<p class=\"_paragraph_o9xde_4 _paragraph_xtcu6_10 layout-component text-serif-m layout-normal text-serif-m layout-padded\">\u2013 Klart det var stort for oss. Vi har lett etter dette s\u00f8lvet i \u00e5revis. Plutselig dukker det opp p\u00e5 E18. Det hadde vi aldri forestilt oss, sier Hvoslef-Eide.<\/p>\n<p><img alt=\"Foto: Politiet\" class=\"_image_qp4xg_65 layout-component layout-normal\" data-fullscreen- data-track-element-type=\"Article image fullscreen\" data-track-name=\"ImageFullscreen\" decoding=\"async\" loading=\"lazy\" height=\"1156\" itemprop=\"image\"  src=\"https:\/\/www.europesays.com\/no\/wp-content\/uploads\/2025\/11\/64e1c000-98cc-4186-a936-7d8d06198d45\"  style=\"object-position:0% 0%\" width=\"1541\"\/>Foto: Politiet<\/p>\n<p class=\"_paragraph_o9xde_4 _paragraph_xtcu6_10 layout-component text-serif-m layout-normal text-serif-m layout-padded\">Det enorme beslaget ble etter hvert lastet over p\u00e5 fire europaller:<\/p>\n<p class=\"_paragraph_o9xde_4 _paragraph_xtcu6_10 layout-component text-serif-m layout-normal text-serif-m layout-padded\"><strong class=\"_strong_o9xde_25\">Totalt ble 66.860 s\u00f8lvmynter beslaglagt. <\/strong><\/p>\n<p class=\"_paragraph_o9xde_4 _paragraph_xtcu6_10 layout-component text-serif-m layout-normal text-serif-m layout-padded\">\u2013 Det viktigste for oss er \u00e5 f\u00e5 s\u00f8lvet tilbakef\u00f8rt til de forn\u00e6rmede i bedragerisaken i USA. Der er det snakk om enorme tap, sier statsadvokaten i \u00d8kokrim.<\/p>\n<p>Men hvor har s\u00f8lvmyntene v\u00e6rt skjult siden de forsvant fra villaen i Sandvika i 2019?<\/p>\n<p class=\"_paragraph_o9xde_4 _paragraph_xtcu6_10 layout-component text-serif-m layout-normal text-serif-m layout-padded\">\u00d8kokrim har en teori om hvor s\u00f8lvet har v\u00e6rt oppbevart \u2013 helt frem til det seks \u00e5r senere dukket opp i britenes varebiler p\u00e5 E18.<\/p>\n<p class=\"_paragraph_o9xde_4 _paragraph_xtcu6_10 layout-component text-serif-m layout-normal text-serif-m layout-padded\">Men de \u00f8nsker ikke \u00e5 si noe om dette n\u00e5, fordi det blir et bevistema i retten.<\/p>\n<p class=\"_paragraph_o9xde_4 _paragraph_xtcu6_10 layout-component text-serif-m layout-normal text-serif-m layout-padded\">I tiltalene i saken st\u00e5r det:<\/p>\n<p class=\"_paragraph_o9xde_4 _paragraph_xtcu6_10 layout-component text-serif-m layout-normal text-serif-m layout-padded\"><strong class=\"_strong_o9xde_25\">Siden desember 2021 har s\u00f8lvmyntene blitt oppbevart p\u00e5 Hurumlandet, p\u00e5 en adresse i B\u00e6rum, p\u00e5 en hytte i Valdres og p\u00e5 presteg\u00e5rden i Agder.<\/strong><\/p>\n<p class=\"_paragraph_o9xde_4 _paragraph_xtcu6_10 layout-component text-serif-m layout-normal text-serif-m layout-padded\">Denne uken ble to menn \u2013 p\u00e5 58 og 86 \u00e5r \u2013 og en kvinne (51) tiltalt for grov hvitvasking.<\/p>\n<p class=\"_paragraph_o9xde_4 _paragraph_xtcu6_10 layout-component text-serif-m layout-normal text-serif-m layout-padded\">Alle tre er tilknyttet adresser der s\u00f8lvmynter skal ha v\u00e6rt oppbevart, if\u00f8lge tiltalene.<\/p>\n<p class=\"_paragraph_o9xde_4 _paragraph_xtcu6_10 layout-component text-serif-m layout-normal text-serif-m layout-padded\">\u00d8kokrim mener de to mennene med viten og vilje har oppbevart og skjult s\u00f8lvmyntene i flere \u00e5r.<\/p>\n<p class=\"_paragraph_o9xde_4 _paragraph_xtcu6_10 layout-component text-serif-m layout-normal text-serif-m layout-padded\">\u2013 Han nekter straffskyld og stiller seg uforst\u00e5ende til anklagen, sier 58-\u00e5ringens forsvarer Brynjar Meling.<\/p>\n<p><img decoding=\"async\" alt=\"Bilde av Brynjar Meling\" class=\"_image_ygndg_42\" height=\"60\" itemprop=\"image\" loading=\"lazy\"  src=\"https:\/\/www.europesays.com\/no\/wp-content\/uploads\/2025\/11\/97cdc2be-3015-49a1-90af-ed353de30c2c\"  width=\"40\"\/><strong class=\"_name_ygndg_51 title-serif-xs\">Brynjar Meling<\/strong><\/p>\n<p class=\"_paragraph_o9xde_4 text-sans-m _description_ygndg_56\">58-\u00e5ringens forsvarer<\/p>\n<p class=\"_paragraph_o9xde_4 _paragraph_xtcu6_10 layout-component text-serif-m layout-normal text-serif-m layout-padded\">Til uken skal han og medforsvarer Mads Meidell L\u00f8snes g\u00e5 gjennom tiltalen med 58-\u00e5ringen.<\/p>\n<p class=\"_paragraph_o9xde_4 _paragraph_xtcu6_10 layout-component text-serif-m layout-normal text-serif-m layout-padded\"><strong class=\"_strong_o9xde_25\">\u2013 Tiltalen og den vendingen saken n\u00e5 har tatt, kom overraskende p\u00e5 ham, sier Meling.<\/strong><\/p>\n<p class=\"_paragraph_o9xde_4 _paragraph_xtcu6_10 layout-component text-serif-m layout-normal text-serif-m layout-padded\">Forsvareren til 86-\u00e5ringen sier:<\/p>\n<p><img decoding=\"async\" alt=\"Bilde av Anette Barlinn\" class=\"_image_ygndg_42\" height=\"27\" itemprop=\"image\" loading=\"lazy\"  src=\"https:\/\/www.europesays.com\/no\/wp-content\/uploads\/2025\/11\/f4a37f44-d3ed-4ecb-95df-63707dcd8ac8\"  width=\"40\"\/><strong class=\"_name_ygndg_51 title-serif-xs\">Anette Barlinn<\/strong><\/p>\n<p class=\"_paragraph_o9xde_4 text-sans-m _description_ygndg_56\">86-\u00e5ringens forsvarer<\/p>\n<p class=\"_paragraph_o9xde_4 _paragraph_xtcu6_10 layout-component text-serif-m layout-normal text-serif-m layout-padded\">\u2013 Han har forklart seg grundig til politiet. Han er helt uenig i \u00d8kokrims forst\u00e5else av saken. Han mener han ikke har gjort noe straffbart, og erkjenner derfor ikke straffskyld, sier advokat Annette Barlinn.<\/p>\n<p><img decoding=\"async\" alt=\"Bilde av Eirik Balchen\" class=\"_image_ygndg_42\" height=\"27\" itemprop=\"image\" loading=\"lazy\"  src=\"https:\/\/www.europesays.com\/no\/wp-content\/uploads\/2025\/11\/4904c975-9694-482b-a835-85c7ea26a8a4\"  width=\"40\"\/><strong class=\"_name_ygndg_51 title-serif-xs\">Eirik Balchen<\/strong><\/p>\n<p class=\"_paragraph_o9xde_4 text-sans-m _description_ygndg_56\">Kvinnens forsvarer<\/p>\n<p class=\"_paragraph_o9xde_4 _paragraph_xtcu6_10 layout-component text-serif-m layout-normal text-serif-m layout-padded\">Kvinnen er tiltalt for uaktsom hvitvasking.<\/p>\n<p class=\"_paragraph_o9xde_4 _paragraph_xtcu6_10 layout-component text-serif-m layout-normal text-serif-m layout-padded\">\u2013 Hun nekter straffskyld, sier forsvarer Eirik Balchen.<\/p>\n<p>De britiske eks-soldatene har siden p\u00e5gripelsen bedyret sin uskyld. <\/p>\n<p class=\"_paragraph_o9xde_4 _paragraph_xtcu6_10 layout-component text-serif-m layout-normal text-serif-m layout-padded\">Begge er n\u00e5 tiltalt for uaktsom hvitvasking etter \u00e5 ha transportert s\u00f8lvmyntene.<\/p>\n<p class=\"_paragraph_o9xde_4 _paragraph_xtcu6_10 layout-component text-serif-m layout-normal text-serif-m layout-padded\">\u2013 Jeg er en stolt tidligere marinebefal som har gjort tjeneste i mange milit\u00e6re grener for Storbritannia. Jeg er en oppriktig og betrodd person. Jeg er det motsatte av en kriminell, forklarte en av dem under et rettsm\u00f8te i sommer.<\/p>\n<p class=\"_paragraph_o9xde_4 _paragraph_xtcu6_10 layout-component text-serif-m layout-normal text-serif-m layout-padded\">Begge mennene i 30-\u00e5rene har lisens til \u00e5 utf\u00f8re s\u00e5kalte \u00abclose protection\u00bb-oppdrag. <\/p>\n<p><img alt=\"L\u00d8SLATT: De to britiske eks-soldatene satt varetektsfengslet fra april til august, f\u00f8r de ble l\u00f8slatt.   Foto: Lars Martin Hunstad \/ VG\" class=\"_image_qp4xg_65 layout-component layout-normal\" data-fullscreen- data-track-element-type=\"Article image fullscreen\" data-track-name=\"ImageFullscreen\" decoding=\"async\" loading=\"lazy\" height=\"3712\" itemprop=\"image\"  src=\"https:\/\/www.europesays.com\/no\/wp-content\/uploads\/2025\/11\/d12ae4b6-e41b-4253-93b2-042b6a0afce3\"  style=\"object-position:0% 0%\" width=\"5568\"\/>L\u00d8SLATT: De to britiske eks-soldatene satt varetektsfengslet fra april til august, f\u00f8r de ble l\u00f8slatt.   Foto: Lars Martin Hunstad \/ VG<\/p>\n<p class=\"_paragraph_o9xde_4 _paragraph_xtcu6_10 layout-component text-serif-m layout-normal text-serif-m layout-padded\">Til politiet har de forklart at dette arbeidet g\u00e5r ut p\u00e5 personbeskyttelse av VIP-er og folk med h\u00f8y formue. <\/p>\n<p class=\"_paragraph_o9xde_4 _paragraph_xtcu6_10 layout-component text-serif-m layout-normal text-serif-m layout-padded\">Oppdragene inneb\u00e6rer ogs\u00e5 verditransporter. <\/p>\n<p class=\"_paragraph_o9xde_4 _paragraph_xtcu6_10 layout-component text-serif-m layout-normal text-serif-m layout-padded\">Den ene eks-soldaten har forklart at oppdragsgiveren forsikret ham om at oppdraget i Norge var lovlig.<\/p>\n<p class=\"_paragraph_o9xde_4 _paragraph_xtcu6_10 layout-component text-serif-m layout-normal text-serif-m layout-padded\">\u2013 Jeg spurte om alt var lovlig og legitimt. Det ble jeg fortalt at det var. Jeg hadde ingen grunn til \u00e5 tro at dette var ulovlig. Hvis jeg hadde forst\u00e5tt det slik, ville jeg ikke p\u00e5tatt meg oppdraget, har han forklart.<\/p>\n<p class=\"_paragraph_o9xde_4 _paragraph_xtcu6_10 layout-component text-serif-m layout-normal text-serif-m layout-padded\">Forsvarer Marianne Darre-N\u00e6ss er informert om at VG publiserer deler av britens forklaring under det aktuelle rettsm\u00f8tet. <\/p>\n<p><img decoding=\"async\" alt=\"Bilde av Marianne Darre-N\u00e6ss\" class=\"_image_ygndg_42\" height=\"27\" itemprop=\"image\" loading=\"lazy\"  src=\"https:\/\/www.europesays.com\/no\/wp-content\/uploads\/2025\/11\/6bbef09b-a09d-4bef-9009-e480c5593214\"  width=\"40\"\/><strong class=\"_name_ygndg_51 title-serif-xs\">Marianne Darre-N\u00e6ss<\/strong><\/p>\n<p class=\"_paragraph_o9xde_4 text-sans-m _description_ygndg_56\">Forsvarer for britisk eks-soldat (33)<\/p>\n<p class=\"_paragraph_o9xde_4 _paragraph_xtcu6_10 layout-component text-serif-m layout-normal text-serif-m layout-padded\">\u2013 Han erkjenner ikke straffskyld. For \u00f8vrig bemerkes at mistankegrunnlaget anses svakt. I et fengslingsm\u00f8te etter at tiltalen mot min klient var tatt ut, fant tingretten \u2013 under tvil \u2013 at det forel\u00e5 skjellig grunn til mistanke, sier Darre-N\u00e6ss.<\/p>\n<p class=\"_paragraph_o9xde_4 _paragraph_xtcu6_10 layout-component text-serif-m layout-normal text-serif-m layout-padded\">Advokat Trygve Staff forsvarer den andre briten:<\/p>\n<p class=\"_paragraph_o9xde_4 _paragraph_xtcu6_10 layout-component text-serif-m layout-normal text-serif-m layout-padded\">\u2013 Min klient er sterk og tydelig: Absolutt ikke skyldig. Han utf\u00f8rte kun en \u00abclose protection\u00bb vakt\/transportjobb for et velrenommert UK-firma f\u00f8r myntene skulle videre til LoomisLoomisEt internasjonalt selskap som spesialiserer seg p\u00e5 verditransport og h\u00e5ndtering av kontanter og andre verdigjenstander., sier Staff.<\/p>\n<p><img decoding=\"async\" alt=\"Bilde av Trygve Staff\" class=\"_image_ygndg_42\" height=\"65\" itemprop=\"image\" loading=\"lazy\"  src=\"https:\/\/www.europesays.com\/no\/wp-content\/uploads\/2025\/11\/0d188e82-568b-43c5-996b-b03dbe45bd81\"  width=\"40\"\/><strong class=\"_name_ygndg_51 title-serif-xs\">Trygve Staff<\/strong><\/p>\n<p class=\"_paragraph_o9xde_4 text-sans-m _description_ygndg_56\">Forsvarer for britisk eks-soldat (32)<\/p>\n<p class=\"_paragraph_o9xde_4 _paragraph_xtcu6_10 layout-component text-serif-m layout-normal text-serif-m layout-padded\">Britene har forklart at s\u00f8lvmyntene skulle kj\u00f8res til Gardermoen og leveres til verditransportfirmaet Loomis, som utf\u00f8rer internasjonal frakt av verdigjenstander.<\/p>\n<p class=\"_paragraph_o9xde_4 _paragraph_xtcu6_10 layout-component text-serif-m layout-normal text-serif-m layout-padded\">\u2013 Vi fikk en henvendelse om transport av dette s\u00f8lvet. Vi har omfattende rutiner, blant annet for \u00e5 avdekke mulig hvitvasking. P\u00e5 bakgrunn av egne unders\u00f8kelser og dialog med politiet valgte vi \u00e5 avbryte kommunikasjonen med selskapet som rettet henvendelsen til oss, sier administrerende direkt\u00f8r Morten Grusd i Loomis Norge.<\/p>\n<p>S\u00e5 hvem var det som sendte de britiske eks-soldatene til Norge for \u00e5 hente s\u00f8lvskatten?<\/p>\n<p class=\"_paragraph_o9xde_4 _paragraph_xtcu6_10 layout-component text-serif-m layout-normal text-serif-m layout-padded\">\u00d8kokrim vil forel\u00f8pig ikke gi et klart svar p\u00e5 dette.<\/p>\n<p class=\"_paragraph_o9xde_4 _paragraph_xtcu6_10 layout-component text-serif-m layout-normal text-serif-m layout-padded\">\u2013 Det p\u00e5g\u00e5r fortsatt unders\u00f8kelser knyttet til dem som skal ha organisert dette og dem som hadde oppdraget med \u00e5 frakte s\u00f8lvet ut. Disse akt\u00f8rene er ikke i Norge, sier Hvoslef-Eide.<\/p>\n<p class=\"_paragraph_o9xde_4 _paragraph_xtcu6_10 layout-component text-serif-m layout-normal text-serif-m layout-padded\">Eks-soldatene har oppgitt at de var p\u00e5 oppdrag for et britisk sikkerhetsselskap som skal ha betalt dem 250 pund \u2013 litt over 3000 kroner \u2013 per dag, if\u00f8lge rettsdokumenter.<\/p>\n<p class=\"_paragraph_o9xde_4 _paragraph_xtcu6_10 layout-component text-serif-m layout-normal text-serif-m layout-padded\">Det britiske sikkerhetsselskapet har s\u00e5 langt ikke besvart VGs henvendelser. P\u00e5 nettsidene deres beskriver de seg slik:<\/p>\n<p class=\"_paragraph_o9xde_4 _paragraph_xtcu6_10 layout-component text-serif-m layout-normal text-serif-m layout-padded\">\u00abMed et team av elitespesialister kan (&#8230;) tilby et bredt spekter av sikkerhetstjenester b\u00e5de for kommersielle og private kunder over hele verden.\u00bb<\/p>\n<p class=\"_paragraph_o9xde_4 _paragraph_xtcu6_10 layout-component text-serif-m layout-normal text-serif-m layout-padded\"><strong class=\"_strong_o9xde_25\">\u2013 Vet dere hvem som \u00f8nsket \u00e5 hente s\u00f8lvet ut av Norge og ga sikkerhetsselskapet dette oppdraget?<\/strong><\/p>\n<p class=\"_paragraph_o9xde_4 _paragraph_xtcu6_10 layout-component text-serif-m layout-normal text-serif-m layout-padded\">\u2013 Etterforskningen p\u00e5 det punktet er ikke ferdig. Det gjenst\u00e5r fremdeles unders\u00f8kelser som skal belyse en eventuell tilknytning mellom akt\u00f8rer i utlandet og frakten av s\u00f8lvet i Norge, svarer Hvoslef-Eide.<\/p>\n<p>    <img decoding=\"async\" alt=\"Tips oss illustrasjon\" src=\"https:\/\/www.europesays.com\/no\/wp-content\/uploads\/2025\/10\/pssst-small.webp.webp\"\/>    <\/p>\n<p class=\"title-serif-s\">Har du tips?<\/p>\n<p class=\"text-sans-m\">Send oss informasjon, bilder eller video.<\/p>\n<p>  <a href=\"https:\/\/www.vg.no\/tips-oss\" rel=\"nofollow noopener\" target=\"_blank\"> Tips oss <\/a>      <\/p>\n","protected":false},"excerpt":{"rendered":"Politiet slo til mot en villa i B\u00e6rum i 2019 og fant s\u00f8lv verdt millioner. Britiske eks-soldater var&hellip;\n","protected":false},"author":2,"featured_media":100925,"comment_status":"","ping_status":"","sticky":false,"template":"","format":"standard","meta":{"footnotes":""},"categories":[10],"tags":[20,21,2879,24,25,15,148,22,23,13,30,28,29,14,16,6108,26,27,50,3739],"class_list":{"0":"post-100924","1":"post","2":"type-post","3":"status-publish","4":"format-standard","5":"has-post-thumbnail","7":"category-norge","8":"tag-breaking-news","9":"tag-breakingnews","10":"tag-fbi","11":"tag-featured-news","12":"tag-featurednews","13":"tag-headlines","14":"tag-kriminalitet","15":"tag-latest-news","16":"tag-latestnews","17":"tag-news","18":"tag-no","19":"tag-norge","20":"tag-norway","21":"tag-nyheter","22":"tag-overskrifter","23":"tag-okokrim","24":"tag-top-stories","25":"tag-topstories","26":"tag-usa","27":"tag-vgkrimgruppa"},"share_on_mastodon":{"url":"https:\/\/pubeurope.com\/@no\/115640634511889559","error":""},"_links":{"self":[{"href":"https:\/\/www.europesays.com\/no\/wp-json\/wp\/v2\/posts\/100924","targetHints":{"allow":["GET"]}}],"collection":[{"href":"https:\/\/www.europesays.com\/no\/wp-json\/wp\/v2\/posts"}],"about":[{"href":"https:\/\/www.europesays.com\/no\/wp-json\/wp\/v2\/types\/post"}],"author":[{"embeddable":true,"href":"https:\/\/www.europesays.com\/no\/wp-json\/wp\/v2\/users\/2"}],"replies":[{"embeddable":true,"href":"https:\/\/www.europesays.com\/no\/wp-json\/wp\/v2\/comments?post=100924"}],"version-history":[{"count":0,"href":"https:\/\/www.europesays.com\/no\/wp-json\/wp\/v2\/posts\/100924\/revisions"}],"wp:featuredmedia":[{"embeddable":true,"href":"https:\/\/www.europesays.com\/no\/wp-json\/wp\/v2\/media\/100925"}],"wp:attachment":[{"href":"https:\/\/www.europesays.com\/no\/wp-json\/wp\/v2\/media?parent=100924"}],"wp:term":[{"taxonomy":"category","embeddable":true,"href":"https:\/\/www.europesays.com\/no\/wp-json\/wp\/v2\/categories?post=100924"},{"taxonomy":"post_tag","embeddable":true,"href":"https:\/\/www.europesays.com\/no\/wp-json\/wp\/v2\/tags?post=100924"}],"curies":[{"name":"wp","href":"https:\/\/api.w.org\/{rel}","templated":true}]}}