{"id":100928,"date":"2025-11-30T21:13:09","date_gmt":"2025-11-30T21:13:09","guid":{"rendered":"https:\/\/www.europesays.com\/no\/100928\/"},"modified":"2025-11-30T21:13:09","modified_gmt":"2025-11-30T21:13:09","slug":"usa-har-angrepet-mal-i-syria","status":"publish","type":"post","link":"https:\/\/www.europesays.com\/no\/100928\/","title":{"rendered":"USA har angrepet m\u00e5l i Syria"},"content":{"rendered":"\n<p class=\"_lead_o9xde_2 _lead_xtcu6_50 layout-component text-serif-m layout-normal text-serif-l layout-component layout-wide layout-padded _wide_17hqh_1 layout-padded\">Amerikanske og allierte syriske styrker har angrepet det de omtaler som 15 v\u00e5penlagre som tilh\u00f8rte den ytterligg\u00e5ende islamistgruppa IS s\u00f8r i Syria.<\/p>\n<ul aria-hidden=\"true\" class=\"_images_1uft6_111\">\n<li><a class=\"_link_1uft6_116\" href=\"https:\/\/www.vg.no\/forfatter\/ntb\" style=\"z-index:1\" title=\"NTB\" rel=\"nofollow noopener\" target=\"_blank\"><img alt=\"Bilde av NTB\" class=\"_image_1uft6_93\" fetchpriority=\"low\" loading=\"lazy\" decoding=\"async\" itemprop=\"image\"  src=\"https:\/\/www.europesays.com\/no\/wp-content\/uploads\/2025\/11\/1764537189_808_c33980b0-5d07-4027-84a1-813f90a7c8d6\"  width=\"480\"\/><\/a><\/li>\n<\/ul>\n<p> Oppdatert s\u00f8ndag 30. november kl. 21:40     <\/p>\n<p class=\"_paragraph_o9xde_4 _paragraph_xtcu6_10 layout-component text-serif-m layout-normal text-serif-m layout-padded\">If\u00f8lge USAs sentralkommando (Centcom) ble de p\u00e5st\u00e5tte IS-m\u00e5lene i Rif Damashq-provinsen angrepet mellom 24. og 27. november. Det ble gjennomf\u00f8rt b\u00e5de luftangrep og bakkeoperasjoner. <\/p>\n<p class=\"_paragraph_o9xde_4 _paragraph_xtcu6_10 layout-component text-serif-m layout-normal text-serif-m layout-padded\">\u2013 Disse operasjonene \u00f8dela over 130 granater og raketter, mange automatgev\u00e6r, maskingev\u00e6r, landminer og materiale for \u00e5 bygge provisoriske sprengladninger, heter det i en uttalelse fra Centcom. <\/p>\n<p class=\"_paragraph_o9xde_4 _paragraph_xtcu6_10 layout-component text-serif-m layout-normal text-serif-m layout-padded\">USA har fortsatt styrker i <a href=\"https:\/\/www.vg.no\/tag\/syria?utm_source=vg-article&amp;utm_medium=auto-tagger&amp;utm_campaign=k0W9OB\" class=\"_link_o9xde_39\" rel=\"nofollow noopener\" target=\"_blank\">Syria<\/a> der de samarbeider med Syrias demokratiske styrker (SDF) som i hovedsak best\u00e5r av soldater fra den kurdiske YPG-militsen.<\/p>\n","protected":false},"excerpt":{"rendered":"Amerikanske og allierte syriske styrker har angrepet det de omtaler som 15 v\u00e5penlagre som tilh\u00f8rte den ytterligg\u00e5ende islamistgruppa&hellip;\n","protected":false},"author":2,"featured_media":100929,"comment_status":"","ping_status":"","sticky":false,"template":"","format":"standard","meta":{"footnotes":""},"categories":[12],"tags":[20,21,24,25,15,22,23,13,30,28,29,14,16,7724,26,27,50,42,43,44,45],"class_list":{"0":"post-100928","1":"post","2":"type-post","3":"status-publish","4":"format-standard","5":"has-post-thumbnail","7":"category-verden","8":"tag-breaking-news","9":"tag-breakingnews","10":"tag-featured-news","11":"tag-featurednews","12":"tag-headlines","13":"tag-latest-news","14":"tag-latestnews","15":"tag-news","16":"tag-no","17":"tag-norge","18":"tag-norway","19":"tag-nyheter","20":"tag-overskrifter","21":"tag-syria","22":"tag-top-stories","23":"tag-topstories","24":"tag-usa","25":"tag-verden","26":"tag-world","27":"tag-world-news","28":"tag-worldnews"},"share_on_mastodon":{"url":"https:\/\/pubeurope.com\/@no\/115640716781216235","error":""},"_links":{"self":[{"href":"https:\/\/www.europesays.com\/no\/wp-json\/wp\/v2\/posts\/100928","targetHints":{"allow":["GET"]}}],"collection":[{"href":"https:\/\/www.europesays.com\/no\/wp-json\/wp\/v2\/posts"}],"about":[{"href":"https:\/\/www.europesays.com\/no\/wp-json\/wp\/v2\/types\/post"}],"author":[{"embeddable":true,"href":"https:\/\/www.europesays.com\/no\/wp-json\/wp\/v2\/users\/2"}],"replies":[{"embeddable":true,"href":"https:\/\/www.europesays.com\/no\/wp-json\/wp\/v2\/comments?post=100928"}],"version-history":[{"count":0,"href":"https:\/\/www.europesays.com\/no\/wp-json\/wp\/v2\/posts\/100928\/revisions"}],"wp:featuredmedia":[{"embeddable":true,"href":"https:\/\/www.europesays.com\/no\/wp-json\/wp\/v2\/media\/100929"}],"wp:attachment":[{"href":"https:\/\/www.europesays.com\/no\/wp-json\/wp\/v2\/media?parent=100928"}],"wp:term":[{"taxonomy":"category","embeddable":true,"href":"https:\/\/www.europesays.com\/no\/wp-json\/wp\/v2\/categories?post=100928"},{"taxonomy":"post_tag","embeddable":true,"href":"https:\/\/www.europesays.com\/no\/wp-json\/wp\/v2\/tags?post=100928"}],"curies":[{"name":"wp","href":"https:\/\/api.w.org\/{rel}","templated":true}]}}