{"id":100932,"date":"2025-11-30T21:27:57","date_gmt":"2025-11-30T21:27:57","guid":{"rendered":"https:\/\/www.europesays.com\/no\/100932\/"},"modified":"2025-11-30T21:27:57","modified_gmt":"2025-11-30T21:27:57","slug":"et-sporsmal-om-symbolske-koder","status":"publish","type":"post","link":"https:\/\/www.europesays.com\/no\/100932\/","title":{"rendered":"\u2013 Et sp\u00f8rsm\u00e5l om symbolske koder"},"content":{"rendered":"<p><strong>Det norske klesm\u00e6rket Helly Hansen har de siste m\u00e5nedene dukket opp i demonstrasjoner med nynazistiske grupper i blant annet Sydney og Melbourne. Bekledningen \u2013 s\u00e6rlig svarte jakker og capser \u2013 skal v\u00e6re valgt fordi initialene \u00abHH\u00bb kan tolkes som en forkortelse for \u00abHeil Hitler\u00bb. <br \/><\/strong><br \/>Det finnes ingen indikasjoner p\u00e5 at merket selv st\u00f8tter eller oppfordrer til dette, og selskapet har ikke kommentert saken. Det melder samtlige utenlandske medier som Australske<a href=\"https:\/\/www.theage.com.au\/lifestyle\/fashion\/helly-hansen-is-the-new-uniform-of-choice-for-neo-nazis-why-20251119-p5ngky.html\" rel=\"nofollow noopener\" target=\"_blank\"> The Age <\/a>og<a href=\"https:\/\/www.theguardian.com\/australia-news\/2025\/sep\/13\/rune-megaphone-number-88-australia-neo-nazi-symbols-after-swastikas-banned-ntwnfb\" rel=\"nofollow noopener\" target=\"_blank\"> The Guardian<\/a>.<\/p>\n<p>Forskere viser til en bredere trend hvor h\u00f8yreekstreme milj\u00f8er tar i bruk vanlige klesmerker for \u00e5 signalisere tilh\u00f8righet gjennom koder og symbolikk. Ekstremismeeksperten Cynthia Miller-Idriss sier dagens h\u00f8yreekstreme i st\u00f8rre grad enn f\u00f8r bruker mainstream-plagg som kan tolkes dobbelt. <\/p>\n<p>\u2013 Det fungerer b\u00e5de som identitetsmark\u00f8r og som en form for hemmelig signalering, sier hun til The Age.<\/p>\n<blockquote class=\"twitter-tweet\">\n<p lang=\"en\" dir=\"ltr\">One day, the news reports that Helly Hansen is the uniform of choice for Australian neo-nazis, the next day 43% off in the black friday sales. <\/p>\n<p>Why is Helly Hansen chosen? because of the HH logo\u2026\u2026. <a href=\"https:\/\/t.co\/1Q1SCBEc9X\" rel=\"nofollow\">pic.twitter.com\/1Q1SCBEc9X<\/a><\/p>\n<p>\u2014 Andrew Whitelaw (@WheatWatcher) <a href=\"https:\/\/twitter.com\/WheatWatcher\/status\/1993871893972295783?ref_src=twsrc%5Etfw\" rel=\"nofollow noopener\" target=\"_blank\">November 27, 2025<\/a><\/p><\/blockquote>\n<p>Ogs\u00e5 den politiske sosiologen Josh Roose peker p\u00e5 at slike grupper fors\u00f8ker \u00e5 fremst\u00e5 mer tilgjengelige for unge menn gjennom motebruk. <br \/>\u2013 De er sm\u00e5 subkulturer som \u00f8nsker \u00e5 tiltrekke seg nye medlemmer ved \u00e5 ta i bruk symbolikk andre ikke n\u00f8dvendigvis forst\u00e5r, sier han.<\/p>\n<p>B\u00e5de forskere og myndigheter viser til at grupper tilpasser seg lovforbud mot nazisymboler. Det gjelder blant annet bruk av tallkoder som 14 og 88 eller valg av merker som kan kobles til ideologiske referanser uten \u00e5 falle inn under forbudene. Denne fleksibiliteten omtales som en del av gruppenes strategi for \u00e5 b\u00e5de omg\u00e5 restriksjoner og opprettholde intern samhold.<\/p>\n<p><img loading=\"lazy\" decoding=\"async\" src=\"data:image\/svg+xml,%3Csvg%20xmlns=\" http:=\"\" width=\"16\" height=\"16\" alt=\"Loading ...\" title=\"Loading ...\" class=\"wp-polls-image\" data-lazy-src=\"https:\/\/www.europesays.com\/no\/wp-content\/uploads\/2025\/08\/loading.gif\"\/>\u00a0Loading &#8230;<\/p>\n<p>N\u00e5r et klesmerke knyttes til ekstremistmilj\u00f8er uten eget \u00f8nske, beskrives dette som \u00abtilfeldig tilknytning\u00bb. Markedsf\u00f8ringsforeleser Andrew Hughes viser til at merker i slike situasjoner kan dempe synlig branding, ta produkter av markedet eller aktivt samarbeide med antiekstremistiske akt\u00f8rer for \u00e5 distansere seg.<\/p>\n<p>If\u00f8lge Hughes forventer forbrukere i \u00f8kende grad at selskaper viser tydelig hvor de st\u00e5r n\u00e5r produktene deres misbrukes av ekstreme grupper. <br \/>\u2013 Merker kan ikke bare tie. De m\u00e5 vise at de tar avstand og handler, mener han.<\/p>\n<p><script async src=\"https:\/\/platform.twitter.com\/widgets.js\" charset=\"utf-8\"><\/script><\/p>\n","protected":false},"excerpt":{"rendered":"Det norske klesm\u00e6rket Helly Hansen har de siste m\u00e5nedene dukket opp i demonstrasjoner med nynazistiske grupper i blant&hellip;\n","protected":false},"author":2,"featured_media":100933,"comment_status":"","ping_status":"","sticky":false,"template":"","format":"standard","meta":{"footnotes":""},"categories":[12],"tags":[47,20,21,24,25,15,12842,5765,22,23,13,30,28,29,14,16,26,27,42,43,44,45],"class_list":{"0":"post-100932","1":"post","2":"type-post","3":"status-publish","4":"format-standard","5":"has-post-thumbnail","7":"category-verden","8":"tag-australia","9":"tag-breaking-news","10":"tag-breakingnews","11":"tag-featured-news","12":"tag-featurednews","13":"tag-headlines","14":"tag-helly-hansen","15":"tag-hoyreekstremisme","16":"tag-latest-news","17":"tag-latestnews","18":"tag-news","19":"tag-no","20":"tag-norge","21":"tag-norway","22":"tag-nyheter","23":"tag-overskrifter","24":"tag-top-stories","25":"tag-topstories","26":"tag-verden","27":"tag-world","28":"tag-world-news","29":"tag-worldnews"},"share_on_mastodon":{"url":"https:\/\/pubeurope.com\/@no\/115640775695558395","error":""},"_links":{"self":[{"href":"https:\/\/www.europesays.com\/no\/wp-json\/wp\/v2\/posts\/100932","targetHints":{"allow":["GET"]}}],"collection":[{"href":"https:\/\/www.europesays.com\/no\/wp-json\/wp\/v2\/posts"}],"about":[{"href":"https:\/\/www.europesays.com\/no\/wp-json\/wp\/v2\/types\/post"}],"author":[{"embeddable":true,"href":"https:\/\/www.europesays.com\/no\/wp-json\/wp\/v2\/users\/2"}],"replies":[{"embeddable":true,"href":"https:\/\/www.europesays.com\/no\/wp-json\/wp\/v2\/comments?post=100932"}],"version-history":[{"count":0,"href":"https:\/\/www.europesays.com\/no\/wp-json\/wp\/v2\/posts\/100932\/revisions"}],"wp:featuredmedia":[{"embeddable":true,"href":"https:\/\/www.europesays.com\/no\/wp-json\/wp\/v2\/media\/100933"}],"wp:attachment":[{"href":"https:\/\/www.europesays.com\/no\/wp-json\/wp\/v2\/media?parent=100932"}],"wp:term":[{"taxonomy":"category","embeddable":true,"href":"https:\/\/www.europesays.com\/no\/wp-json\/wp\/v2\/categories?post=100932"},{"taxonomy":"post_tag","embeddable":true,"href":"https:\/\/www.europesays.com\/no\/wp-json\/wp\/v2\/tags?post=100932"}],"curies":[{"name":"wp","href":"https:\/\/api.w.org\/{rel}","templated":true}]}}