{"id":100940,"date":"2025-11-30T21:37:23","date_gmt":"2025-11-30T21:37:23","guid":{"rendered":"https:\/\/www.europesays.com\/no\/100940\/"},"modified":"2025-11-30T21:37:23","modified_gmt":"2025-11-30T21:37:23","slug":"sri-lanka-naturkatastrofe-naer-1-000-omkommet-i-voldsomme-flommer-i-sorost-asia-fredrikstad-par-er-i-sikkerhet","status":"publish","type":"post","link":"https:\/\/www.europesays.com\/no\/100940\/","title":{"rendered":"Sri Lanka, Naturkatastrofe | N\u00e6r 1.000 omkommet i voldsomme flommer i S\u00f8r\u00f8st-Asia \u2013 Fredrikstad-par er i sikkerhet"},"content":{"rendered":"\n<p>Store deler av regionen har den siste uken blitt rammet av sv\u00e6rt kraftig regnv\u00e6r etter at en sjelden tropisk storm rammet Malakkastredet. Det voldsomme regnet har blant annet f\u00f8rt til jordskred og de verste oversv\u00f8mmelsene p\u00e5 \u00e5revis i S\u00f8r\u00f8st-Asia.<\/p>\n<p><b>Fredrikstad-ekteparet Wenche Marie Jacobsen og Peo Rehn er i Sri Lanka akkurat n\u00e5. De er i sikkerhet. L\u00f8rdag var de p\u00e5 et hotell i fjellene i Nuwara Eliya.<\/b><\/p>\n<p>\u2013 Vi kommer ikke ned herfra da alle veier er stengt p\u00e5 grunn av flom og skred, forteller Jacobsen like f\u00f8r klokka 18 p\u00e5 l\u00f8rdag.<\/p>\n<p>Hun legger til:<\/p>\n<p>\u2013 Vi h\u00f8rer at unntakstilstanden p\u00e5 grunn av syklonen her p\u00e5 Sri Lanka er omtalt i nyhetene. Nettet i hele landet er avstengt. Jeg sender melding n\u00e5 fra et hj\u00f8rne \u00f8verst i hotellet, hvor man av og til klarer \u00e5 n\u00e5 frem med SMS.<\/p>\n<p>   <img decoding=\"async\" width=\"2048\" height=\"1536\" fetchpriority=\"low\"  loading=\"lazy\"  src=\"https:\/\/www.europesays.com\/no\/wp-content\/uploads\/2025\/11\/IMG_3648.JPG\" alt=\"\" class=\"brick-c-cFOWSL\" style=\"--brick-image-ratio: 2048 \/ 1536;\"\/><\/p>\n<p>      Wenche Marie Jacobsen og Peo Rehn ferierer p\u00e5 Sri Lanka.<br \/>\n      Foto: Wenche Marie Jacobsen\n    <\/p>\n<p>  N\u00e6rmer seg 1000 omkomne<\/p>\n<p>Tallet p\u00e5 omkomne n\u00e6rmer seg s\u00f8ndag kveld hele 1000 personer i Indonesia, Sri Lanka og Thailand. Hundrevis av mennesker er fortsatt savnet, og det er derfor ventet at d\u00f8dstallet vil stige.<\/p>\n<p>Antall d\u00f8de etter flom og skred p\u00e5 \u00f8ya Sumatra i Indonesia har if\u00f8lge myndighetene steget til over 440, men over 400 er fortsatt savnet og nesten 650 personer er skadet.<\/p>\n<p>N\u00f8detatene har hatt problemer med \u00e5 n\u00e5 fram til de mest avsidesliggende delene av \u00f8ya hvor flere tusen mangler tilgang p\u00e5 grunnleggende varer.<\/p>\n<p>P\u00e5 Sri Lanka har antall d\u00f8de steget til 334, if\u00f8lge lokale n\u00f8detater. Flere enn 400 er fortsatt savnet.<\/p>\n<p>I Thailand er det meldt om minst 160 omkomne. Det er ogs\u00e5 meldt om flere d\u00f8dsfall i Malaysia.<\/p>\n<p>Uv\u00e6ret begynte i forrige uke, og situasjonen forverret seg torsdag. Styrtregn f\u00f8rte til oversv\u00f8mmelser og jordskred. Noen steder kom det 360 millimeter nedb\u00f8r p\u00e5 ett d\u00f8gn. Store omr\u00e5der er lagt under vann, folk er strandet p\u00e5 tak og hele lokalsamfunn er blitt avsk\u00e5ret fra omverden av skred og flom.<\/p>\n<p>H\u00e5per \u00e5 kunne dra videre<\/p>\n<p><b>S\u00f8ndag er nettet tilbake i Sri Lankas fjellomr\u00e5de, melder Fredrikstad-kvinnen Wenche Marie Jacobsen.<\/b><\/p>\n<p>\u2013 Vi skulle bare v\u00e6rt her p\u00e5 hotellet en natt, men det ble fire ettersom alle veier har v\u00e6rt stengt, melder hun.<\/p>\n<p>   <img decoding=\"async\" width=\"2048\" height=\"1536\" fetchpriority=\"low\"  loading=\"lazy\"  src=\"https:\/\/www.europesays.com\/no\/wp-content\/uploads\/2025\/11\/signal-2025-11-30-151301.JPG\" alt=\"\" class=\"brick-c-cFOWSL\" style=\"--brick-image-ratio: 2048 \/ 1536;\"\/><\/p>\n<p>      Wenche Marie Jacobsen tok dette bildet av ett av mange jordskred, slik det fortonte seg gjennom et bussvindu.<br \/>\n      Foto: Wenche Marie Jacobsen\n    <\/p>\n<p>\u2013 Vi er veldig heldige ettersom bussen v\u00e5r klarte \u00e5 krabbe seg opp hit til oss, etter flere m\u00f8ter med jordskred og og oversv\u00f8mte veier underveis.<\/p>\n<p>Hun forteller ogs\u00e5 at hun og mannen drar videre med buss mot kysten mandag, om den aktuelle veien dit blir \u00e5pnet for ferdsel.<\/p>\n<p>(\u00a9NTB)<\/p>\n","protected":false},"excerpt":{"rendered":"Store deler av regionen har den siste uken blitt rammet av sv\u00e6rt kraftig regnv\u00e6r etter at en sjelden&hellip;\n","protected":false},"author":2,"featured_media":100941,"comment_status":"","ping_status":"","sticky":false,"template":"","format":"standard","meta":{"footnotes":""},"categories":[5],"tags":[36,20,21,576,24,25,15,19,22,23,17,18,4358,13,30,28,29,14,16,6352,1510,26,27,3363],"class_list":{"0":"post-100940","1":"post","2":"type-post","3":"status-publish","4":"format-standard","5":"has-post-thumbnail","7":"category-overskrifter","8":"tag-art","9":"tag-breaking-news","10":"tag-breakingnews","11":"tag-dodsfall","12":"tag-featured-news","13":"tag-featurednews","14":"tag-headlines","15":"tag-hovedoppslag","16":"tag-latest-news","17":"tag-latestnews","18":"tag-main-news","19":"tag-mainnews","20":"tag-naturkatastrofe","21":"tag-news","22":"tag-no","23":"tag-norge","24":"tag-norway","25":"tag-nyheter","26":"tag-overskrifter","27":"tag-sri-lanka","28":"tag-story","29":"tag-top-stories","30":"tag-topstories","31":"tag-turisme"},"share_on_mastodon":{"url":"https:\/\/pubeurope.com\/@no\/115640811302838904","error":""},"_links":{"self":[{"href":"https:\/\/www.europesays.com\/no\/wp-json\/wp\/v2\/posts\/100940","targetHints":{"allow":["GET"]}}],"collection":[{"href":"https:\/\/www.europesays.com\/no\/wp-json\/wp\/v2\/posts"}],"about":[{"href":"https:\/\/www.europesays.com\/no\/wp-json\/wp\/v2\/types\/post"}],"author":[{"embeddable":true,"href":"https:\/\/www.europesays.com\/no\/wp-json\/wp\/v2\/users\/2"}],"replies":[{"embeddable":true,"href":"https:\/\/www.europesays.com\/no\/wp-json\/wp\/v2\/comments?post=100940"}],"version-history":[{"count":0,"href":"https:\/\/www.europesays.com\/no\/wp-json\/wp\/v2\/posts\/100940\/revisions"}],"wp:featuredmedia":[{"embeddable":true,"href":"https:\/\/www.europesays.com\/no\/wp-json\/wp\/v2\/media\/100941"}],"wp:attachment":[{"href":"https:\/\/www.europesays.com\/no\/wp-json\/wp\/v2\/media?parent=100940"}],"wp:term":[{"taxonomy":"category","embeddable":true,"href":"https:\/\/www.europesays.com\/no\/wp-json\/wp\/v2\/categories?post=100940"},{"taxonomy":"post_tag","embeddable":true,"href":"https:\/\/www.europesays.com\/no\/wp-json\/wp\/v2\/tags?post=100940"}],"curies":[{"name":"wp","href":"https:\/\/api.w.org\/{rel}","templated":true}]}}