{"id":100942,"date":"2025-11-30T21:39:10","date_gmt":"2025-11-30T21:39:10","guid":{"rendered":"https:\/\/www.europesays.com\/no\/100942\/"},"modified":"2025-11-30T21:39:10","modified_gmt":"2025-11-30T21:39:10","slug":"dag-aage-spantell-75-er-dod","status":"publish","type":"post","link":"https:\/\/www.europesays.com\/no\/100942\/","title":{"rendered":"Dag Aage Spantell (75) er d\u00f8d"},"content":{"rendered":"\n<p class=\"_lead_o9xde_2 _lead_xtcu6_50 layout-component text-serif-m layout-normal text-serif-l layout-component layout-wide layout-padded _wide_17hqh_1 layout-padded\">Musikeren gikk bort etter en lengre kamp mot kreftsykdommen.<\/p>\n<p><img alt=\"D\u00d8D: Dag Spantell fra et intervju med VG i 2004. Foto: J\u00f8rgen Braastad \/ VG\" class=\"_image_qp4xg_65 layout-component layout-wide\" data-fullscreen- data-track-element-type=\"Article image fullscreen\" data-track-name=\"ImageFullscreen\" fetchpriority=\"high\" decoding=\"sync\" loading=\"eager\" height=\"2249\" itemprop=\"image\"  src=\"https:\/\/www.europesays.com\/no\/wp-content\/uploads\/2025\/11\/23b570fd-aafa-414b-9174-d59de1948f0b\"  style=\"object-position:0% 0%\" width=\"3398\"\/>D\u00d8D: Dag Spantell fra et intervju med VG i 2004. Foto: J\u00f8rgen Braastad \/ VG<\/p>\n<ul aria-hidden=\"true\" class=\"_images_1uft6_111\">\n<li><a class=\"_link_1uft6_116\" href=\"https:\/\/www.vg.no\/forfatter\/even-naevdal\" style=\"z-index:1\" title=\"Even N\u00e6vdal\" rel=\"nofollow noopener\" target=\"_blank\"><img alt=\"Bilde av Even N\u00e6vdal\" class=\"_image_1uft6_93\" fetchpriority=\"low\" loading=\"lazy\" decoding=\"async\" itemprop=\"image\"  src=\"https:\/\/www.europesays.com\/no\/wp-content\/uploads\/2025\/11\/1764538749_795_0bed5690-ec08-4f1e-be15-59bdb669879f\"  width=\"480\"\/><\/a><\/li>\n<\/ul>\n<p> Oppdatert s\u00f8ndag 30. november kl. 22:21    <\/p>\n<ul class=\"_list_o9xde_3 _list_64s2r_85 _unordered_o9xde_106 text-sans-m\">\n<li class=\"_item_o9xde_30\">Musikeren Dag Aage Spantell er d\u00f8d, 75 \u00e5r gammel, etter en lengre kamp mot kreft.<\/li>\n<li class=\"_item_o9xde_30\">N\u00e6r venn Arild Steine bekrefter d\u00f8dsfallet og beskriver Spantell som en av Norges flotteste stemmer.<\/li>\n<li class=\"_item_o9xde_30\">Spantell startet sin musikalske karriere i 1962 og ble kjent for blant annet \u00abKjendisparty\u00bb i 1973.<\/li>\n<\/ul>\n<p>Vis mer <\/p>\n<p class=\"_paragraph_o9xde_4 _paragraph_xtcu6_10 layout-component text-serif-m layout-normal text-serif-m layout-padded\">Revyskuespilleren, vokalisten og pianisten Dag Aage Spantell er d\u00f8d.<\/p>\n<p class=\"_paragraph_o9xde_4 _paragraph_xtcu6_10 layout-component text-serif-m layout-normal text-serif-m layout-padded\">Det bekrefter n\u00e6r venn Arild Steine i et innlegg p\u00e5 Facebook, melder\u00a0<a href=\"https:\/\/www.seher.no\/kjendis\/dag-spantell-er-dod\/83920401\" class=\"_link_o9xde_39\" rel=\"nofollow noopener\" target=\"_blank\">Se og H\u00f8r<\/a>.<\/p>\n<p class=\"_paragraph_o9xde_4 _paragraph_xtcu6_10 layout-component text-serif-m layout-normal text-serif-m layout-padded\">Spantell sovnet stille inn s\u00f8ndag etter en lengre kamp mot kreft.<\/p>\n<p class=\"_paragraph_o9xde_4 _paragraph_xtcu6_10 layout-component text-serif-m layout-normal text-serif-m layout-padded\">\u2013 Du er som sendt fra himmelen, Dag Spantell \u2013 \u00e9n av norges flotteste stemmer er g\u00e5tt ut av tiden, skriver Steine i innlegget.<\/p>\n<p class=\"_paragraph_o9xde_4 _paragraph_xtcu6_10 layout-component text-serif-m layout-normal text-serif-m layout-padded\">Musikeren ble 75 \u00e5r gammel.<\/p>\n<p class=\"_paragraph_o9xde_4 _paragraph_xtcu6_10 layout-component text-serif-m layout-normal text-serif-m layout-padded\">Spantell ble f\u00f8dt i 1950 og startet bandet Beatboys i 1962. Senere dannet han bandene The Misfits og Happy, hvor han fikk sin platedebut.<\/p>\n<p><img alt=\"Stein Ingebrigtsen (t.v) og Dag Spantell f\u00f8r premieren p\u00e5 sitt sommershow tilbake i 1978.  Foto: Olav Hasselknippe \/ VG\" class=\"_image_qp4xg_65 layout-component layout-normal\" data-fullscreen- data-track-element-type=\"Article image fullscreen\" data-track-name=\"ImageFullscreen\" decoding=\"async\" loading=\"lazy\" height=\"4602\" itemprop=\"image\"  src=\"https:\/\/www.europesays.com\/no\/wp-content\/uploads\/2025\/11\/8426a95a-e681-4cf5-a6d6-e8dc680bc0ec\"  style=\"object-position:0% 0%\" width=\"3371\"\/>Stein Ingebrigtsen (t.v) og Dag Spantell f\u00f8r premieren p\u00e5 sitt sommershow tilbake i 1978.  Foto: Olav Hasselknippe \/ VG<\/p>\n<p class=\"_paragraph_o9xde_4 _paragraph_xtcu6_10 layout-component text-serif-m layout-normal text-serif-m layout-padded\">P\u00e5 begynnelsen av 1970-tallet begynte han i Kjell Karlsens orkester. I 1973 kom en av hans st\u00f8rste hits, \u00abKjendisparty\u00bb.<\/p>\n<p class=\"_paragraph_o9xde_4 _paragraph_xtcu6_10 layout-component text-serif-m layout-normal text-serif-m layout-padded\">P\u00e5 slutten av 90-tallet gjorde han comeback. Hans siste utgivelse kom i 2016 da han sammen med sin gode venn og livslange musikalske partner Stein Ingebrigtsen ga ut l\u00e5ta \u00abHjertet til en spellemann\u00bb.<\/p>\n<p class=\"_paragraph_o9xde_4 _paragraph_xtcu6_10 layout-component text-serif-m layout-normal text-serif-m layout-padded\">Steine beskriver vennskapet med Spantell som fantastisk og sier han har v\u00e6rt fan siden 1968.<\/p>\n<p class=\"_paragraph_o9xde_4 _paragraph_xtcu6_10 layout-component text-serif-m layout-normal text-serif-m layout-padded\">\u2013 N\u00e5r jeg tenker meg om, s\u00e5 har jeg v\u00e6rt fan av Dag, faktisk siden 1968. Senere ble vi venner, skriver han.<\/p>\n","protected":false},"excerpt":{"rendered":"Musikeren gikk bort etter en lengre kamp mot kreftsykdommen. D\u00d8D: Dag Spantell fra et intervju med VG i&hellip;\n","protected":false},"author":2,"featured_media":100943,"comment_status":"","ping_status":"","sticky":false,"template":"","format":"standard","meta":{"footnotes":""},"categories":[58],"tags":[71,221,30,28,29,72],"class_list":{"0":"post-100942","1":"post","2":"type-post","3":"status-publish","4":"format-standard","5":"has-post-thumbnail","7":"category-underholdning","8":"tag-entertainment","9":"tag-musikk","10":"tag-no","11":"tag-norge","12":"tag-norway","13":"tag-underholdning"},"share_on_mastodon":{"url":"https:\/\/pubeurope.com\/@no\/115640819115840239","error":""},"_links":{"self":[{"href":"https:\/\/www.europesays.com\/no\/wp-json\/wp\/v2\/posts\/100942","targetHints":{"allow":["GET"]}}],"collection":[{"href":"https:\/\/www.europesays.com\/no\/wp-json\/wp\/v2\/posts"}],"about":[{"href":"https:\/\/www.europesays.com\/no\/wp-json\/wp\/v2\/types\/post"}],"author":[{"embeddable":true,"href":"https:\/\/www.europesays.com\/no\/wp-json\/wp\/v2\/users\/2"}],"replies":[{"embeddable":true,"href":"https:\/\/www.europesays.com\/no\/wp-json\/wp\/v2\/comments?post=100942"}],"version-history":[{"count":0,"href":"https:\/\/www.europesays.com\/no\/wp-json\/wp\/v2\/posts\/100942\/revisions"}],"wp:featuredmedia":[{"embeddable":true,"href":"https:\/\/www.europesays.com\/no\/wp-json\/wp\/v2\/media\/100943"}],"wp:attachment":[{"href":"https:\/\/www.europesays.com\/no\/wp-json\/wp\/v2\/media?parent=100942"}],"wp:term":[{"taxonomy":"category","embeddable":true,"href":"https:\/\/www.europesays.com\/no\/wp-json\/wp\/v2\/categories?post=100942"},{"taxonomy":"post_tag","embeddable":true,"href":"https:\/\/www.europesays.com\/no\/wp-json\/wp\/v2\/tags?post=100942"}],"curies":[{"name":"wp","href":"https:\/\/api.w.org\/{rel}","templated":true}]}}