{"id":100955,"date":"2025-11-30T22:05:18","date_gmt":"2025-11-30T22:05:18","guid":{"rendered":"https:\/\/www.europesays.com\/no\/100955\/"},"modified":"2025-11-30T22:05:18","modified_gmt":"2025-11-30T22:05:18","slug":"til-moskva-etter-ukraina-forhandlinger","status":"publish","type":"post","link":"https:\/\/www.europesays.com\/no\/100955\/","title":{"rendered":"Til Moskva etter Ukraina-forhandlinger"},"content":{"rendered":"<p class=\"kicker t20\" style=\"\">Folk filmer ulykker:<\/p>\n<p>  Ulykkesunders\u00f8ker Rune Lien forteller om foreldre som drar med seg barn for \u00e5 se den d\u00f8de etter alvorlige ulykker.<\/p>\n<p>\n    D\u00d8DSULYKKE: Ulykkesunders\u00f8ker Rune Lien arbeidet p\u00e5 ulykkesstedet p\u00e5 fylkesvei 40 i Nore og Uvdal 8. november 2024, der en person mistet livet. Bildet gjengis med p\u00e5r\u00f8rendes samtykke. Foto: Statens vegvesen\n  <\/p>\n<p>Rune Lien jobber som ulykkesunders\u00f8ker i Statens vegvesen. Han rykker ut p\u00e5 alvorlige trafikkulykker,\u00a0ofte med omkomne involvert. <\/p>\n<p>Nesten hver gang han rykker ut, opplever han at vanlige folk\u00a0stopper, glor og tar bilder.<\/p>\n<p class=\"font-weight-bold m-font-weight-bold\" data-lab-font_weight=\"font-weight-bold\">&#8211; Jeg opplever dette ofte p\u00e5 ulykker der det er mulig for folk \u00e5 komme til. Foreldre med barn fors\u00f8ker \u00e5 komme seg fram slik at alle skal f\u00e5 se personen som er d\u00f8d. Jo mer blod og lemlestelser, jo bedre, sier Lien til Dagbladet.<\/p>\n<p>          <img loading=\"lazy\" decoding=\"async\" src=\"https:\/\/www.europesays.com\/no\/wp-content\/uploads\/2025\/11\/83915289.webp\" width=\"686\" height=\"474\" title=\"ULYKKESUNDERS\u00d8KER: N\u00e5r en d\u00f8dsulykke inntreffer p\u00e5 norske veier, rykker ulykkeunders\u00f8kere fra Statens vegvesens til ulykkesstedet. I landet er det 65 personer med den jobben. Rune Lien er en av dem. Foto: Privat\" alt=\"\" class=\"\" style=\"--aspect-ratio-image: 1.45; \"\/><\/p>\n<p>\n          ULYKKESUNDERS\u00d8KER: N\u00e5r en d\u00f8dsulykke inntreffer p\u00e5 norske veier, rykker ulykkeunders\u00f8kere fra Statens vegvesens til ulykkesstedet. I landet er det 65 personer med den jobben. Rune Lien er en av dem. Foto: Privat\n      <\/p>\n<p>Han beskriver flere situasjoner:<\/p>\n<p>&#8211; Vi har sett familier p\u00e5 sykkel som vil forbi sperringer fordi de \u00abbare skal se\u00bb. P\u00e5 ett sted l\u00e5 en d\u00f8d kvinne, og folk forsto ikke hvorfor de ikke kunne sykle gjennom, sier han.<\/p>\n<p>&#8211; I en annen ulykke l\u00e5 en avd\u00f8d mann dekket til, men folk kom helt bort og l\u00f8ftet p\u00e5 teppet for \u00e5 se om det \u00abvar ham\u00bb. Det er helt ubegripelig, fortsetter Lien.<\/p>\n<p>    <a itemprop=\"url\" href=\"https:\/\/www.dagbladet.no\/nyheter\/ville-du-blitt-filmet\/83909864\" rel=\"nofollow noopener\" target=\"_blank\"><\/p>\n<p>      <img loading=\"lazy\" decoding=\"async\" src=\"https:\/\/www.europesays.com\/no\/wp-content\/uploads\/2025\/11\/83910550.webp\" width=\"980\" height=\"441\" title=\"Ber sj\u00e5f\u00f8rene skamme seg\" alt=\"\" class=\"lazyload\" style=\"--aspect-ratio-image: 2.22; \"\/><\/p>\n<p>        Ber sj\u00e5f\u00f8rene skamme seg<\/p>\n<p>    <\/a><\/p>\n<p>&#8211; Forferdelig \u00e5 se<\/p>\n<p>I Tyskland er det straffbart \u00e5 ta bilder av d\u00f8de personer. Fredag skrev Dagbladet om den tyske politimannen Stefan Pfeiffer, som i 2019 stoppet forbipasserende som fotograferte en d\u00f8dsulykke. \u00abSkam dere\u00bb var budskapet hans. Han oppfordrer folk til \u00e5 tenke seg om.<\/p>\n<p> &#8211; Forestill deg at du var offeret. Ville du blitt filmet? sier Pfeiffer <a href=\"https:\/\/www.dagbladet.no\/nyheter\/ville-du-blitt-filmet\/83909864?articleToken=84895864a85b5390a9806881f246f11b6e92c5a772ae0a688ffecaa3773064ae\" rel=\"nofollow noopener\" target=\"_blank\">til Dagbladet.<\/a><\/p>\n<p class=\"font-weight-bold m-font-weight-bold\" data-lab-font_weight=\"font-weight-bold\">Ulykkesunders\u00f8ker Rune Lien sier at han flere ganger har opplevd at folk tar bilder, ogs\u00e5 av sv\u00e6rt grove skader.<\/p>\n<p>&#8211; Jeg har sett vanlige folk sitte i bilen og ta bilder av deler av kroppen til en omkommet. Man blir helt satt ut. Jeg lurer p\u00e5 hva de skal med et s\u00e5nt bilde, sier han.<\/p>\n<p>Han deler den tyske politimannens budskap.<\/p>\n<p class=\"font-weight-normal m-font-weight-normal\" data-lab-font_weight=\"font-weight-normal\">&#8211; Det blir nesten som et sirkus. For meg er det forferdelig \u00e5 se. Politiet og begravelsesbyr\u00e5et behandler de d\u00f8de med enorm respekt. Kontrasten til dem som st\u00e5r og glor er veldig sterk, sier han.<\/p>\n<p>&#8211; Trenger ro  <\/p>\n<p>Lien er en av 65 personer som jobber som ulykkesunders\u00f8ker for Statens vegvesen i Norge. De bist\u00e5r politiet med tekniske unders\u00f8kelser, dokumentasjon og 3D-skanning av ulykkesstedet. Rapportene deres brukes ofte i retten, og de kalles jevnlig inn som sakkyndige.<\/p>\n<p class=\"font-weight-bold m-font-weight-bold\" data-lab-font_weight=\"font-weight-bold\">Ute p\u00e5 ulykkene jobber de tett p\u00e5 politiet og krimteknikere. At folk kommer for n\u00e6r, gj\u00f8r arbeidet vanskelig.<\/p>\n<p>&#8211; For oss er det forstyrrende. Vi dokumenterer, tar bilder og lager 3D-skanning av omr\u00e5det. Da trenger vi ro rundt oss. N\u00e5r folk tar seg inn i omr\u00e5det vi jobber p\u00e5, gj\u00f8r det jobben v\u00e5r vanskeligere, sier han.<\/p>\n<p> &#8211; De kan fort \u00abforurense\u00bb et ulykkessted der alle spor er viktige byggeklosser i letingen etter \u00e5rsaken til ulykken, legger han til.<\/p>\n<p>    <a itemprop=\"url\" href=\"https:\/\/www.dagbladet.no\/nyheter\/trist-og-alvorlig\/83902390\" rel=\"nofollow noopener\" target=\"_blank\"><\/p>\n<p>      <img loading=\"lazy\" decoding=\"async\" src=\"https:\/\/www.europesays.com\/no\/wp-content\/uploads\/2025\/11\/1764540316_424_83904355.webp\" width=\"980\" height=\"441\" title=\"- Trist og alvorlig\" alt=\"\" class=\"lazyload\" style=\"--aspect-ratio-image: 2.22; \"\/><\/p>\n<p>        &#8211; Trist og alvorlig<\/p>\n<p>    <\/a><\/p>\n<p>&#8211; Vis anstendighet  <\/p>\n<p>UP-sjef, Knut Smedsrud forteller at fenomenet ogs\u00e5 er kjent<br \/>\nhos utrykningspolitiet.<\/p>\n<p class=\"font-weight-bold m-font-weight-bold\" data-lab-font_weight=\"font-weight-bold\">&#8211;\u00a0 Det vi f\u00f8rst og fremst ser, er at folk senker farten n\u00e5r de<br \/>\npasserer en ulykke, og det skal man gj\u00f8re. Men man skal ikke stoppe bare fordi<br \/>\nman er nysgjerrig, sier Smedsrud til Dagbladet.<\/p>\n<p class=\"font-weight-normal m-font-weight-normal\" data-lab-font_weight=\"font-weight-normal\">Han bekrefter at UP av og til observerer folk som tar<br \/>\nbilder, men sier omfanget er uklart.<\/p>\n<p>          <img loading=\"lazy\" decoding=\"async\" src=\"https:\/\/www.europesays.com\/no\/wp-content\/uploads\/2025\/11\/83914850.webp\" width=\"686\" height=\"378\" title=\"UP-SJEF: Sjef for utrykningspolitiet, Knut Smedsrud. Foto: Emilie Holtet \/ NTB\" alt=\"\" class=\"\" style=\"--aspect-ratio-image: 1.81; \"\/><\/p>\n<p>\n          UP-SJEF: Sjef for utrykningspolitiet, Knut Smedsrud. Foto: Emilie Holtet \/ NTB\n      <\/p>\n<p>&#8211; Det hender at folk tar bilder, men vi har ikke grunnlag<br \/>\nfor \u00e5 si at dette er et stort eller \u00f8kende problem. Vi kjenner likevel til at<br \/>\ndet forekommer, sier Smedsrud, som har en klar oppfordring:<\/p>\n<p>&#8211; La de som jobber p\u00e5 stedet f\u00e5 arbeidsro. De som er utsatt<br \/>\ni en ulykke \u00f8nsker heller ikke at bilder skal deles. Vis anstendighet i en slik<br \/>\nsituasjon, og f\u00f8lg regelverket. Og kj\u00f8r forsiktig s\u00e5 det ikke oppst\u00e5r flere<br \/>\ntrafikkfarlige situasjoner.<\/p>\n<p>&#8211; Skjerp dere<\/p>\n<p>Det er imidlertid ikke bare p\u00e5 veiene at folk tar bilder av omkomne og hardt skadde personer.<\/p>\n<p> Mandag ettermiddag, midt i rushen, oppsto det kaos p\u00e5 Jernbanetorget i Oslo da en person ble p\u00e5kj\u00f8rt av t-banen.\u00a0<\/p>\n<p class=\"font-weight-normal m-font-weight-normal\" data-lab-font_weight=\"font-weight-normal\">Politiets innsatsleder p\u00e5 stedet, Brian Skotnes,\u00a0<a href=\"https:\/\/www.dagbladet.no\/nyheter\/person-pakjort-av-t-bane\/83895065\" rel=\"nofollow noopener\" target=\"_blank\">ba publikum om \u00e5 skjerpe seg<\/a>. \u00c5rsaken var mange nysgjerrige som ville filme den dramatiske hendelsen. <\/p>\n<p>          <img loading=\"lazy\" decoding=\"async\" src=\"https:\/\/www.europesays.com\/no\/wp-content\/uploads\/2025\/11\/83914939.webp\" width=\"980\" height=\"559\" title=\"- HOLD DERE UNNA: Politiet ba folk skjerpe seg, og holde seg unna t-banen p\u00e5 Jernbanetorget i Oslo. Foto: H\u00e5vard Steffensen \/ Dagbladet\" alt=\"\" class=\"\" style=\"--aspect-ratio-image: 1.75; \"\/><\/p>\n<p>\n          &#8211; HOLD DERE UNNA: Politiet ba folk skjerpe seg, og holde seg unna t-banen p\u00e5 Jernbanetorget i Oslo. Foto: H\u00e5vard Steffensen \/ Dagbladet\n      <\/p>\n<p>Politiinspekt\u00f8r Grete Metlid, som nylig ble sjef for Felles enhet for operativ tjeneste (FOT),\u00a0<a href=\"https:\/\/www.dagbladet.no\/nyheter\/trist-og-alvorlig\/83902390\" rel=\"nofollow noopener\" target=\"_blank\">kaller utviklingen \u00abb\u00e5de trist og alvorlig\u00bb<\/a>. Hun minner om at hvem som helst kan havne i en ulykke. Neste gang kan det v\u00e6re deg selv eller noen n\u00e6r deg.\u00a0<\/p>\n<p>&#8211; Det er alt annet enn underholdning, sier Metlid til Dagbladet.<\/p>\n","protected":false},"excerpt":{"rendered":"Folk filmer ulykker: Ulykkesunders\u00f8ker Rune Lien forteller om foreldre som drar med seg barn for \u00e5 se den&hellip;\n","protected":false},"author":2,"featured_media":100956,"comment_status":"","ping_status":"","sticky":false,"template":"","format":"standard","meta":{"footnotes":""},"categories":[12],"tags":[20,21,24,25,15,179,22,23,13,30,28,29,14,16,188,26,27,489,412,42,43,44,45],"class_list":{"0":"post-100955","1":"post","2":"type-post","3":"status-publish","4":"format-standard","5":"has-post-thumbnail","7":"category-verden","8":"tag-breaking-news","9":"tag-breakingnews","10":"tag-featured-news","11":"tag-featurednews","12":"tag-headlines","13":"tag-krigen-i-ukraina","14":"tag-latest-news","15":"tag-latestnews","16":"tag-news","17":"tag-no","18":"tag-norge","19":"tag-norway","20":"tag-nyheter","21":"tag-overskrifter","22":"tag-russland","23":"tag-top-stories","24":"tag-topstories","25":"tag-ukraina","26":"tag-utenriks","27":"tag-verden","28":"tag-world","29":"tag-world-news","30":"tag-worldnews"},"share_on_mastodon":{"url":"https:\/\/pubeurope.com\/@no\/115640921603229857","error":""},"_links":{"self":[{"href":"https:\/\/www.europesays.com\/no\/wp-json\/wp\/v2\/posts\/100955","targetHints":{"allow":["GET"]}}],"collection":[{"href":"https:\/\/www.europesays.com\/no\/wp-json\/wp\/v2\/posts"}],"about":[{"href":"https:\/\/www.europesays.com\/no\/wp-json\/wp\/v2\/types\/post"}],"author":[{"embeddable":true,"href":"https:\/\/www.europesays.com\/no\/wp-json\/wp\/v2\/users\/2"}],"replies":[{"embeddable":true,"href":"https:\/\/www.europesays.com\/no\/wp-json\/wp\/v2\/comments?post=100955"}],"version-history":[{"count":0,"href":"https:\/\/www.europesays.com\/no\/wp-json\/wp\/v2\/posts\/100955\/revisions"}],"wp:featuredmedia":[{"embeddable":true,"href":"https:\/\/www.europesays.com\/no\/wp-json\/wp\/v2\/media\/100956"}],"wp:attachment":[{"href":"https:\/\/www.europesays.com\/no\/wp-json\/wp\/v2\/media?parent=100955"}],"wp:term":[{"taxonomy":"category","embeddable":true,"href":"https:\/\/www.europesays.com\/no\/wp-json\/wp\/v2\/categories?post=100955"},{"taxonomy":"post_tag","embeddable":true,"href":"https:\/\/www.europesays.com\/no\/wp-json\/wp\/v2\/tags?post=100955"}],"curies":[{"name":"wp","href":"https:\/\/api.w.org\/{rel}","templated":true}]}}