{"id":100957,"date":"2025-11-30T22:06:17","date_gmt":"2025-11-30T22:06:17","guid":{"rendered":"https:\/\/www.europesays.com\/no\/100957\/"},"modified":"2025-11-30T22:06:17","modified_gmt":"2025-11-30T22:06:17","slug":"dette-ma-du-vite-om-alarmen-gar-stor-oslo","status":"publish","type":"post","link":"https:\/\/www.europesays.com\/no\/100957\/","title":{"rendered":"Dette m\u00e5 du vite om alarmen g\u00e5r \u2013 Stor-Oslo"},"content":{"rendered":"<p>Det byrjar \u00e5 brenne i blokka du bur i.<\/p>\n<p>Men r\u00f8yk og flammar sperrar r\u00f8mmingsvegen din.<\/p>\n<p>D\u00e5 kan siste utveg bli \u00e5 klatre ned p\u00e5 utsida av bygget.<\/p>\n<p>NRK sin reporter fekk teste den 32 meter h\u00f8ge stigen til brannvesenet. Godt sikra blei det ein luftig tur ned stigen.<\/p>\n<p>Men dette er berre ei n\u00f8dl\u00f8ysing, p\u00e5peikar brannvesenet.<\/p>\n<p>Hovudregelen er at folk skal komme seg s\u00e5 fort som mogleg ut p\u00e5 eiga hand.<\/p>\n<p>Og d\u00e5 er det avgjerande med ein r\u00f8ykvarslar som varslar tidleg.<\/p>\n<p>Dobbelt s\u00e5 mange d\u00f8dsbrannar i desember<\/p>\n<p>P\u00e5 m\u00e5ndag 1. desember er det r\u00f8ykvarslaren sin dag.<\/p>\n<p>Det er ein dag du blir p\u00e5mint \u00e5 sjekke og halde r\u00f8ykvarslarane ved like.<\/p>\n<p>For i Noreg er det faktisk p\u00e5bode \u00e5 ha r\u00f8ykvarslarar i bustaden.<\/p>\n<p><img decoding=\"async\"   src=\"data:image\/gif;base64,R0lGODlhAQABAIAAAAAAAP\/\/\/yH5BAEAAAAALAAAAAABAAEAAAIBRAA7\" loading=\"eager\" alt=\"To brannmenn i verneutstyr sitter p\u00e5 bakken, mens flammer kommer opp fra veggen bak dem. En brannmann sprayer vann mot brannen. R\u00f8yk og varme omgivelser er tydelige i bildet. Det er m\u00f8rkt rundt, noe som fremhever flammenes lys.\" title=\"Foto: H\u00e5kon Mosvold Larsen \/ NTB\"\/><\/p>\n<p class=\"\">Dei fleste d\u00f8dsbrannar skjer i heimen, og menn er framleis overrepresentert.<\/p>\n<p>Foto: H\u00e5kon Mosvold Larsen \/ NTB<\/p>\n<p><strong>Hittil i \u00e5r har 37 personar omkomne i brann. <\/strong><\/p>\n<p><strong>Det er seks fleire enn snittet dei siste fire \u00e5ra.<\/strong><\/p>\n<p>No er vi inne i h\u00f8gsesongen for d\u00f8dsbrannar.<\/p>\n<p>I desember d\u00f8yr dobbelt s\u00e5 mange i brann som elles i \u00e5ret, opplyser Brannvernforeininga.<\/p>\n<p>    <img decoding=\"async\" class=\"dh-video-videoLoop__fallbackImage\" src=\"https:\/\/www.europesays.com\/no\/wp-content\/uploads\/2025\/11\/06a93939-bc01-493e-a939-39bc01793e97_360.jpg\" alt=\"\"\/><video preload=\"none\" muted=\"\" poster=\"https:\/\/www.europesays.com\/no\/wp-content\/uploads\/2025\/11\/06a93939-bc01-493e-a939-39bc01793e97_360.jpg\" style=\"--poster:url(https:\/\/www.europesays.com\/no\/wp-content\/uploads\/2025\/11\/06a93939-bc01-493e-a939-39bc01793e97_360.jpg);\"><\/video><img decoding=\"async\" class=\"dh-video-videoLoop__fallbackImage\" src=\"https:\/\/www.europesays.com\/no\/wp-content\/uploads\/2025\/11\/06a93939-bc01-493e-a939-39bc01793e97_720.jpg\" alt=\"\"\/><video preload=\"none\" muted=\"\" poster=\"https:\/\/www.europesays.com\/no\/wp-content\/uploads\/2025\/11\/06a93939-bc01-493e-a939-39bc01793e97_720.jpg\" style=\"--poster:url(https:\/\/www.europesays.com\/no\/wp-content\/uploads\/2025\/11\/06a93939-bc01-493e-a939-39bc01793e97_720.jpg);\"><\/video><img decoding=\"async\" class=\"dh-video-videoLoop__fallbackImage\" src=\"https:\/\/www.europesays.com\/no\/wp-content\/uploads\/2025\/11\/06a93939-bc01-493e-a939-39bc01793e97_1080.jpg\" alt=\"\"\/><video preload=\"none\" muted=\"\" poster=\"https:\/\/www.europesays.com\/no\/wp-content\/uploads\/2025\/11\/06a93939-bc01-493e-a939-39bc01793e97_1080.jpg\" style=\"--poster:url(https:\/\/www.europesays.com\/no\/wp-content\/uploads\/2025\/11\/06a93939-bc01-493e-a939-39bc01793e97_1080.jpg);\"><\/video><\/p>\n<p>Branninspekt\u00f8r Frode Michaelsen f\u00f8lgde stige\u00f8vinga fr\u00e5 bakken.<\/p>\n<p>\u2013 Brann utviklar seg sv\u00e6rt raskt. Det kan bli overtenning p\u00e5 f\u00e5 minutt. Derfor er tidleg varsling heilt avgjerande i alle bygg, seier branninspekt\u00f8r Frode Michaelsen.<\/p>\n<p>Dei mest utsette er eldre med hjelpebehov, rusavhengige og personar med psykiske utfordringar.<\/p>\n<p><strong>\u2013 Utsette m\u00e5 f\u00e5 hjelp til \u00e5 sjekke r\u00f8ykvarslarane sine. Fungerer dei faktisk?, sp\u00f8r Michealsen.<\/strong><\/p>\n<p>R\u00f8ykvarslaren b\u00f8r bli sjekka ein gong i m\u00e5naden.<\/p>\n<p>I tillegg m\u00e5 dei bli bytt ut kvart \u00e5ttande til tiande \u00e5r.<\/p>\n<p>\u00c5tvarar mot falsk alarm<\/p>\n<p>Omtrent \u00e9in av ti norske bustader har fungerande r\u00f8ykvarslar, if\u00f8lgje <a href=\"https:\/\/brannvernforeningen.no\/aktuelt\/kampanjer\/roykvarslerdagen\" ec-id=\"https:\/\/brannvernforeningen.no\/aktuelt\/kampanjer\/roykvarslerdagen\" ec-name=\"DSB.\" rel=\"nofollow noopener\" target=\"_blank\">DSB.<\/a><\/p>\n<p>Og mange har berre \u00e9in varslar i heile huset.<\/p>\n<p>\u2013 Det held ikkje, seier branninspekt\u00f8r Michaelsen.<\/p>\n<p>        Har du hugsa \u00e5 sjekke r\u00f8ykvarslaren din?<\/p>\n<p>        Sj\u00f8lvsagd!<\/p>\n<p>        Det har eg ikkje gjort p\u00e5 fleire \u00e5r \u2026<\/p>\n<p>        Nei, men eg skal gjere det med ein gong.<\/p>\n<p>      Vis resultat<\/p>\n<p class=\"pin-nrkno-poll__disclaimer\">\n    Denne avstemningen viser ikke hva befolkningen mener om sp\u00f8rsm\u00e5let.<br \/>\n    Resultatet viser hva de som selv har valgt \u00e5 stemme mener,<br \/>\n    og avstemningen har ikke et utvalg som gj\u00f8r den representativ for alle som bor i landet.\n  <\/p>\n<p>Har du opplevd \u00e5 springe stressa ut av huset n\u00e5r brannalarmen g\u00e5r, for s\u00e5 \u00e5 oppdage at det berre var ei \u00f8ving \u2013 eller ein falsk alarm?<\/p>\n<p>Det b\u00f8r du fortsette \u00e5 gjere, seier branninspekt\u00f8r Michaelsen.<\/p>\n<p><strong>Han understrekar at det er avgjerande \u00e5 ta alle alarmar p\u00e5 alvor.<\/strong><\/p>\n<p>\u2013 Mange antar dessverre at alarmen \u00absikkert er falsk\u00bb, og reagerer ikkje raskt nok.<\/p>\n<p>\u2013 Ein skal alltid handtere ein alarm som om det faktisk er alvor, seier han.<\/p>\n<p>Nokon som tok ei \u00f8ving p\u00e5 alvor, var NRK sin reporter d\u00e5 han klatra ned brannstigen.<\/p>\n<p>    <img decoding=\"async\" class=\"dh-video-videoLoop__fallbackImage\" src=\"https:\/\/www.europesays.com\/no\/wp-content\/uploads\/2025\/11\/1ff7b59a-ef45-4fca-b7b5-9aef45ffca4d_360.jpg\" alt=\"\"\/><video preload=\"none\" muted=\"\" poster=\"https:\/\/www.europesays.com\/no\/wp-content\/uploads\/2025\/11\/1ff7b59a-ef45-4fca-b7b5-9aef45ffca4d_360.jpg\" style=\"--poster:url(https:\/\/www.europesays.com\/no\/wp-content\/uploads\/2025\/11\/1ff7b59a-ef45-4fca-b7b5-9aef45ffca4d_360.jpg);\"><\/video><img decoding=\"async\" class=\"dh-video-videoLoop__fallbackImage\" src=\"https:\/\/www.europesays.com\/no\/wp-content\/uploads\/2025\/11\/1ff7b59a-ef45-4fca-b7b5-9aef45ffca4d_720.jpg\" alt=\"\"\/><video preload=\"none\" muted=\"\" poster=\"https:\/\/www.europesays.com\/no\/wp-content\/uploads\/2025\/11\/1ff7b59a-ef45-4fca-b7b5-9aef45ffca4d_720.jpg\" style=\"--poster:url(https:\/\/www.europesays.com\/no\/wp-content\/uploads\/2025\/11\/1ff7b59a-ef45-4fca-b7b5-9aef45ffca4d_720.jpg);\"><\/video><img decoding=\"async\" class=\"dh-video-videoLoop__fallbackImage\" src=\"https:\/\/www.europesays.com\/no\/wp-content\/uploads\/2025\/11\/1ff7b59a-ef45-4fca-b7b5-9aef45ffca4d_1080.jpg\" alt=\"\"\/><video preload=\"none\" muted=\"\" poster=\"https:\/\/www.europesays.com\/no\/wp-content\/uploads\/2025\/11\/1ff7b59a-ef45-4fca-b7b5-9aef45ffca4d_1080.jpg\" style=\"--poster:url(https:\/\/www.europesays.com\/no\/wp-content\/uploads\/2025\/11\/1ff7b59a-ef45-4fca-b7b5-9aef45ffca4d_1080.jpg);\"><\/video><\/p>\n<p>Reporter Kale Turkerud fekk testa h\u00f8gde\u00adskrekken i brannstigen.<\/p>\n<p>Etter 32 meter sto han trygt p\u00e5 bakken igjen, litt meir f\u00f8rebudd dersom det ein dag ikkje skulle vere ei \u00f8ving.<\/p>\n<p>Publisert<\/p>\n<p>30.11.2025, kl. 22.29<\/p>\n","protected":false},"excerpt":{"rendered":"Det byrjar \u00e5 brenne i blokka du bur i. Men r\u00f8yk og flammar sperrar r\u00f8mmingsvegen din. D\u00e5 kan&hellip;\n","protected":false},"author":2,"featured_media":100958,"comment_status":"","ping_status":"","sticky":false,"template":"","format":"standard","meta":{"footnotes":""},"categories":[10],"tags":[20,21,24,25,15,22,23,13,30,28,29,14,16,26,27],"class_list":{"0":"post-100957","1":"post","2":"type-post","3":"status-publish","4":"format-standard","5":"has-post-thumbnail","7":"category-norge","8":"tag-breaking-news","9":"tag-breakingnews","10":"tag-featured-news","11":"tag-featurednews","12":"tag-headlines","13":"tag-latest-news","14":"tag-latestnews","15":"tag-news","16":"tag-no","17":"tag-norge","18":"tag-norway","19":"tag-nyheter","20":"tag-overskrifter","21":"tag-top-stories","22":"tag-topstories"},"share_on_mastodon":{"url":"https:\/\/pubeurope.com\/@no\/115640925238026525","error":""},"_links":{"self":[{"href":"https:\/\/www.europesays.com\/no\/wp-json\/wp\/v2\/posts\/100957","targetHints":{"allow":["GET"]}}],"collection":[{"href":"https:\/\/www.europesays.com\/no\/wp-json\/wp\/v2\/posts"}],"about":[{"href":"https:\/\/www.europesays.com\/no\/wp-json\/wp\/v2\/types\/post"}],"author":[{"embeddable":true,"href":"https:\/\/www.europesays.com\/no\/wp-json\/wp\/v2\/users\/2"}],"replies":[{"embeddable":true,"href":"https:\/\/www.europesays.com\/no\/wp-json\/wp\/v2\/comments?post=100957"}],"version-history":[{"count":0,"href":"https:\/\/www.europesays.com\/no\/wp-json\/wp\/v2\/posts\/100957\/revisions"}],"wp:featuredmedia":[{"embeddable":true,"href":"https:\/\/www.europesays.com\/no\/wp-json\/wp\/v2\/media\/100958"}],"wp:attachment":[{"href":"https:\/\/www.europesays.com\/no\/wp-json\/wp\/v2\/media?parent=100957"}],"wp:term":[{"taxonomy":"category","embeddable":true,"href":"https:\/\/www.europesays.com\/no\/wp-json\/wp\/v2\/categories?post=100957"},{"taxonomy":"post_tag","embeddable":true,"href":"https:\/\/www.europesays.com\/no\/wp-json\/wp\/v2\/tags?post=100957"}],"curies":[{"name":"wp","href":"https:\/\/api.w.org\/{rel}","templated":true}]}}