{"id":100959,"date":"2025-11-30T22:15:16","date_gmt":"2025-11-30T22:15:16","guid":{"rendered":"https:\/\/www.europesays.com\/no\/100959\/"},"modified":"2025-11-30T22:15:16","modified_gmt":"2025-11-30T22:15:16","slug":"kirsti-bergsto-sv-tar-oppgjor-med-jonas-gahr-store-ap","status":"publish","type":"post","link":"https:\/\/www.europesays.com\/no\/100959\/","title":{"rendered":"Kirsti Bergst\u00f8 (SV) tar oppgj\u00f8r med Jonas Gahr St\u00f8re (Ap)"},"content":{"rendered":"\n<p class=\"_lead_o9xde_2 _lead_xtcu6_50 layout-component text-serif-m layout-normal text-serif-l layout-component layout-wide layout-padded _wide_17hqh_1 layout-padded\">SV vil heller ikke stemme for budsjettforslaget, sier leder Kirsti Bergst\u00f8. Hun bruker harde ord mot statsminister Jonas Gahr St\u00f8re (Ap).<\/p>\n<p><img alt=\"VIL STEMME MOT: SV-leder Kirsti Bergst\u00f8 maner til videre forhandlinger om statsbudsjett.  Foto: Thomas Fure \/ NTB\" class=\"_image_qp4xg_65 layout-component layout-wide\" data-fullscreen- data-track-element-type=\"Article image fullscreen\" data-track-name=\"ImageFullscreen\" fetchpriority=\"high\" decoding=\"sync\" loading=\"eager\" height=\"6336\" itemprop=\"image\"  src=\"https:\/\/www.europesays.com\/no\/wp-content\/uploads\/2025\/11\/d7507ec7-782b-4fc5-b7d2-fe8903de7c8f\"  style=\"object-position:0% 0%\" width=\"9504\"\/>VIL STEMME MOT: SV-leder Kirsti Bergst\u00f8 maner til videre forhandlinger om statsbudsjett.  Foto: Thomas Fure \/ NTB<\/p>\n<ul aria-hidden=\"true\" class=\"_images_1uft6_111\">\n<li><a class=\"_link_1uft6_116\" href=\"https:\/\/www.vg.no\/forfatter\/bjoern-haugan\" style=\"z-index:2\" title=\"Bj\u00f8rn Haugan\" rel=\"nofollow noopener\" target=\"_blank\"><img alt=\"Bilde av Bj\u00f8rn Haugan\" class=\"_image_1uft6_93\" fetchpriority=\"low\" loading=\"lazy\" decoding=\"async\" itemprop=\"image\"  src=\"https:\/\/www.europesays.com\/no\/wp-content\/uploads\/2025\/11\/1764540912_211_6e157728-9e48-4dce-80f0-802581687058\"  width=\"480\"\/><\/a><\/li>\n<li><a class=\"_link_1uft6_116\" href=\"https:\/\/www.vg.no\/forfatter\/anja-ariel-toernes-brekke\" style=\"z-index:1\" title=\"Anja A. T. Brekke\" rel=\"nofollow noopener\" target=\"_blank\"><img alt=\"Bilde av Anja A. T. Brekke\" class=\"_image_1uft6_93\" fetchpriority=\"low\" loading=\"lazy\" decoding=\"async\" itemprop=\"image\"  src=\"https:\/\/www.europesays.com\/no\/wp-content\/uploads\/2025\/11\/1764540913_875_064db0a6-f784-4fee-a84a-81e3f5807bb6\"  width=\"480\"\/><\/a><\/li>\n<\/ul>\n<p> Oppdatert s\u00f8ndag 30. november kl. 22:36    <\/p>\n<ul class=\"_list_o9xde_3 _list_64s2r_85 _unordered_o9xde_106 text-sans-m\">\n<li class=\"_item_o9xde_30\">SVs leder Kirsti Bergst\u00f8 kritiserer statsminister Jonas Gahr St\u00f8re for \u00e5 fremme et budsjett med mindretall i ryggen.<\/li>\n<li class=\"_item_o9xde_30\">Ap inngikk budsjettforlik med Sp og R\u00f8dt, mens SV og MDG takket nei.<\/li>\n<li class=\"_item_o9xde_30\">Bergst\u00f8 mener Ap hastet fram forhandlingene og ikke sikret bred nok st\u00f8tte.<\/li>\n<li class=\"_item_o9xde_30\">SV nekter \u00e5 stemme for forslaget uten politiske endringer.<\/li>\n<\/ul>\n<p>Vis mer <\/p>\n<p class=\"_paragraph_o9xde_4 _paragraph_xtcu6_10 layout-component text-serif-m layout-normal text-serif-m layout-padded\">\u2013 Jeg mener at det er fullstendig uansvarlig \u00e5 legge frem et budsjettforslag som har et mindretall bak seg. Det er ikke trygg styring. Det er ingen forutsigbarhet, sier Bergst\u00f8 til VG s\u00f8ndag, etter en dramatisk helg i norsk politikk.<\/p>\n<p class=\"_paragraph_o9xde_4 _paragraph_xtcu6_10 layout-component text-serif-m layout-normal text-serif-m layout-padded\">Dette har skjedd: <\/p>\n<ul class=\"_list_o9xde_3 _list_xtcu6_9 _unordered_o9xde_106 layout-component text-serif-m layout-normal text-serif-m layout-padded\">\n<li class=\"_item_o9xde_30\">L\u00f8rdag valgte SV \u00e5 be om fortsettelse av forhandlingene, i stedet for \u00e5 signere mindretallsavtalen om neste \u00e5rs statsbudsjett. Det skjedde etter at MDG hadde brutt forhandlingene.<\/li>\n<li class=\"_item_o9xde_30\">Ap, Sp og R\u00f8dt ble deretter enige, men om et budsjett de ikke har flertall for i Stortinget. <\/li>\n<li class=\"_item_o9xde_30\">Det store sp\u00f8rsm\u00e5let n\u00e5 er hvordan St\u00f8re skal sikre flertall for budsjettet.<\/li>\n<\/ul>\n<p>Hevder Ap rushet<\/p>\n<p class=\"_paragraph_o9xde_4 _paragraph_xtcu6_10 layout-component text-serif-m layout-normal text-serif-m layout-padded\">Bergst\u00f8 sier Ap kunne fortsatt forhandlingene mye lenger.<\/p>\n<p class=\"_paragraph_o9xde_4 _paragraph_xtcu6_10 layout-component text-serif-m layout-normal text-serif-m layout-padded\">\u2013 Jeg \u00f8nsket at vi skulle fortsette forhandlingene, til vi faktisk var i m\u00e5l. Vi hadde tid til det. Vi kunne forhandlet det siste d\u00f8gnet og forh\u00e5pentligvis lande en enighet med en politisk helhet alle kunne st\u00e5 bak.<\/p>\n<p><img alt=\"Foto: Javad Parsa \/ NTB\" class=\"_image_qp4xg_65 layout-component layout-normal\" data-fullscreen- data-track-element-type=\"Article image fullscreen\" data-track-name=\"ImageFullscreen\" decoding=\"async\" loading=\"lazy\" height=\"3240\" itemprop=\"image\"  src=\"https:\/\/www.europesays.com\/no\/wp-content\/uploads\/2025\/11\/7db9fed7-27de-4c53-a8b5-b1d734a2641b\"  style=\"object-position:0% 0%\" width=\"4864\"\/>Foto: Javad Parsa \/ NTB<\/p>\n<p class=\"_paragraph_o9xde_4 _paragraph_xtcu6_10 layout-component text-serif-m layout-normal text-serif-m layout-padded\">Hun sier at det var Ap som rushet.<\/p>\n<p class=\"_paragraph_o9xde_4 _paragraph_xtcu6_10 layout-component text-serif-m layout-normal text-serif-m layout-padded\">\u2013 Det var tidspress. Og da havarerte det. Det er ikke godt lederskap, ikke \u00e5 evne og sikre et flertall, fordi det faktisk er veldig mange ting vi kan st\u00e5 sammen om.<\/p>\n<p class=\"_paragraph_o9xde_4 _paragraph_xtcu6_10 layout-component text-serif-m layout-normal text-serif-m layout-padded\">Hun fortsetter:<\/p>\n<p class=\"_paragraph_o9xde_4 _paragraph_xtcu6_10 layout-component text-serif-m layout-normal text-serif-m layout-padded\">\u2013 Men da m\u00e5 man bygge lag, s\u00f8ke allianser og gj\u00f8re hverandre gode.<\/p>\n<p><img alt=\"Tonje Brenna p\u00e5 Stortinget fredag, etter at budsjettforhandlingene ble l\u00f8ftet til de parlamentariske lederne.   Foto: Jonas Been Henriksen \/ NTB\" class=\"_image_qp4xg_65 layout-component layout-normal\" data-fullscreen- data-track-element-type=\"Article image fullscreen\" data-track-name=\"ImageFullscreen\" decoding=\"async\" loading=\"lazy\" height=\"5464\" itemprop=\"image\"  src=\"https:\/\/www.europesays.com\/no\/wp-content\/uploads\/2025\/11\/8addabec-23df-4007-bb68-678580fb23b5\"  style=\"object-position:0% 0%\" width=\"8192\"\/>Tonje Brenna p\u00e5 Stortinget fredag, etter at budsjettforhandlingene ble l\u00f8ftet til de parlamentariske lederne.   Foto: Jonas Been Henriksen \/ NTB<\/p>\n<p class=\"_paragraph_o9xde_4 _paragraph_xtcu6_10 layout-component text-serif-m layout-normal text-serif-m layout-padded\">VG har presentert kritikken og bedt om svar fra statsminister Jonas Gahr St\u00f8re. Nestleder og parlamentarisk leder i Ap, Tonje Brenna, svarer: <\/p>\n<p class=\"_paragraph_o9xde_4 _paragraph_xtcu6_10 layout-component text-serif-m layout-normal text-serif-m layout-padded\">\u2013 V\u00e5rt m\u00e5l er \u00e5 f\u00e5 dette budsjettet vedtatt i Stortinget. Arbeiderpartiet har v\u00e6rt helt tydelig hele veien, p\u00e5 hvor v\u00e5re grenser g\u00e5r b\u00e5de n\u00e5r det kommer til oljepolitikken og oljefondet. Det har SV ogs\u00e5 visst godt om, skriver hun i en melding til VG.<\/p>\n<p class=\"_paragraph_o9xde_4 _paragraph_xtcu6_10 layout-component text-serif-m layout-normal text-serif-m layout-padded\">\u2013 Vi har frister som er viktige for demokratiet og for \u00e5 sikre en ansvarlig budsjettprosess, sier hun videre. <\/p>\n<p class=\"font-weight-semi-bold color-accent label-medium _label_16v91_20\">Her er St\u00f8res muligheter<\/p>\n<ul class=\"_list_o9xde_3 _list_xtcu6_9 _list_16v91_9 _unordered_o9xde_106 layout-component text-serif-m layout-normal text-sans-m layout-padded\">\n<li class=\"_item_o9xde_30\">G\u00e5 til SV og MDG med nye tilbud.<\/li>\n<li class=\"_item_o9xde_30\">H\u00e5pe p\u00e5 at SV og MDG snur og st\u00f8tter budsjettforslaget likevel.<\/li>\n<li class=\"_item_o9xde_30\">Sjekke om andre partier p\u00e5 h\u00f8yresida vil st\u00f8tte budsjettet hans. Han har sagt at det ikke er aktuelt n\u00e5.<\/li>\n<li class=\"_item_o9xde_30\">Sette hardt mot hardt og stille kabinettsp\u00f8rsm\u00e5l. Det betyr at han truer med \u00e5 g\u00e5 av dersom ikke statsbudsjettet f\u00e5r flertall.<\/li>\n<li class=\"_item_o9xde_30\">Det kan skje allerede fredag. Da skal budsjettet diskuteres og budsjettrammene vedtas i Stortinget.  <\/li>\n<\/ul>\n<p>Vis mer<\/p>\n<p class=\"_paragraph_o9xde_4 _paragraph_xtcu6_10 layout-component text-serif-m layout-normal text-serif-m layout-padded\">Bergst\u00f8 angriper Ap ved \u00e5 forsvare MDG.<\/p>\n<p class=\"_paragraph_o9xde_4 _paragraph_xtcu6_10 layout-component text-serif-m layout-normal text-serif-m layout-padded\">\u2013 Det sier seg selv at det er veldig krevende for MDG \u00e5 g\u00e5 inn for et budsjett som faktisk \u00f8ker klimautslippene:<\/p>\n<p class=\"_paragraph_o9xde_4 _paragraph_xtcu6_10 layout-component text-serif-m layout-normal text-serif-m layout-padded\">\u2013 Det hadde v\u00e6rt mulig \u00e5 gj\u00f8re noe med, hvis det var vilje til \u00e5 finne l\u00f8sninger. Derfor synes jeg det er veldig uansvarlig \u00e5 forhaste frem et mindretallsforslag, i stedet for \u00e5 ta tiden man trengte for \u00e5 lande det flertallet som ville sikre forutsigbarhet i behandlingen videre.<\/p>\n<p>Vil ikke stemme for<\/p>\n<p class=\"_paragraph_o9xde_4 _paragraph_xtcu6_10 layout-component text-serif-m layout-normal text-serif-m layout-padded\">MDG-leder Arild Hermstad sa til VG tidligere i dag at de ikke vil stemme for forslaget som Ap har kommet til enighet med Sp og R\u00f8dt om.<\/p>\n<p class=\"_paragraph_o9xde_4 _paragraph_xtcu6_10 layout-component text-serif-m layout-normal text-serif-m layout-padded\">\u2013 Vi kommer ikke til \u00e5 stemme for det, heller ikke subsidi\u00e6rtsubsidi\u00e6rtEn subsidi\u00e6r votering vil si at et parti kan markere sin motstand ved \u00e5 f\u00f8rst stemme mot et budsjettforslag. Deretter vil man i en ny runde med votering stemme subsidi\u00e6rt, alts\u00e5 stemme for forslaget selv om man er imot. Dette gj\u00f8res for \u00e5 unng\u00e5 en regjeringskrise., uten at det skjer noen form for politiske endringer, sier SV-lederen.<\/p>\n<p><img alt=\"Foto: Jonas Been Henriksen \/ NTB\" class=\"_image_qp4xg_65 layout-component layout-normal\" data-fullscreen- data-track-element-type=\"Article image fullscreen\" data-track-name=\"ImageFullscreen\" decoding=\"async\" loading=\"lazy\" height=\"5464\" itemprop=\"image\"  src=\"https:\/\/www.europesays.com\/no\/wp-content\/uploads\/2025\/11\/4f9837c9-98c3-4633-b3ff-03284296740a\"  style=\"object-position:0% 0%\" width=\"8192\"\/>Foto: Jonas Been Henriksen \/ NTB<\/p>\n<p class=\"_paragraph_o9xde_4 _paragraph_xtcu6_10 layout-component text-serif-m layout-normal text-serif-m layout-padded\">Hun sier at SV har satt veldig tydelige spor etter seg i det budsjettforslaget som er lagt frem.<\/p>\n<p class=\"_paragraph_o9xde_4 _paragraph_xtcu6_10 layout-component text-serif-m layout-normal text-serif-m layout-padded\">\u2013 B\u00e5de tannhelsereformen, \u00f8kt bemanning i barnehager, stopp av gruvedrift p\u00e5 havbunnen, er saker som er viktige for oss:<\/p>\n<p class=\"_paragraph_o9xde_4 _paragraph_xtcu6_10 layout-component text-serif-m layout-normal text-serif-m layout-padded\">\u2013 S\u00e5 avstanden mellom partiene var ikke s\u00e5 stor, at det hadde v\u00e6rt umulig \u00e5 finne l\u00f8sninger.<\/p>\n<p>Vil ta nye initiativ<\/p>\n<p class=\"_paragraph_o9xde_4 _paragraph_xtcu6_10 layout-component text-serif-m layout-normal text-serif-m layout-padded\">Hun sier at de ikke vil gi opp, men ta nye initiativ til full r\u00f8dgr\u00f8nn enighet om budsjettet.<\/p>\n<p class=\"_paragraph_o9xde_4 _paragraph_xtcu6_10 layout-component text-serif-m layout-normal text-serif-m layout-padded\">\u2013 Vi kommer jo selvf\u00f8lgelig til \u00e5 ta v\u00e5re initiativ.<\/p>\n<p class=\"_paragraph_o9xde_4 _paragraph_xtcu6_10 layout-component text-serif-m layout-normal text-serif-m layout-padded\">\u2013 Hva da?<\/p>\n<p class=\"_paragraph_o9xde_4 _paragraph_xtcu6_10 layout-component text-serif-m layout-normal text-serif-m layout-padded\">\u2013 De kommer jeg tilbake til. Det er et stort ansvar \u00e5 lede landet, og det er et stort ansvar \u00e5 ha mindretall. Da m\u00e5 man klare \u00e5 v\u00e6re raus og gj\u00f8re hverandre gode.<\/p>\n<p><img alt=\"Foto: Thomas Fure \/ NTB\" class=\"_image_qp4xg_65 layout-component layout-normal\" data-fullscreen- data-track-element-type=\"Article image fullscreen\" data-track-name=\"ImageFullscreen\" decoding=\"async\" loading=\"lazy\" height=\"5715\" itemprop=\"image\"  src=\"https:\/\/www.europesays.com\/no\/wp-content\/uploads\/2025\/11\/f0cb14e7-a2b1-4b1c-9e9d-ecf6791695a4\"  style=\"object-position:0% 0%\" width=\"8572\"\/>Foto: Thomas Fure \/ NTB<\/p>\n<p class=\"_paragraph_o9xde_4 _paragraph_xtcu6_10 layout-component text-serif-m layout-normal text-serif-m layout-padded\">\u2013 Hva sier du til St\u00f8re?<\/p>\n<p class=\"_paragraph_o9xde_4 _paragraph_xtcu6_10 layout-component text-serif-m layout-normal text-serif-m layout-padded\">\u2013 At han har et flertall bak seg i Stortinget, som han kan utl\u00f8se, hvis han vil.<br \/>Han kan f\u00e5 til det hvis han er klok. Hittil har han ikke klart \u00e5 samle det r\u00f8de og gr\u00f8nne laget. Det b\u00f8r han benytte anledningen til:<\/p>\n<p class=\"_paragraph_o9xde_4 _paragraph_xtcu6_10 layout-component text-serif-m layout-normal text-serif-m layout-padded\">Hun sier at det r\u00f8dgr\u00f8nne flertallet kan vedta i Stortinget at behandlingsfristene utsettes ytterligere.<\/p>\n<p class=\"_paragraph_o9xde_4 _paragraph_xtcu6_10 layout-component text-serif-m layout-normal text-serif-m layout-padded\">\u2013 Det er fremdeles tid for samtaler p\u00e5 r\u00f8dgr\u00f8nn side. De samtalene, de b\u00f8r settes i gang.<br \/>B\u00e5de for \u00e5 finne l\u00f8sninger her og n\u00e5, men ogs\u00e5 for \u00e5 faktisk forst\u00e5 hverandre bedre.<\/p>\n<p class=\"_paragraph_o9xde_4 _paragraph_xtcu6_10 layout-component text-serif-m layout-normal text-serif-m layout-padded\">Hun legger til:<\/p>\n<p class=\"_paragraph_o9xde_4 _paragraph_xtcu6_10 layout-component text-serif-m layout-normal text-serif-m layout-padded\">\u2013 Og det kunne v\u00e6re godt lederskap \u2013 for det flertallet er St\u00f8re avhengig av fremover.<br \/>B\u00e5de for dette budsjettet, men ogs\u00e5 for fremtidige budsjetter.<\/p>\n","protected":false},"excerpt":{"rendered":"SV vil heller ikke stemme for budsjettforslaget, sier leder Kirsti Bergst\u00f8. Hun bruker harde ord mot statsminister Jonas&hellip;\n","protected":false},"author":2,"featured_media":100960,"comment_status":"","ping_status":"","sticky":false,"template":"","format":"standard","meta":{"footnotes":""},"categories":[10],"tags":[20,21,24,25,15,201,2471,22,23,13,30,28,281,29,14,16,8578,26,27,205],"class_list":{"0":"post-100959","1":"post","2":"type-post","3":"status-publish","4":"format-standard","5":"has-post-thumbnail","7":"category-norge","8":"tag-breaking-news","9":"tag-breakingnews","10":"tag-featured-news","11":"tag-featurednews","12":"tag-headlines","13":"tag-jonas-gahr-store","14":"tag-kirsti-bergsto","15":"tag-latest-news","16":"tag-latestnews","17":"tag-news","18":"tag-no","19":"tag-norge","20":"tag-norsk-politikk","21":"tag-norway","22":"tag-nyheter","23":"tag-overskrifter","24":"tag-statsbudsjettet","25":"tag-top-stories","26":"tag-topstories","27":"tag-vgsamfunn"},"share_on_mastodon":{"url":"https:\/\/pubeurope.com\/@no\/115640960792226055","error":""},"_links":{"self":[{"href":"https:\/\/www.europesays.com\/no\/wp-json\/wp\/v2\/posts\/100959","targetHints":{"allow":["GET"]}}],"collection":[{"href":"https:\/\/www.europesays.com\/no\/wp-json\/wp\/v2\/posts"}],"about":[{"href":"https:\/\/www.europesays.com\/no\/wp-json\/wp\/v2\/types\/post"}],"author":[{"embeddable":true,"href":"https:\/\/www.europesays.com\/no\/wp-json\/wp\/v2\/users\/2"}],"replies":[{"embeddable":true,"href":"https:\/\/www.europesays.com\/no\/wp-json\/wp\/v2\/comments?post=100959"}],"version-history":[{"count":0,"href":"https:\/\/www.europesays.com\/no\/wp-json\/wp\/v2\/posts\/100959\/revisions"}],"wp:featuredmedia":[{"embeddable":true,"href":"https:\/\/www.europesays.com\/no\/wp-json\/wp\/v2\/media\/100960"}],"wp:attachment":[{"href":"https:\/\/www.europesays.com\/no\/wp-json\/wp\/v2\/media?parent=100959"}],"wp:term":[{"taxonomy":"category","embeddable":true,"href":"https:\/\/www.europesays.com\/no\/wp-json\/wp\/v2\/categories?post=100959"},{"taxonomy":"post_tag","embeddable":true,"href":"https:\/\/www.europesays.com\/no\/wp-json\/wp\/v2\/tags?post=100959"}],"curies":[{"name":"wp","href":"https:\/\/api.w.org\/{rel}","templated":true}]}}