{"id":100961,"date":"2025-11-30T22:17:12","date_gmt":"2025-11-30T22:17:12","guid":{"rendered":"https:\/\/www.europesays.com\/no\/100961\/"},"modified":"2025-11-30T22:17:12","modified_gmt":"2025-11-30T22:17:12","slug":"sno-ostlandet-snoen-legger-seg-pa-mange-hovedveier-pa-ostlandet","status":"publish","type":"post","link":"https:\/\/www.europesays.com\/no\/100961\/","title":{"rendered":"Sn\u00f8, \u00d8stlandet | Sn\u00f8en legger seg p\u00e5 mange hovedveier p\u00e5 \u00d8stlandet"},"content":{"rendered":"\n<p>S\u00f8ndag morgen sn\u00f8r det til dels kraftig mange steder p\u00e5 \u00d8stlandet, akkurat som meteorologene varslet om da de sendte ut gult farevarsel l\u00f8rdag.<\/p>\n<p>P\u00e5 webkameraene til Statens vegvesen ser man hvordan det er hvit vei med svarte hjulspor helt fra s\u00f8r for Drammen og nord\u00f8st over p\u00e5 E18 mot Oslo.<\/p>\n<p><b>Les ogs\u00e5: <a href=\"https:\/\/www.nettavisen.no\/nyheter\/opplysninger-til-nettavisen-stemmer-mot-budsjettet\/s\/5-95-2754424\" rel=\"Follow nofollow noopener\" target=\"_blank\">Opplysninger til Nettavisen: Stemmer mot budsjettet<\/a><\/b><\/p>\n<p>I Oslo sentrum er det regn og sludd, men bilistene skal ikke kj\u00f8re langt nordover p\u00e5 E6 f\u00f8r de m\u00f8ter sn\u00f8en, kanskje for f\u00f8rste gang denne vinteren.<\/p>\n<p>L\u00f8rdag sendte Meteorologisk institutt ut gult farevarsel om sn\u00f8<\/p>\n<p>\u2013 Lokalt kan det komme 10\u201320 centimeter sn\u00f8, men i kystn\u00e6re str\u00f8k blir det for det meste regn, opplyste <a href=\"https:\/\/www.yr.no\/nb\/meteorologene\/6552a1b6-7dad-43d8-93b9-7f46f8e95b78\" rel=\"nofollow noopener\" target=\"_blank\">Yr.<\/a><\/p>\n<p>Meteorologene oppfordrer i varselet folk til \u00e5 v\u00e6re forsiktig i trafikken der sn\u00f8en legger seg p\u00e5 bakken. Varslet gjelder ut helgen.<\/p>\n<p>\u2013 Det ser veldig likt ut slik som vi s\u00e5 for oss det da vi sendte ut farevarselet l\u00f8rdag. Langs kysten er det stort sett plussgrader og Oslo er akkurat p\u00e5 grensen til \u00e5 f\u00e5 sn\u00f8, sier vakthavende meteorolog Eldbj\u00f8rg Moxnes til NTB.<\/p>\n<p><b>Les ogs\u00e5: <a class=\"simple-relation related-teaser article--c-eRUmMG article--c-eRUmMG-fZoQSp-design-nettavisen article--c-eRUmMG-gwthdJ-cv\" href=\"https:\/\/www.nettavisen.no\/tilbudskaos-for-lego-eksperter-advarer\/s\/5-95-2753114\" rel=\"nofollow noopener\" target=\"_blank\">Tilbudskaos for Lego: Eksperter advarer<\/a><\/b><\/p>\n<p>\u2013 Kommer til \u00e5 sn\u00f8 hele dag<\/p>\n<p>Hun tror ikke det blir store mengder sn\u00f8 i Oslo.<\/p>\n<p>\u2013 Men du skal ikke langt innover i landet f\u00f8r det kommer til \u00e5 sn\u00f8 hele dagen, rundt 10 centimeter og opp mot 20. Det er ikke ekstreme mengder, men det f\u00f8rste ordentlige sn\u00f8fallet denne vinteren. Og den f\u00f8rste sn\u00f8en kommer alltid litt overraskende, sier hun.<\/p>\n<p>Det er store lokale forskjeller. P\u00e5 steder der det klarnet opp natt til s\u00f8ndag, falt temperaturen og det blir sn\u00f8, mens steder ikke langt unna f\u00e5r regn eller sludd.<\/p>\n","protected":false},"excerpt":{"rendered":"S\u00f8ndag morgen sn\u00f8r det til dels kraftig mange steder p\u00e5 \u00d8stlandet, akkurat som meteorologene varslet om da de&hellip;\n","protected":false},"author":2,"featured_media":100962,"comment_status":"","ping_status":"","sticky":false,"template":"","format":"standard","meta":{"footnotes":""},"categories":[5],"tags":[20,21,24,25,15,19,22,23,17,18,13,30,28,29,14,16,26,27],"class_list":{"0":"post-100961","1":"post","2":"type-post","3":"status-publish","4":"format-standard","5":"has-post-thumbnail","7":"category-overskrifter","8":"tag-breaking-news","9":"tag-breakingnews","10":"tag-featured-news","11":"tag-featurednews","12":"tag-headlines","13":"tag-hovedoppslag","14":"tag-latest-news","15":"tag-latestnews","16":"tag-main-news","17":"tag-mainnews","18":"tag-news","19":"tag-no","20":"tag-norge","21":"tag-norway","22":"tag-nyheter","23":"tag-overskrifter","24":"tag-top-stories","25":"tag-topstories"},"share_on_mastodon":{"url":"https:\/\/pubeurope.com\/@no\/115640968332306499","error":""},"_links":{"self":[{"href":"https:\/\/www.europesays.com\/no\/wp-json\/wp\/v2\/posts\/100961","targetHints":{"allow":["GET"]}}],"collection":[{"href":"https:\/\/www.europesays.com\/no\/wp-json\/wp\/v2\/posts"}],"about":[{"href":"https:\/\/www.europesays.com\/no\/wp-json\/wp\/v2\/types\/post"}],"author":[{"embeddable":true,"href":"https:\/\/www.europesays.com\/no\/wp-json\/wp\/v2\/users\/2"}],"replies":[{"embeddable":true,"href":"https:\/\/www.europesays.com\/no\/wp-json\/wp\/v2\/comments?post=100961"}],"version-history":[{"count":0,"href":"https:\/\/www.europesays.com\/no\/wp-json\/wp\/v2\/posts\/100961\/revisions"}],"wp:featuredmedia":[{"embeddable":true,"href":"https:\/\/www.europesays.com\/no\/wp-json\/wp\/v2\/media\/100962"}],"wp:attachment":[{"href":"https:\/\/www.europesays.com\/no\/wp-json\/wp\/v2\/media?parent=100961"}],"wp:term":[{"taxonomy":"category","embeddable":true,"href":"https:\/\/www.europesays.com\/no\/wp-json\/wp\/v2\/categories?post=100961"},{"taxonomy":"post_tag","embeddable":true,"href":"https:\/\/www.europesays.com\/no\/wp-json\/wp\/v2\/tags?post=100961"}],"curies":[{"name":"wp","href":"https:\/\/api.w.org\/{rel}","templated":true}]}}