{"id":100971,"date":"2025-11-30T22:37:09","date_gmt":"2025-11-30T22:37:09","guid":{"rendered":"https:\/\/www.europesays.com\/no\/100971\/"},"modified":"2025-11-30T22:37:09","modified_gmt":"2025-11-30T22:37:09","slug":"heldigvis-gikk-det-veldig-fint-nrk-trondelag-lokale-nyheter-tv-og-radio","status":"publish","type":"post","link":"https:\/\/www.europesays.com\/no\/100971\/","title":{"rendered":"\u2013 Heldigvis gikk det veldig fint \u2013 NRK Tr\u00f8ndelag \u2013 Lokale nyheter, TV og radio"},"content":{"rendered":"<p>Politi og ambulanse rykker ut til melding om trafikkulykke p\u00e5 Nidarvoll s\u00f8ndag ettermiddag.<\/p>\n<p><strong>\u2013 Det er et barn som er p\u00e5kj\u00f8rt, men det ser ikke ut til \u00e5 v\u00e6re veldig alvorlig. Vedkommende skal v\u00e6re bevisst, sier operasjonsleder Trond Volden.<\/strong><\/p>\n<p>Han sier at de fikk inn meldingen klokka 17.54 og at ambulanse og politi er p\u00e5 plass p\u00e5 stedet.<\/p>\n<p>Lav hastighet<\/p>\n<p>Innsatsleder Mattis Hamborg forteller til NRK at p\u00e5kj\u00f8rselen har skjedd i relativt lav hastighet.<\/p>\n<p><strong>\u2013 Det har heldigvis g\u00e5tt veldig fint med jenta. Hun har lettere skader og er kj\u00f8rt til St. Olav av ambulanse.<\/strong><\/p>\n<p>Han forteller at hun var ute i sitt n\u00e6romr\u00e5de da hun ble truffet av kj\u00f8ret\u00f8yet og ble raskt tatt h\u00e5nd om av sine foreldre.<\/p>\n<p>\u2013 Ulykken skjedde i forbindelse med at jenta har v\u00e6rt p\u00e5 vei hjem, s\u00e5 har hun kommet ut i kj\u00f8rebanen.<\/p>\n<p><img decoding=\"async\"   src=\"data:image\/gif;base64,R0lGODlhAQABAIAAAAAAAP\/\/\/yH5BAEAAAAALAAAAAABAAEAAAIBRAA7\" loading=\"eager\" alt=\"En politi med uniform st\u00e5r foran en uskarp bakgrunn. Det sn\u00f8r lett, og gr\u00f8nn vegetasjon er synlig. Politiens utstyr inkluderer radiosamband, synlig p\u00e5 brystet. Bildeutsnittet fokuserer p\u00e5 politiens overkropp og hode, mens ansiktet er uskarpt.\" title=\"Foto: Bjarte M. Johannesen\"\/><\/p>\n<p class=\"\">Innsatsleder Mattis Hamborg sier de har en god forklaring p\u00e5 hva som har skjedd. <\/p>\n<p>Foto: Bjarte M. Johannesen<\/p>\n<p>Flere vitner<\/p>\n<p><strong>\u2013 Vi har en veldig god forklaring fra f\u00f8rer og ogs\u00e5 andre vitner, s\u00e5 vi har en grei oversikt over det som har skjedd. Og det er tydelig at det har skjedd i forholdsvis lav hastighet.<\/strong><\/p>\n<p>\u2013 Er det snakk om et midlertidig beslag av f\u00f8rerkortet?<\/p>\n<p><strong>\u2013 Slik som politiet vurderer n\u00e5, i samr\u00e5d med politijurist, vil det ikke bli tatt beslag i f\u00f8rers f\u00f8rerkort.<\/strong><\/p>\n<p>Politiet etterforsker hendelsen p\u00e5 ulykkesstedet.<\/p>\n<p>Publisert<\/p>\n<p>30.11.2025, kl. 18.46<\/p>\n<p>Oppdatert<\/p>\n<p>30.11.2025, kl. 19.14<\/p>\n","protected":false},"excerpt":{"rendered":"Politi og ambulanse rykker ut til melding om trafikkulykke p\u00e5 Nidarvoll s\u00f8ndag ettermiddag. \u2013 Det er et barn&hellip;\n","protected":false},"author":2,"featured_media":100972,"comment_status":"","ping_status":"","sticky":false,"template":"","format":"standard","meta":{"footnotes":""},"categories":[10],"tags":[20,21,24,25,15,22,23,13,30,28,29,14,16,26,27],"class_list":{"0":"post-100971","1":"post","2":"type-post","3":"status-publish","4":"format-standard","5":"has-post-thumbnail","7":"category-norge","8":"tag-breaking-news","9":"tag-breakingnews","10":"tag-featured-news","11":"tag-featurednews","12":"tag-headlines","13":"tag-latest-news","14":"tag-latestnews","15":"tag-news","16":"tag-no","17":"tag-norge","18":"tag-norway","19":"tag-nyheter","20":"tag-overskrifter","21":"tag-top-stories","22":"tag-topstories"},"share_on_mastodon":{"url":"https:\/\/pubeurope.com\/@no\/115641047078380519","error":""},"_links":{"self":[{"href":"https:\/\/www.europesays.com\/no\/wp-json\/wp\/v2\/posts\/100971","targetHints":{"allow":["GET"]}}],"collection":[{"href":"https:\/\/www.europesays.com\/no\/wp-json\/wp\/v2\/posts"}],"about":[{"href":"https:\/\/www.europesays.com\/no\/wp-json\/wp\/v2\/types\/post"}],"author":[{"embeddable":true,"href":"https:\/\/www.europesays.com\/no\/wp-json\/wp\/v2\/users\/2"}],"replies":[{"embeddable":true,"href":"https:\/\/www.europesays.com\/no\/wp-json\/wp\/v2\/comments?post=100971"}],"version-history":[{"count":0,"href":"https:\/\/www.europesays.com\/no\/wp-json\/wp\/v2\/posts\/100971\/revisions"}],"wp:featuredmedia":[{"embeddable":true,"href":"https:\/\/www.europesays.com\/no\/wp-json\/wp\/v2\/media\/100972"}],"wp:attachment":[{"href":"https:\/\/www.europesays.com\/no\/wp-json\/wp\/v2\/media?parent=100971"}],"wp:term":[{"taxonomy":"category","embeddable":true,"href":"https:\/\/www.europesays.com\/no\/wp-json\/wp\/v2\/categories?post=100971"},{"taxonomy":"post_tag","embeddable":true,"href":"https:\/\/www.europesays.com\/no\/wp-json\/wp\/v2\/tags?post=100971"}],"curies":[{"name":"wp","href":"https:\/\/api.w.org\/{rel}","templated":true}]}}