{"id":100981,"date":"2025-11-30T22:52:16","date_gmt":"2025-11-30T22:52:16","guid":{"rendered":"https:\/\/www.europesays.com\/no\/100981\/"},"modified":"2025-11-30T22:52:16","modified_gmt":"2025-11-30T22:52:16","slug":"nyheter-tromso-rolig-natt-i-vesteralen-i-nabobyene-var-det-litt-mer-liv","status":"publish","type":"post","link":"https:\/\/www.europesays.com\/no\/100981\/","title":{"rendered":"Nyheter, Troms\u00f8 | Rolig natt i Vester\u00e5len. I nabobyene var det litt mer liv"},"content":{"rendered":"\n<p>I Bod\u00f8 er det opprettet sak og en person er innbrakt av politiet etter vedkommende angrep en annen person og slo til vedkommende. Den innbrakte kom ogs\u00e5 med hatefulle ytringer. \u2013 Mistenkte var ikke edru, melder politiet.<\/p>\n<p>I Harstad ble politiet klokka 03.20 kontaktet av ordensvakter ved et av byens utesteder. De hadde en gjest som var u\u00f8nsket p\u00e5 stedet. Politiet tok kontroll p\u00e5 mannen som er i 40 \u00e5rene. Han fikk et p\u00e5legg om \u00e5 holde seg borte fra sentrum frem til klokka 12 s\u00f8ndag formiddag.<\/p>\n<p>Litt tidligere p\u00e5 natta bortviste politiet to menn i 20- og 30-\u00e5rene fra sentrum for resten av natta p\u00e5 grunn av ordensforstyrrelse.<\/p>\n<p>Politiet ble ogs\u00e5 tidligere p\u00e5 natta tilkalt til et av byens utesteder. En gjest hadde fors\u00f8kt \u00e5 komme seg inn p\u00e5 utestedet med en annen person sin ID. Mistenkte hadde forlatt stedet f\u00f8r patruljen kom frem. Eier av ID var fremdeles p\u00e5 stedet. Han bortvises fra Harstad sentrum for resten av natten.<\/p>\n<p>En person skallet i l\u00f8pet av natta til en annen, slik at vedkommende mistet ei tann. Politiet oppretter sak.<\/p>\n<p>Politiet m\u00e5tte ogs\u00e5 rykke ut til Asbj\u00f8rn Selsbanes gate for \u00e5 sikre natteroa, etter at det var kommet klager p\u00e5 en fest. Da politiet ankom stedet var festlighetene i ferd med \u00e5 roe seg ned.<\/p>\n<p>Kj\u00f8rte i midtrabatten<\/p>\n<p>I Harstad rykket politiet ut natt til s\u00f8ndag etter melding om at en bil hadde kj\u00f8rt inn i en midtrabatt. <\/p>\n<p>\u2013 Ingen skader p\u00e5 verken bil eller annet materiell. Ingen mistanke om rusp\u00e5virkning hos f\u00f8rer. Det meldes om sv\u00e6rt utfordrende kj\u00f8reforhold. Ingen videre oppf\u00f8lging, skriver politiet.<\/p>\n<p>Gikk i tunnellen<\/p>\n<p>Politiet rykket natt til s\u00f8ndag ut til Troms\u00f8ysundtunellen etter at VTS meldte at det var en person som gikk i tunellen. Tunellen ble stengt som f\u00f8lge av dette. Patruljen p\u00e5traff en mann i 50-\u00e5rene og fikk tatt kontroll p\u00e5 han. <\/p>\n<p>\u2013 Tunellen er n\u00e5 \u00e5pnet for fri ferdsel igjen. Det er tydelig skiltet p\u00e5 utsiden av tunellen at det er forbudt for g\u00e5ende og syklende. Sak opprettes, skriver politiet.<\/p>\n<p>Politiet i Troms\u00f8 m\u00e5tte ogs\u00e5 bryte opp en sl\u00e5sskamp utenfor Tempog\u00e5rden natt til s\u00f8ndag.<\/p>\n<p>\u2013 Begge unge gutter i slutten av ten\u00e5rene. Mistenkte har skallet til forn\u00e6rmede med resultat at forn\u00e6rmede har en synlig kul i panne.<\/p>\n<p>To menn i 20-\u00e5rene barket sammen p\u00e5 et utested i Troms\u00f8 natt til s\u00f8ndag. Politiet ga dem p\u00e5legg om \u00e5 holde seg unna sentrum resten av natta. Til tross for dette traff politiet litt senere p\u00e5 natta p\u00e5 en av personene i sentrum. <\/p>\n<p>\u2013 Han innbringes og settes i drukkenskapsarrest og blir anmeldt for at han ikke etterkom p\u00e5legget. Sak opprettes.<\/p>\n<p>Politiet kom i l\u00f8pet av natta over en gutt som var ruset og ute av stand til \u00e5 ta vare p\u00e5 seg selv. Gutten som er i slutten av ten\u00e5rene anmeldes for besittelse av dopingmidler. Sak opprettes.<\/p>\n<p>Nektet \u00e5 forlate bil<\/p>\n<p>Politiet i Troms\u00f8 m\u00e5tte tilkalles da ei dame i 30-\u00e5rene hadde satt seg i en tilfeldig bil, og nektet \u00e5 forlate denne. Politiet m\u00e5tte tilkalles for \u00e5 l\u00f8se opp i floka, og valgte \u00e5 sette dama i drukkenskapsarrest.<\/p>\n<p>\u2013 En mann i 20 \u00e5rene er bortvist fra Troms\u00f8 sentrum for resten av natten. Han utgjorde et ordensproblem og var sv\u00e6rt ufin i sin oppf\u00f8rsel overfor politiet, skriver politiet i ei melding fra natt til s\u00f8ndag.<\/p>\n","protected":false},"excerpt":{"rendered":"I Bod\u00f8 er det opprettet sak og en person er innbrakt av politiet etter vedkommende angrep en annen&hellip;\n","protected":false},"author":2,"featured_media":4299,"comment_status":"","ping_status":"","sticky":false,"template":"","format":"standard","meta":{"footnotes":""},"categories":[10],"tags":[36,1525,20,21,24,25,370,15,22,23,13,30,28,29,14,16,254,1510,26,27,263],"class_list":{"0":"post-100981","1":"post","2":"type-post","3":"status-publish","4":"format-standard","5":"has-post-thumbnail","7":"category-norge","8":"tag-art","9":"tag-bodo","10":"tag-breaking-news","11":"tag-breakingnews","12":"tag-featured-news","13":"tag-featurednews","14":"tag-harstad","15":"tag-headlines","16":"tag-latest-news","17":"tag-latestnews","18":"tag-news","19":"tag-no","20":"tag-norge","21":"tag-norway","22":"tag-nyheter","23":"tag-overskrifter","24":"tag-politi","25":"tag-story","26":"tag-top-stories","27":"tag-topstories","28":"tag-tromso"},"share_on_mastodon":{"url":"https:\/\/pubeurope.com\/@no\/115641105981869092","error":""},"_links":{"self":[{"href":"https:\/\/www.europesays.com\/no\/wp-json\/wp\/v2\/posts\/100981","targetHints":{"allow":["GET"]}}],"collection":[{"href":"https:\/\/www.europesays.com\/no\/wp-json\/wp\/v2\/posts"}],"about":[{"href":"https:\/\/www.europesays.com\/no\/wp-json\/wp\/v2\/types\/post"}],"author":[{"embeddable":true,"href":"https:\/\/www.europesays.com\/no\/wp-json\/wp\/v2\/users\/2"}],"replies":[{"embeddable":true,"href":"https:\/\/www.europesays.com\/no\/wp-json\/wp\/v2\/comments?post=100981"}],"version-history":[{"count":0,"href":"https:\/\/www.europesays.com\/no\/wp-json\/wp\/v2\/posts\/100981\/revisions"}],"wp:featuredmedia":[{"embeddable":true,"href":"https:\/\/www.europesays.com\/no\/wp-json\/wp\/v2\/media\/4299"}],"wp:attachment":[{"href":"https:\/\/www.europesays.com\/no\/wp-json\/wp\/v2\/media?parent=100981"}],"wp:term":[{"taxonomy":"category","embeddable":true,"href":"https:\/\/www.europesays.com\/no\/wp-json\/wp\/v2\/categories?post=100981"},{"taxonomy":"post_tag","embeddable":true,"href":"https:\/\/www.europesays.com\/no\/wp-json\/wp\/v2\/tags?post=100981"}],"curies":[{"name":"wp","href":"https:\/\/api.w.org\/{rel}","templated":true}]}}