{"id":100988,"date":"2025-11-30T23:43:17","date_gmt":"2025-11-30T23:43:17","guid":{"rendered":"https:\/\/www.europesays.com\/no\/100988\/"},"modified":"2025-11-30T23:43:17","modified_gmt":"2025-11-30T23:43:17","slug":"erasmus-pluss-droner-odda-elever-pa-utveksling-i-europa-fra-barkebiller-i-tyskland-til-droner-i-spania","status":"publish","type":"post","link":"https:\/\/www.europesays.com\/no\/100988\/","title":{"rendered":"Erasmus pluss, Droner | Odda-elever p\u00e5 utveksling i Europa: Fra barkebiller i Tyskland til droner i Spania"},"content":{"rendered":"<p>      Erasmus pluss, Droner | Odda-elever p\u00e5 utveksling i Europa: Fra barkebiller i Tyskland til droner i Spania<\/p>\n<p>        <a href=\"#main-content-begin\" class=\"maelstrom-skip-link\"><br \/>\n    G\u00e5 til sidens hovedinnhold<br \/>\n<\/a><\/p>\n<p>   <img decoding=\"async\" width=\"1920\" height=\"1440\" fetchpriority=\"high\"  loading=\"eager\"  src=\"https:\/\/www.europesays.com\/no\/wp-content\/uploads\/2025\/11\/Erasmus%2B.jpg\" alt=\"\" class=\"brick-c-cFOWSL\" style=\"--brick-image-ratio: 1920 \/ 1440;\"\/><\/p>\n<p>      Oddaelever b\u00e5de reiser p\u00e5 utveksling og tar imot elever fra andre land.<br \/>\n      Foto: Privat\n    <\/p>\n<p>    Av <a class=\"article-byline-author\" aria-label=\"Kontakt Kari Gravdal\" href=\"https:\/\/www.hardanger-folkeblad.no\/vis\/journalist\/kari@hardanger-folkeblad.no\" itemprop=\"email\" rel=\"author nofollow noopener\" target=\"_blank\"><\/p>\n<p>  Kari Gravdal<br \/>\n    <\/a><\/p>\n<p>Oppdatert: 30.11.25 20:01Publisert: 30.11.25 20:01<\/p>\n<p data-content=\"lead-text\" class=\"lead-text story brick-c-eOZvhA\">\n<p>          Odda videreg\u00e5ende skole satser stort p\u00e5 internasjonal utveksling, og elever f\u00e5r oppleve Europa, l\u00e6re om alt fra skogvern til droneteknologi, og knytte verdifulle vennskap. Cindy Oma ved Odda vgs. er stolt over engasjementet.\n      <\/p>\n<p>    Plussmerking. Denne artikkelen kan bare leses av abonenter<\/p>\n<p>  For abonnentar<\/p>\n<p>          Til toppen<\/p>\n<p>    <a href=\"https:\/\/www.hardanger-folkeblad.no\/\" class=\"logo\" rel=\"nofollow noopener\" target=\"_blank\"><br \/>\n        <img decoding=\"async\" src=\"https:\/\/assets.acdn.no\/local\/v3\/publications\/www.hardanger-folkeblad.no\/gfx\/small.svg\" alt=\"G\u00e5 til Hardanger Folkeblad hovedside\" height=\"66\" width=\"auto\" loading=\"lazy\"\/><br \/>\n    <\/a><\/p>\n<p>Hardanger Folkeblad \u00a9 2025<\/p>\n<p>    <a href=\"https:\/\/www.redaktor.no\/ressurser\/temaer\/redaktoransvar\" rel=\"noopener nofollow\" target=\"_blank\"><br \/>\n        <img decoding=\"async\" alt=\"G\u00e5 til redaktor.no for \u00e5 lese om redakt\u00f8ransvar\" class=\"redaktoransvar\" src=\"https:\/\/r.acdn.no\/brandheader\/default\/redaktoransvar.svg\" height=\"85\" width=\"85\" loading=\"lazy\"\/><br \/>\n    <\/a><\/p>\n","protected":false},"excerpt":{"rendered":"Erasmus pluss, Droner | Odda-elever p\u00e5 utveksling i Europa: Fra barkebiller i Tyskland til droner i Spania G\u00e5&hellip;\n","protected":false},"author":2,"featured_media":100989,"comment_status":"","ping_status":"","sticky":false,"template":"","format":"standard","meta":{"footnotes":""},"categories":[12],"tags":[20,21,24,25,15,22,23,13,30,28,29,14,16,26,27,42,43,44,45],"class_list":{"0":"post-100988","1":"post","2":"type-post","3":"status-publish","4":"format-standard","5":"has-post-thumbnail","7":"category-verden","8":"tag-breaking-news","9":"tag-breakingnews","10":"tag-featured-news","11":"tag-featurednews","12":"tag-headlines","13":"tag-latest-news","14":"tag-latestnews","15":"tag-news","16":"tag-no","17":"tag-norge","18":"tag-norway","19":"tag-nyheter","20":"tag-overskrifter","21":"tag-top-stories","22":"tag-topstories","23":"tag-verden","24":"tag-world","25":"tag-world-news","26":"tag-worldnews"},"share_on_mastodon":{"url":"https:\/\/pubeurope.com\/@no\/115641306868663889","error":""},"_links":{"self":[{"href":"https:\/\/www.europesays.com\/no\/wp-json\/wp\/v2\/posts\/100988","targetHints":{"allow":["GET"]}}],"collection":[{"href":"https:\/\/www.europesays.com\/no\/wp-json\/wp\/v2\/posts"}],"about":[{"href":"https:\/\/www.europesays.com\/no\/wp-json\/wp\/v2\/types\/post"}],"author":[{"embeddable":true,"href":"https:\/\/www.europesays.com\/no\/wp-json\/wp\/v2\/users\/2"}],"replies":[{"embeddable":true,"href":"https:\/\/www.europesays.com\/no\/wp-json\/wp\/v2\/comments?post=100988"}],"version-history":[{"count":0,"href":"https:\/\/www.europesays.com\/no\/wp-json\/wp\/v2\/posts\/100988\/revisions"}],"wp:featuredmedia":[{"embeddable":true,"href":"https:\/\/www.europesays.com\/no\/wp-json\/wp\/v2\/media\/100989"}],"wp:attachment":[{"href":"https:\/\/www.europesays.com\/no\/wp-json\/wp\/v2\/media?parent=100988"}],"wp:term":[{"taxonomy":"category","embeddable":true,"href":"https:\/\/www.europesays.com\/no\/wp-json\/wp\/v2\/categories?post=100988"},{"taxonomy":"post_tag","embeddable":true,"href":"https:\/\/www.europesays.com\/no\/wp-json\/wp\/v2\/tags?post=100988"}],"curies":[{"name":"wp","href":"https:\/\/api.w.org\/{rel}","templated":true}]}}