{"id":100998,"date":"2025-12-01T00:27:10","date_gmt":"2025-12-01T00:27:10","guid":{"rendered":"https:\/\/www.europesays.com\/no\/100998\/"},"modified":"2025-12-01T00:27:10","modified_gmt":"2025-12-01T00:27:10","slug":"hendelser-savnetmeldinger-leteaksjon-etter-savnet-kvinne-i-40-arene","status":"publish","type":"post","link":"https:\/\/www.europesays.com\/no\/100998\/","title":{"rendered":"Hendelser, Savnetmeldinger | Leteaksjon etter savnet kvinne i 40-\u00e5rene"},"content":{"rendered":"\n<p><b>SISTE:<\/b> I en oppdatering klokken 17.25 melder politiet at redningshelikopteret har foretatt et grovs\u00f8k av s\u00f8komr\u00e5det, men p\u00e5 grunn av reduksjon i sikt og d\u00e5rlig v\u00e6r har det m\u00e5tte avbryte videre s\u00f8k. Det jobbes med s\u00f8k p\u00e5 bakken med frivillige organiserte mannskap Deler av s\u00f8ksomr\u00e5det er bratt, og et lag tilknyttet Norsk Alpin redningsgruppe (NARG) er kalt ut.<\/p>\n<p>Telemark R\u00f8de Kors melder p\u00e5 X at de bist\u00e5r i s\u00f8ket med 20 mannskaper fra flere hjelpekorps i Telemark. <\/p>\n<p>Er du p\u00e5 stedet? Send bilde til nettvakt@ta.no<\/p>\n<p>Kvinnen ble meldt savnet da hun ikke kom tilbake etter en treningstur. Politiet fikk savnetmeldingen klokken 13.50, s\u00f8ndag ettermiddag. <\/p>\n<p><b>Den savnedes bil er lokalisert til en parkeringsplass i n\u00e6rheten av Ravnejuv i Dalen i Tokke. <\/b><\/p>\n<p>Operasjonsleder Espen Reite hos S\u00f8r-\u00d8st politidistrikt opplyser at organiserte frivillige s\u00f8kemannskap tilknyttet FORF (frivillige organisasjoners redningsfaglige forum) er p\u00e5 vei til stedet. Det samme er n\u00f8detater og et redningshelikopter. <\/p>\n<p><b>Savnede er trolig if\u00f8rt treningst\u00f8y, og er ikke blitt observert siden klokken 10.20 l\u00f8rdag da hun forlot egen bolig i Skien. <\/b><\/p>\n<p>Operasjonslederen melder at det er sn\u00f8byger, d\u00e5rlig sikt og sn\u00f8 p\u00e5 bakken i s\u00f8ksomr\u00e5det. <\/p>\n","protected":false},"excerpt":{"rendered":"SISTE: I en oppdatering klokken 17.25 melder politiet at redningshelikopteret har foretatt et grovs\u00f8k av s\u00f8komr\u00e5det, men p\u00e5&hellip;\n","protected":false},"author":2,"featured_media":1273,"comment_status":"","ping_status":"","sticky":false,"template":"","format":"standard","meta":{"footnotes":""},"categories":[10],"tags":[36,20,21,24,25,15,168,22,23,13,30,28,29,14,16,254,12846,393,1510,4559,26,27],"class_list":{"0":"post-100998","1":"post","2":"type-post","3":"status-publish","4":"format-standard","5":"has-post-thumbnail","7":"category-norge","8":"tag-art","9":"tag-breaking-news","10":"tag-breakingnews","11":"tag-featured-news","12":"tag-featurednews","13":"tag-headlines","14":"tag-hendelser","15":"tag-latest-news","16":"tag-latestnews","17":"tag-news","18":"tag-no","19":"tag-norge","20":"tag-norway","21":"tag-nyheter","22":"tag-overskrifter","23":"tag-politi","24":"tag-savnetmeldinger","25":"tag-skien","26":"tag-story","27":"tag-tokke","28":"tag-top-stories","29":"tag-topstories"},"share_on_mastodon":{"url":"https:\/\/pubeurope.com\/@no\/115641479562314025","error":""},"_links":{"self":[{"href":"https:\/\/www.europesays.com\/no\/wp-json\/wp\/v2\/posts\/100998","targetHints":{"allow":["GET"]}}],"collection":[{"href":"https:\/\/www.europesays.com\/no\/wp-json\/wp\/v2\/posts"}],"about":[{"href":"https:\/\/www.europesays.com\/no\/wp-json\/wp\/v2\/types\/post"}],"author":[{"embeddable":true,"href":"https:\/\/www.europesays.com\/no\/wp-json\/wp\/v2\/users\/2"}],"replies":[{"embeddable":true,"href":"https:\/\/www.europesays.com\/no\/wp-json\/wp\/v2\/comments?post=100998"}],"version-history":[{"count":0,"href":"https:\/\/www.europesays.com\/no\/wp-json\/wp\/v2\/posts\/100998\/revisions"}],"wp:featuredmedia":[{"embeddable":true,"href":"https:\/\/www.europesays.com\/no\/wp-json\/wp\/v2\/media\/1273"}],"wp:attachment":[{"href":"https:\/\/www.europesays.com\/no\/wp-json\/wp\/v2\/media?parent=100998"}],"wp:term":[{"taxonomy":"category","embeddable":true,"href":"https:\/\/www.europesays.com\/no\/wp-json\/wp\/v2\/categories?post=100998"},{"taxonomy":"post_tag","embeddable":true,"href":"https:\/\/www.europesays.com\/no\/wp-json\/wp\/v2\/tags?post=100998"}],"curies":[{"name":"wp","href":"https:\/\/api.w.org\/{rel}","templated":true}]}}