{"id":101001,"date":"2025-12-01T00:54:10","date_gmt":"2025-12-01T00:54:10","guid":{"rendered":"https:\/\/www.europesays.com\/no\/101001\/"},"modified":"2025-12-01T00:54:10","modified_gmt":"2025-12-01T00:54:10","slug":"skjult-rubens-maleri-solgt-for-23-millioner-kroner","status":"publish","type":"post","link":"https:\/\/www.europesays.com\/no\/101001\/","title":{"rendered":"Skjult Rubens-maleri solgt for 23 millioner kroner"},"content":{"rendered":"\n<p class=\"_lead_o9xde_2 _lead_xtcu6_50 layout-component text-serif-m layout-normal text-serif-l layout-component layout-wide layout-padded _wide_17hqh_1 layout-padded\">Kunstverket var gjemt i over 400 \u00e5r.<\/p>\n<p><img alt=\" Foto: Michel Euler \/ AP \/ NTB\" class=\"_image_qp4xg_65 layout-component layout-wide\" data-fullscreen- data-track-element-type=\"Article image fullscreen\" data-track-name=\"ImageFullscreen\" fetchpriority=\"high\" decoding=\"sync\" loading=\"eager\" height=\"5272\" itemprop=\"image\"  src=\"https:\/\/www.europesays.com\/no\/wp-content\/uploads\/2025\/12\/908f1f1a-7bcf-4616-8597-ecb2d0e8f8ef\"  style=\"object-position:0% 0%\" width=\"7948\"\/> Foto: Michel Euler \/ AP \/ NTB<\/p>\n<ul aria-hidden=\"true\" class=\"_images_1uft6_111\">\n<li><a class=\"_link_1uft6_116\" href=\"https:\/\/www.vg.no\/forfatter\/kari-aarstad-aase\" style=\"z-index:1\" title=\"Kari Aarstad Aase\" rel=\"nofollow noopener\" target=\"_blank\"><img alt=\"Bilde av Kari Aarstad Aase\" class=\"_image_1uft6_93\" fetchpriority=\"low\" loading=\"lazy\" decoding=\"async\" itemprop=\"image\"  src=\"https:\/\/www.europesays.com\/no\/wp-content\/uploads\/2025\/12\/0dbde33e-6d8e-4680-8e4f-e2a64281e2b8\"  width=\"480\"\/><\/a><\/li>\n<\/ul>\n<p> Oppdatert mandag 1. desember kl. 01:01     <\/p>\n<p class=\"_paragraph_o9xde_4 _paragraph_xtcu6_10 layout-component text-serif-m layout-normal text-serif-m layout-padded\">Et lenge tapt maleri av den ber\u00f8mte barokkmaleren Peter Paul Rubens ble s\u00f8ndag solgt for 2,3 millioner euro, tilsvarende ca. 27 millioner kroner, p\u00e5 en auksjon i Versailles utenfor <a href=\"https:\/\/www.vg.no\/tag\/paris?utm_source=vg-article&amp;utm_medium=auto-tagger&amp;utm_campaign=zO5Bp5\" class=\"_link_o9xde_39\" rel=\"nofollow noopener\" target=\"_blank\">Paris<\/a>.<\/p>\n<p class=\"_paragraph_o9xde_4 _paragraph_xtcu6_10 layout-component text-serif-m layout-normal text-serif-m layout-padded\">Maleriet, som viser korsfestelsen av Jesus Kristus, ble nylig funnet i et privat hus i Paris, melder <a href=\"https:\/\/apnews.com\/article\/france-rubens-painting-auction-d98f7cdc1a538d99d4b5c2bc378ab4d\" class=\"_link_o9xde_39\" rel=\"nofollow noopener\" target=\"_blank\">Associated Press<\/a>.<\/p>\n<p class=\"_paragraph_o9xde_4 _paragraph_xtcu6_10 layout-component text-serif-m layout-normal text-serif-m layout-padded\">Kunstverket var en del av en fransk samling og ble f\u00f8rst antatt \u00e5 v\u00e6re fra et av de mange Rubens-verkstedene som eksisterte p\u00e5 den tiden. Disse maleriene ble sjelden verdsatt til mer enn 10.000 euro.<\/p>\n<p class=\"_paragraph_o9xde_4 _paragraph_xtcu6_10 layout-component text-serif-m layout-normal text-serif-m layout-padded\">\u2013 Jeg hadde umiddelbart en f\u00f8lelse om dette maleriet, og jeg gjorde alt jeg kunne for \u00e5 f\u00e5 det autentisert, sier auksjonarius Jean-Pierre Osenat til AP.<\/p>\n<p class=\"_paragraph_o9xde_4 _paragraph_xtcu6_10 layout-component text-serif-m layout-normal text-serif-m layout-padded\">Til slutt klarte de \u00e5 f\u00e5 det autentisert av Rubenianum, som er Rubens-komiteen i Antwerpen.<\/p>\n<p class=\"_paragraph_o9xde_4 _paragraph_xtcu6_10 layout-component text-serif-m layout-normal text-serif-m layout-padded\">Eksperten Nils B\u00fcttner forklarte at mesteren ofte malte korsfestelser, men sjelden avbildet \u00abden korsfestede Kristus som et d\u00f8dt legeme p\u00e5 korset\u00bb.<\/p>\n<p><img alt=\"Foto: Michel Euler \/ AP \/ NTB\" class=\"_image_qp4xg_65 layout-component layout-normal\" data-fullscreen- data-track-element-type=\"Article image fullscreen\" data-track-name=\"ImageFullscreen\" decoding=\"async\" loading=\"lazy\" height=\"3764\" itemprop=\"image\"  src=\"https:\/\/www.europesays.com\/no\/wp-content\/uploads\/2025\/12\/33daf750-4653-40b4-8120-ca208281a32d\"  style=\"object-position:0% 0%\" width=\"5547\"\/>Foto: Michel Euler \/ AP \/ NTB<\/p>\n<p class=\"_paragraph_o9xde_4 _paragraph_xtcu6_10 layout-component text-serif-m layout-normal text-serif-m layout-padded\">\u2013 Dette er det eneste maleriet som viser blod og vann som kommer ut av sides\u00e5ret til Kristus, og dette er noe som Rubens bare malte \u00e9n gang, sier han.<\/p>\n<p class=\"_paragraph_o9xde_4 _paragraph_xtcu6_10 layout-component text-serif-m layout-normal text-serif-m layout-padded\">Auksjonshuset Osenat opplyser at maleriets autentisitet og opprinnelse ble bekreftet etter vitenskapelig analyse. Mikroskopisk unders\u00f8kelse av malingslagene avsl\u00f8rte ikke bare hvite, svarte og r\u00f8de pigmenter, men ogs\u00e5 bl\u00e5 og gr\u00f8nne pigmenter som er typiske i Rubens&#8217; fremstillinger av menneskelig hud.<\/p>\n<p class=\"_paragraph_o9xde_4 _paragraph_xtcu6_10 layout-component text-serif-m layout-normal text-serif-m layout-padded\">Kunsteksperten Eric Turquin fortalte det fullsatte auksjonslokalet at maleriet praktisk talt forsvant p\u00e5 begynnelsen av 1600-tallet \u2013 f\u00f8r det nylig dukket opp igjen.<\/p>\n","protected":false},"excerpt":{"rendered":"Kunstverket var gjemt i over 400 \u00e5r. Foto: Michel Euler \/ AP \/ NTB Oppdatert mandag 1. desember&hellip;\n","protected":false},"author":2,"featured_media":101002,"comment_status":"","ping_status":"","sticky":false,"template":"","format":"standard","meta":{"footnotes":""},"categories":[12],"tags":[20,21,24,25,15,22,23,637,13,30,28,29,14,16,3140,26,27,42,46,43,44,45],"class_list":{"0":"post-101001","1":"post","2":"type-post","3":"status-publish","4":"format-standard","5":"has-post-thumbnail","7":"category-verden","8":"tag-breaking-news","9":"tag-breakingnews","10":"tag-featured-news","11":"tag-featurednews","12":"tag-headlines","13":"tag-latest-news","14":"tag-latestnews","15":"tag-maleri","16":"tag-news","17":"tag-no","18":"tag-norge","19":"tag-norway","20":"tag-nyheter","21":"tag-overskrifter","22":"tag-paris","23":"tag-top-stories","24":"tag-topstories","25":"tag-verden","26":"tag-vgai","27":"tag-world","28":"tag-world-news","29":"tag-worldnews"},"share_on_mastodon":{"url":"https:\/\/pubeurope.com\/@no\/115641586058412396","error":""},"_links":{"self":[{"href":"https:\/\/www.europesays.com\/no\/wp-json\/wp\/v2\/posts\/101001","targetHints":{"allow":["GET"]}}],"collection":[{"href":"https:\/\/www.europesays.com\/no\/wp-json\/wp\/v2\/posts"}],"about":[{"href":"https:\/\/www.europesays.com\/no\/wp-json\/wp\/v2\/types\/post"}],"author":[{"embeddable":true,"href":"https:\/\/www.europesays.com\/no\/wp-json\/wp\/v2\/users\/2"}],"replies":[{"embeddable":true,"href":"https:\/\/www.europesays.com\/no\/wp-json\/wp\/v2\/comments?post=101001"}],"version-history":[{"count":0,"href":"https:\/\/www.europesays.com\/no\/wp-json\/wp\/v2\/posts\/101001\/revisions"}],"wp:featuredmedia":[{"embeddable":true,"href":"https:\/\/www.europesays.com\/no\/wp-json\/wp\/v2\/media\/101002"}],"wp:attachment":[{"href":"https:\/\/www.europesays.com\/no\/wp-json\/wp\/v2\/media?parent=101001"}],"wp:term":[{"taxonomy":"category","embeddable":true,"href":"https:\/\/www.europesays.com\/no\/wp-json\/wp\/v2\/categories?post=101001"},{"taxonomy":"post_tag","embeddable":true,"href":"https:\/\/www.europesays.com\/no\/wp-json\/wp\/v2\/tags?post=101001"}],"curies":[{"name":"wp","href":"https:\/\/api.w.org\/{rel}","templated":true}]}}