{"id":101023,"date":"2025-12-01T02:13:16","date_gmt":"2025-12-01T02:13:16","guid":{"rendered":"https:\/\/www.europesays.com\/no\/101023\/"},"modified":"2025-12-01T02:13:16","modified_gmt":"2025-12-01T02:13:16","slug":"avsluttet-seriesesongen-med-seier-brann","status":"publish","type":"post","link":"https:\/\/www.europesays.com\/no\/101023\/","title":{"rendered":"Avsluttet seriesesongen med seier \/ Brann"},"content":{"rendered":"<ul>\n<li>Foto: Paul S. Amundsen \/ NTB.<\/li>\n<\/ul>\n<p>I serieavslutningen p\u00e5 Stadion fikk Brann en marerittstart p\u00e5 kampen. Allerede etter tre minutter kontret HamKam inn ledelsen.\u00a0<\/p>\n<p>Ti minutter ut i kampen var Ulrik Mathisen p\u00e5 vei alene gjennom med keeper, men ble lagt i bakken. Dermed ble HamKam redusert til ti mann.\u00a0<\/p>\n<p>Etter utvisningen la HamKam seg lavt og Brann hadde ballen mye. Men de kom seg ikke gjennom forsvaret. Da tok Jacob Lungi S\u00f8rensen ansvar og banket ballen i m\u00e5l fra 20 meter da halvtimen var passert.\u00a0<\/p>\n<p>P\u00e5 overtid i f\u00f8rste omgang ble Mathisen lagt i bakken igjen, denne gangen inne i straffefeltet. Fra ellevemeter dunket Denzel De Roeve ballen i m\u00e5l via stolpen og Brann ledet til pause.\u00a0<\/p>\n<p>Kvarteret etter pause satt Branns tredje for kvelden. Et nydelig angrep endte med et innlegg fra Thore Pedersen p\u00e5 hodet til Emil Kornvig. Han stanget inn Branns tredje.\u00a0<\/p>\n<p>Det ble ikke flere scoringer og Brann avsluttet Eliteserie-sesongen med seier. Siden Troms\u00f8 ogs\u00e5 vant sin kamp endte Brann sesongen p\u00e5 fjerdeplass. Den gj\u00f8r at Brann ogs\u00e5 neste \u00e5r har muligheten til \u00e5 kvalifisere seg til Europa gjennom Conference League.\u00a0<\/p>\n<p>Mandag 1. desember slippes billettene til \u00e5rets siste kamp her p\u00e5 Stadion, <a href=\"https:\/\/www.brann.no\/nyheter\/billettslipp-brann-fenerbahce\" target=\"_blank\" rel=\"nofollow noopener\">som er Europa League-oppgj\u00f8ret mot Fenerbahce.<\/a><\/p>\n<p><strong>Kampfakta:\u00a0<\/strong><\/p>\n<p>Brann\u2013HamKam 3\u20131 (2\u20131)\u00a0<\/p>\n<p>Eliteserien, runde 30. Brann Stadion. Dommer: Marius Lien, Fossum IL. Tilskuere: 14.081. R\u00f8dt kort: Ethan Amundsen-Day, HamKam. Gult kort: Emil Kornvig, Brann. Fredrik Sj\u00f8lstad, Anton Ekeroth, Aksel Potur, Mads Larsen, HamKam.\u00a0<\/p>\n<p><strong>M\u00e5l:\u00a0<\/strong><br \/>0\u20131: Kristian Lien (4.)<br \/>1\u20131: Jacob Lungi S\u00f8rensen (33.)<br \/>2\u20131: Denzel De Roeve (45. str.)<br \/>3\u20131: Emil Kornvig (60.)<\/p>\n<p><strong>Brann (4\u20133\u20133):\u00a0<\/strong>Mathias L\u00f8nne Dyngeland \u2013 Denzel De Roeve,\u00a0Fredrik Pallesen Knudsen (Nana Kwame Boaky fra 88.), Eivind Helland, Vetle Dragsnes \u2013 Thore Pedersen, Jacob Lungi S\u00f8rensen, Emil Kornvig (Lars Remmem fra 77.)\u00a0 \u2013 Ulrik Mathisen (Markus Haaland fra 65.), Noah Holm (Niklas Castro fra 65.), B\u00e5rd Finne.\u00a0<\/p>\n","protected":false},"excerpt":{"rendered":"Foto: Paul S. Amundsen \/ NTB. I serieavslutningen p\u00e5 Stadion fikk Brann en marerittstart p\u00e5 kampen. Allerede etter&hellip;\n","protected":false},"author":2,"featured_media":101024,"comment_status":"","ping_status":"","sticky":false,"template":"","format":"standard","meta":{"footnotes":""},"categories":[5],"tags":[20,21,24,25,15,19,22,23,17,18,13,30,28,29,14,16,26,27],"class_list":{"0":"post-101023","1":"post","2":"type-post","3":"status-publish","4":"format-standard","5":"has-post-thumbnail","7":"category-overskrifter","8":"tag-breaking-news","9":"tag-breakingnews","10":"tag-featured-news","11":"tag-featurednews","12":"tag-headlines","13":"tag-hovedoppslag","14":"tag-latest-news","15":"tag-latestnews","16":"tag-main-news","17":"tag-mainnews","18":"tag-news","19":"tag-no","20":"tag-norge","21":"tag-norway","22":"tag-nyheter","23":"tag-overskrifter","24":"tag-top-stories","25":"tag-topstories"},"share_on_mastodon":{"url":"https:\/\/pubeurope.com\/@no\/115641896351610706","error":""},"_links":{"self":[{"href":"https:\/\/www.europesays.com\/no\/wp-json\/wp\/v2\/posts\/101023","targetHints":{"allow":["GET"]}}],"collection":[{"href":"https:\/\/www.europesays.com\/no\/wp-json\/wp\/v2\/posts"}],"about":[{"href":"https:\/\/www.europesays.com\/no\/wp-json\/wp\/v2\/types\/post"}],"author":[{"embeddable":true,"href":"https:\/\/www.europesays.com\/no\/wp-json\/wp\/v2\/users\/2"}],"replies":[{"embeddable":true,"href":"https:\/\/www.europesays.com\/no\/wp-json\/wp\/v2\/comments?post=101023"}],"version-history":[{"count":0,"href":"https:\/\/www.europesays.com\/no\/wp-json\/wp\/v2\/posts\/101023\/revisions"}],"wp:featuredmedia":[{"embeddable":true,"href":"https:\/\/www.europesays.com\/no\/wp-json\/wp\/v2\/media\/101024"}],"wp:attachment":[{"href":"https:\/\/www.europesays.com\/no\/wp-json\/wp\/v2\/media?parent=101023"}],"wp:term":[{"taxonomy":"category","embeddable":true,"href":"https:\/\/www.europesays.com\/no\/wp-json\/wp\/v2\/categories?post=101023"},{"taxonomy":"post_tag","embeddable":true,"href":"https:\/\/www.europesays.com\/no\/wp-json\/wp\/v2\/tags?post=101023"}],"curies":[{"name":"wp","href":"https:\/\/api.w.org\/{rel}","templated":true}]}}