{"id":10103,"date":"2025-08-16T23:10:25","date_gmt":"2025-08-16T23:10:25","guid":{"rendered":"https:\/\/www.europesays.com\/no\/10103\/"},"modified":"2025-08-16T23:10:25","modified_gmt":"2025-08-16T23:10:25","slug":"gronland-gamle-oslo-kaos-pa-gronland-etter-massive-demonstrasjoner-da-afd-og-norgesdemokratene-er-pa-befaring","status":"publish","type":"post","link":"https:\/\/www.europesays.com\/no\/10103\/","title":{"rendered":"Gr\u00f8nland, Gamle Oslo | Kaos p\u00e5 Gr\u00f8nland etter massive demonstrasjoner da AfD og Norgesdemokratene er p\u00e5 befaring"},"content":{"rendered":"\n<p><b>\u2013 Vi er til stede med sivile og uniformerte patruljer, og droner i luften, sier operasjonsleder Gabriel Langfeldt til Avisa Oslo. <\/b><\/p>\n<p>Fredag er Lena Kotr\u00e9 fra det nasjonalpopulistiske partiet Alternativ for Tyskland (AfD) p\u00e5 \u00abbefaring\u00bb p\u00e5 Gr\u00f8nland, sammen med leder for Norgesdemokratene, Geir Ugland Jacobsen.<\/p>\n<p>Bes\u00f8ket har utl\u00f8st kraftige reaksjoner, blant annet fra ordf\u00f8rer Anne Lindboe (H):<\/p>\n<p>\u2013 N\u00e5r det kommer politikere b\u00e5de fra Norge og Tyskland som kun trekker frem det som er negativt, er det mangel p\u00e5 respekt for dem som bor i bydelen og for byen v\u00e5r. Som ordf\u00f8rer i Oslo er det viktig for meg \u00e5 si fra om det, sa hun til Avisa Oslo torsdag.<\/p>\n<p>I forbindelse med bes\u00f8ket, varslet Antirasistisk Fellesskap og lokale beboere en markering mot AfD og Norgesdemokratene fredag.<\/p>\n<p><b>Klokken 13.30 melder <a rel=\"Follow nofollow noopener\" href=\"https:\/\/www.tv2.no\/nyheter\/innenriks\/politiet-til-tv-2-tysk-afd-politiker-blir-evakuert\/18000205\/\" target=\"_blank\">TV 2<\/a> at AfD-politikeren evakueres p\u00e5 grunn av sikkerhetssituasjonen p\u00e5 stedet. Hun skal ha blitt evakuert inn i et parkeringshus.<\/b><\/p>\n<p>\u2013 Etter en politifaglig vurdering p\u00e5 stedet ble det besluttet at de ble evakuert vekk. Avgj\u00f8relsen ble tatt i et liv- og helseperspektiv, sier operasjonsleder Gabriel Langfeldt til Avisa Oslo.<\/p>\n<p><b>\u2013 Det var cirka 1.000 motdemonstranter p\u00e5 stedet, n\u00e5 er det helt rolig, sier Langfeldt klokken 13.45. <\/b><\/p>\n<p>Utover evakueringen har det if\u00f8lge Langfeldt ikke v\u00e6rt noen andre u\u00f8nska hendelser knyttet til trussel eller vold p\u00e5stedet. Ingen p\u00e5grepet.<\/p>\n<p>Bilder fra stedet viser at gitteret p\u00e5 Meny er tatt ned, og at politiet blokkerer inngangen:<\/p>\n<p>   <img decoding=\"async\" width=\"5168\" height=\"3448\" fetchpriority=\"low\"  loading=\"lazy\"  src=\"https:\/\/www.europesays.com\/no\/wp-content\/uploads\/2025\/08\/cueres_scp-mangler_navn_tbHmcA6HPGA.jpg\" alt=\"Oslo 20250815. &#10;Politiet skiller motdemonstranter og st\u00f8ttestpillere n\u00e5r delstatsrepresentant Lena Kotr\u00e9 fra tyske Alternative f\u00fcr Deutschland (AfD) etter planen skal f\u00e5 en  \" befaring=\"\" p=\"\" gr=\"\" i=\"\" oslo=\"\" av=\"\" norgesdemokratenes=\"\" partileder=\"\" geir=\"\" ugland=\"\" jacobsen=\"\" fredag.=\"\" foto:=\"\" thomas=\"\" fure=\"\" ntb=\"\" class=\"brick-c-cFOWSL\" style=\"--brick-image-ratio: 5168 \/ 3448;\"\/><\/p>\n<p>    Politiet skiller motdemonstranter og st\u00f8ttestpillere n\u00e5r fredag.<br \/>\n    Foto: Thomas Fure \/ NTB\n  <\/p>\n<p>I tillegg til politiet er vektere fra Sporveien til stede utenfor T-banestasjonen.<\/p>\n<p>Kollektivtrafikken skal ikke v\u00e6re p\u00e5virket.<\/p>\n<p>Kommunikasjonssjef i Sporveien, Gina Scholz, sier at de ikke har satt opp ekstra vektere p\u00e5 stedet i forbindelse med demonstrasjonen.<\/p>\n<p>\u2013 Men vi har vektere i omr\u00e5det, og i og med at det er demonstrasjoner der, er de litt ekstra oppmerksomme.<\/p>\n<p>If\u00f8lge AOs reporter p\u00e5 stedet, er protesten oppl\u00f8st i 14-tiden. Bilder fra stedet viser ogs\u00e5 at Meny er \u00e5pen igjen:<\/p>\n<p>   <img decoding=\"async\" width=\"4032\" height=\"3024\" fetchpriority=\"low\"  loading=\"lazy\"  src=\"https:\/\/www.europesays.com\/no\/wp-content\/uploads\/2025\/08\/photo+%286%29.jpg\" alt=\"\" class=\"brick-c-cFOWSL\" style=\"--brick-image-ratio: 4032 \/ 3024;\"\/><\/p>\n<p>    Meny skal ha \u00e5pnet d\u00f8rene igjen i 14-tiden.<br \/>\n    Foto: Solfrid Marie Skaret \/ Avisa Oslo\n  <\/p>\n<p><b>LES OGS\u00c5: <\/b><\/p>\n<p>  <a href=\"https:\/\/www.ao.no\/5-128-1120018\" class=\"related-teaser has-image default-story-teaser article--c-eRUmMG article--c-eRUmMG-jKCPdD-design-default\" rel=\"nofollow noopener\" target=\"_blank\"><\/p>\n<p>    <img decoding=\"async\" loading=\"lazy\"  src=\"https:\/\/www.europesays.com\/no\/wp-content\/uploads\/2025\/08\/Skjermbilde+2025-08-11+145218.jpg\" alt=\"\" class=\"brick-c-cFOWSL\" style=\"\"\/><\/p>\n<p>\n            Les ogs\u00e5<\/p>\n<p>              Raser mot partiets planer p\u00e5 Gr\u00f8nland: \u2013 Kommer for \u00e5 spre rasisme\n        <\/p>\n<p>  <\/a><\/p>\n","protected":false},"excerpt":{"rendered":"\u2013 Vi er til stede med sivile og uniformerte patruljer, og droner i luften, sier operasjonsleder Gabriel Langfeldt&hellip;\n","protected":false},"author":2,"featured_media":10104,"comment_status":"","ping_status":"","sticky":false,"template":"","format":"standard","meta":{"footnotes":""},"categories":[10],"tags":[36,20,21,864,24,25,2113,2112,15,22,23,13,30,28,29,14,16,254,1510,26,27],"class_list":{"0":"post-10103","1":"post","2":"type-post","3":"status-publish","4":"format-standard","5":"has-post-thumbnail","7":"category-norge","8":"tag-art","9":"tag-breaking-news","10":"tag-breakingnews","11":"tag-demonstrasjoner","12":"tag-featured-news","13":"tag-featurednews","14":"tag-gamle-oslo","15":"tag-gronland","16":"tag-headlines","17":"tag-latest-news","18":"tag-latestnews","19":"tag-news","20":"tag-no","21":"tag-norge","22":"tag-norway","23":"tag-nyheter","24":"tag-overskrifter","25":"tag-politi","26":"tag-story","27":"tag-top-stories","28":"tag-topstories"},"share_on_mastodon":{"url":"","error":""},"_links":{"self":[{"href":"https:\/\/www.europesays.com\/no\/wp-json\/wp\/v2\/posts\/10103","targetHints":{"allow":["GET"]}}],"collection":[{"href":"https:\/\/www.europesays.com\/no\/wp-json\/wp\/v2\/posts"}],"about":[{"href":"https:\/\/www.europesays.com\/no\/wp-json\/wp\/v2\/types\/post"}],"author":[{"embeddable":true,"href":"https:\/\/www.europesays.com\/no\/wp-json\/wp\/v2\/users\/2"}],"replies":[{"embeddable":true,"href":"https:\/\/www.europesays.com\/no\/wp-json\/wp\/v2\/comments?post=10103"}],"version-history":[{"count":0,"href":"https:\/\/www.europesays.com\/no\/wp-json\/wp\/v2\/posts\/10103\/revisions"}],"wp:featuredmedia":[{"embeddable":true,"href":"https:\/\/www.europesays.com\/no\/wp-json\/wp\/v2\/media\/10104"}],"wp:attachment":[{"href":"https:\/\/www.europesays.com\/no\/wp-json\/wp\/v2\/media?parent=10103"}],"wp:term":[{"taxonomy":"category","embeddable":true,"href":"https:\/\/www.europesays.com\/no\/wp-json\/wp\/v2\/categories?post=10103"},{"taxonomy":"post_tag","embeddable":true,"href":"https:\/\/www.europesays.com\/no\/wp-json\/wp\/v2\/tags?post=10103"}],"curies":[{"name":"wp","href":"https:\/\/api.w.org\/{rel}","templated":true}]}}