{"id":101039,"date":"2025-12-01T04:26:17","date_gmt":"2025-12-01T04:26:17","guid":{"rendered":"https:\/\/www.europesays.com\/no\/101039\/"},"modified":"2025-12-01T04:26:17","modified_gmt":"2025-12-01T04:26:17","slug":"alt-faller-sakte-fra-hverandre","status":"publish","type":"post","link":"https:\/\/www.europesays.com\/no\/101039\/","title":{"rendered":"\u2013 Alt faller sakte fra hverandre"},"content":{"rendered":"<p><strong>President Volodymyr Zelenskyjs stabssjef <strong>Andrej Jermak<\/strong> <a href=\"https:\/\/inyheter.no\/28\/11\/2025\/zelenskyjs-mektige-stabssjef-gar-av-etter-antikorrupsjonsraid\/\" rel=\"nofollow noopener\" target=\"_blank\">har trukket<\/a> seg etter at antikorrupsjons-etterforskere ransaket hans bolig. Folk p\u00e5 <a href=\"https:\/\/youtu.be\/FoDuB0N9PlQ\" rel=\"nofollow noopener\" target=\"_blank\">gata i Kyiv <\/a>reagerer med oppgitthet over korrupsjonen, men ogs\u00e5 bekymring for stabiliteten i landets ledelse.<\/strong><\/p>\n<p>Ransakelsen er knyttet til en etterforskning i energisektoren verdt 100 millioner dollar, og markerer en betydelig omveltning i Ukrainas lederskap mens landet m\u00f8ter press for \u00e5 fremme fredsforhandlinger med USA \u2013 nesten fire \u00e5r etter krigens start.<\/p>\n<p>P\u00e5 gatene i hovedstaden sitter misn\u00f8yen dypt.<\/p>\n<p>\u00abDet finnes ingen tillit til denne personen. Hva skjer p\u00e5 frontlinjene? Hvilken korrupsjon p\u00e5g\u00e5r i staten p\u00e5 alle niv\u00e5er av regjeringen \u2013 og hvem er han egentlig?\u00bb sier en innbygger.<\/p>\n<p>Mystisk bakgrunn<\/p>\n<p>Flere peker p\u00e5 at Jermaks bakgrunn aldri har v\u00e6rt helt klar. F\u00f8r han ble stabssjef for presidenten, arbeidet han i filmbransjen \u2013 noe mange opplever som absurd.<\/p>\n<p>\u00abDet er fullstendig ukjent hvor Jermak kom fra og hva han gjorde f\u00f8r denne stillingen,\u00bb sier en annen Kyiv-innbygger.<\/p>\n<p>En tredje er like klar i sin frustrasjon: \u00abDet er veldig merkelig at en person som tidligere jobbet med film styrer presidentens kontor. Dette ville v\u00e6rt absurd i ethvert annet land.\u00bb<\/p>\n<p>H\u00e5p om opprydding \u2013 frykt for kaos<\/p>\n<p>Selv om mange \u00f8nsker velkommen at korrupsjonen endelig blir tatt tak i, er bekymringen for hva som kommer neste, stor.<\/p>\n<p>\u00abP\u00e5 den ene siden tenker jeg det definitivt er bra at en slags utrenskning gjennomf\u00f8res og at ledere etterforskes. Men p\u00e5 den andre siden tror jeg det er vanskelig \u00e5 finne en virkelig effektiv leder, fordi jeg vet at det ikke finnes nok profesjonelt og effektivt personell i Ukraina akkurat n\u00e5,\u00bb sier en innbygger, f\u00f8r han legger til: \u00abMen jeg er sikker p\u00e5 at det finnes anstendige mennesker og gode ledere der ute.\u00bb<\/p>\n<p>Jermaks avgang kommer kort tid etter andre h\u00f8yprofilerte avganger i regjeringen.<\/p>\n<p>\u00abDet er uklart hvordan ting vil utvikle seg herfra, for som vi kan se, faller alt sakte fra hverandre. F\u00f8rst var det Mind, n\u00e5 er det Jermak, og det er uklart hva som vil skje videre,\u00bb oppsummerer en bekymret innbygger.<\/p>\n<p>Avgangene og korrupsjonsskandalen kommer p\u00e5 et kritisk tidspunkt for Ukraina, som b\u00e5de kjemper en krevende krig og m\u00e5 forholde seg til internasjonalt press om \u00e5 komme til forhandlingsbordet.<\/p>\n","protected":false},"excerpt":{"rendered":"President Volodymyr Zelenskyjs stabssjef Andrej Jermak har trukket seg etter at antikorrupsjons-etterforskere ransaket hans bolig. Folk p\u00e5 gata&hellip;\n","protected":false},"author":2,"featured_media":101040,"comment_status":"","ping_status":"","sticky":false,"template":"","format":"standard","meta":{"footnotes":""},"categories":[12],"tags":[20,21,24,25,15,2109,179,3137,22,23,13,30,28,29,14,16,26,27,42,43,44,45],"class_list":{"0":"post-101039","1":"post","2":"type-post","3":"status-publish","4":"format-standard","5":"has-post-thumbnail","7":"category-verden","8":"tag-breaking-news","9":"tag-breakingnews","10":"tag-featured-news","11":"tag-featurednews","12":"tag-headlines","13":"tag-korrupsjon","14":"tag-krigen-i-ukraina","15":"tag-kyiv","16":"tag-latest-news","17":"tag-latestnews","18":"tag-news","19":"tag-no","20":"tag-norge","21":"tag-norway","22":"tag-nyheter","23":"tag-overskrifter","24":"tag-top-stories","25":"tag-topstories","26":"tag-verden","27":"tag-world","28":"tag-world-news","29":"tag-worldnews"},"share_on_mastodon":{"url":"https:\/\/pubeurope.com\/@no\/115642419384119791","error":""},"_links":{"self":[{"href":"https:\/\/www.europesays.com\/no\/wp-json\/wp\/v2\/posts\/101039","targetHints":{"allow":["GET"]}}],"collection":[{"href":"https:\/\/www.europesays.com\/no\/wp-json\/wp\/v2\/posts"}],"about":[{"href":"https:\/\/www.europesays.com\/no\/wp-json\/wp\/v2\/types\/post"}],"author":[{"embeddable":true,"href":"https:\/\/www.europesays.com\/no\/wp-json\/wp\/v2\/users\/2"}],"replies":[{"embeddable":true,"href":"https:\/\/www.europesays.com\/no\/wp-json\/wp\/v2\/comments?post=101039"}],"version-history":[{"count":0,"href":"https:\/\/www.europesays.com\/no\/wp-json\/wp\/v2\/posts\/101039\/revisions"}],"wp:featuredmedia":[{"embeddable":true,"href":"https:\/\/www.europesays.com\/no\/wp-json\/wp\/v2\/media\/101040"}],"wp:attachment":[{"href":"https:\/\/www.europesays.com\/no\/wp-json\/wp\/v2\/media?parent=101039"}],"wp:term":[{"taxonomy":"category","embeddable":true,"href":"https:\/\/www.europesays.com\/no\/wp-json\/wp\/v2\/categories?post=101039"},{"taxonomy":"post_tag","embeddable":true,"href":"https:\/\/www.europesays.com\/no\/wp-json\/wp\/v2\/tags?post=101039"}],"curies":[{"name":"wp","href":"https:\/\/api.w.org\/{rel}","templated":true}]}}