{"id":101043,"date":"2025-12-01T05:03:09","date_gmt":"2025-12-01T05:03:09","guid":{"rendered":"https:\/\/www.europesays.com\/no\/101043\/"},"modified":"2025-12-01T05:03:09","modified_gmt":"2025-12-01T05:03:09","slug":"venstre-guri-melby-tannlegeforeningen-slar-tilbake-mot-venstres-tannhelse-kutt-alvorlige-konsekvenser","status":"publish","type":"post","link":"https:\/\/www.europesays.com\/no\/101043\/","title":{"rendered":"Venstre, Guri Melby | Tannlegeforeningen sl\u00e5r tilbake mot Venstres tannhelse-kutt: \u2013 Alvorlige konsekvenser"},"content":{"rendered":"\n<p>I Venstres alternative statsbudsjett vil de kutte ordningen som dekker store deler av unges tannlegeregning.<\/p>\n<p>De 842 millionene de sparer, vil de blant annet bruke p\u00e5 \u00e5 \u00f8ke studiest\u00f8tten og gi psykisk helse et kraftl\u00f8ft.<\/p>\n<p>\u2013 \u00c5 fjerne midler fra tannhelsetjenesten er ikke riktig vei \u00e5 g\u00e5, sier president i Tannlegeforeningen Heming Olsen-Bergem.<\/p>\n<p>G\u00e5r p\u00e5 bekostning av tannhelsen<\/p>\n<p>Midlene som n\u00e5 g\u00e5r til et billigere tannhelsetilbud for unge mellom 21 og 28 \u00e5r, vil Venstre kutte.<\/p>\n<p>Tannlegeforeningen (NTF) ser sv\u00e6rt kritisk p\u00e5 en slik kutting og omfordeling av pengene.<\/p>\n<p>\u2013 NTF mener at alle skal ha rett og tilgang til n\u00f8dvendig tannbehandling \u2013 da er det et uheldig signal at man tar penger fra tannhelsetjenesten for \u00e5 bruke det innenfor velferdsordninger, sier president Olsen-Bergem.<\/p>\n<p>\u2013 Det er fortsatt store sosiale forskjeller i tannhelse, og satsingen p\u00e5 unge er et viktig forebyggende tiltak, som kan bidra til \u00e5 utjevne disse forskjellene.<\/p>\n<p><b>Les ogs\u00e5: <a class=\"simple-relation related-teaser article--c-eRUmMG article--c-eRUmMG-fZoQSp-design-nettavisen article--c-eRUmMG-gwthdJ-cv\" href=\"https:\/\/www.nettavisen.no\/vil-gjore-tannlegen-betydelig-dyrere-for-561-000-nordmenn\/s\/5-95-2738649\" rel=\"nofollow noopener\" target=\"_blank\">Vil gj\u00f8re tannlegen betydelig dyrere for 561.000 nordmenn<\/a><\/b><\/p>\n<p>De \u00f8nsker at munnsykdommer skal likestilles med sykdom ellers i kroppen, og ser derfor negativt p\u00e5 at det kuttes i midlene som g\u00e5r til tannhelsetjenesten.<\/p>\n<p>Olsen-Bergem forteller at NTF st\u00f8tter satsing p\u00e5 b\u00e5de psykisk helse og studiest\u00f8tte, men at de ikke kan st\u00f8tte at det skal g\u00e5 p\u00e5 bekostning av tannhelsen.<\/p>\n<p>\u2013 Med allerede knappe ressurser innen tannhelse \u00f8nsker vi \u00e5 beholde pengene innen sektoren.<\/p>\n<p><b>Les ogs\u00e5: <a class=\"simple-relation related-teaser article--c-eRUmMG article--c-eRUmMG-fZoQSp-design-nettavisen article--c-eRUmMG-gwthdJ-cv\" href=\"https:\/\/www.nettavisen.no\/alle-har-dette-na-advarer-tannlegen\/s\/5-95-2735774\" rel=\"nofollow noopener\" target=\"_blank\">Alle har dette: N\u00e5 advarer tannlegen<\/a><\/b><\/p>\n<p>Kritisk til dagens ordning<\/p>\n<p>NTF mener at munnhelse skal v\u00e6re det samme som helse, og midler til dette viktige helsearbeidet ser de p\u00e5 som grunnleggende positivt.<\/p>\n<p>De har likevel v\u00e6rt, og er fremdeles, kritiske til ordningen for unge mellom 21 og 28 \u00e5r som velferdsreform.<\/p>\n<p>Kritikken bunner i at de mener ordningen verken er finansiert eller utredet i tilstrekkelig grad. De mener ogs\u00e5 at samhandlingen mellom den fylkeskommunale og den private tannhelsetjenesten ikke ivaretas godt nok.<\/p>\n<p><b>Les ogs\u00e5: <a class=\"simple-relation related-teaser article--c-eRUmMG article--c-eRUmMG-fZoQSp-design-nettavisen article--c-eRUmMG-gwthdJ-cv\" href=\"https:\/\/www.nettavisen.no\/studenter-ma-ta-regningen-selv-usosialt\/s\/5-95-2740845\" rel=\"nofollow noopener\" target=\"_blank\">Studenter m\u00e5 ta regningen selv: \u2013 Usosialt<\/a><\/b><\/p>\n<p><a rel=\"Follow nofollow noopener\" href=\"https:\/\/www.nettavisen.no\/nyheter\/venstre-vil-gjore-tannlegen-betydelig-dyrere-for-561-000-nordmenn\/s\/5-95-2738649\" target=\"_blank\">Venstre vil gi st\u00f8tte til de som har store helseutfordringer eller svak \u00f8konomi. <\/a>NTF mener ogs\u00e5 at det er andre grupper enn de mellom 21 og 28 \u00e5r som b\u00f8r prioriteres i tannhelsen.<\/p>\n<p>Tross dette er en fullstendig kutting av tjenesten helt feil, mener de.<\/p>\n<p>\u2013 Erfaring og forskning viser at \u00f8konomiske barrierer kan f\u00f8re til lavere bruk av tannhelsetjenester, sier Olsen-Bergem.<\/p>\n<p>\u2013 Det kan gi \u00f8kte sosiale forskjeller innen helse og f\u00e5 alvorlige konsekvenser for b\u00e5de for tannhelsen og den generelle helsen, samt f\u00f8re til st\u00f8rre behov for kostbar behandling senere.<\/p>\n<p>M\u00e5 prioritere innenfor rammene<\/p>\n<p>Venstre-leder Guri Melby forteller at hun merker seg at Tannlegeforeningen er enige med dem i at aldersgruppen regjeringen vil prioritere billigere tannlege til, er den gruppen som i minst grad trenger det.<\/p>\n<p>\u2013 Folk mellom 21 og 28 er blant aldersgruppene med best tannhelse, og st\u00f8rst utfordringer med psykisk helse, sier Melby til Nettavisen.<\/p>\n<p>\u2013 Jeg mener det er fornuftig \u00e5 bruke disse pengene p\u00e5 den samme aldersgruppen regjeringen har foresl\u00e5tt, men \u00e5 heller bruke det p\u00e5 \u00e5 l\u00f8se de reelle problemene denne gruppen opplever.<\/p>\n<p><b>Les ogs\u00e5: <a class=\"simple-relation related-teaser article--c-eRUmMG article--c-eRUmMG-fZoQSp-design-nettavisen article--c-eRUmMG-gwthdJ-cv\" href=\"https:\/\/www.nettavisen.no\/venstre-og-mdg-om-jerntoll-trenger-ny-eu-debatt\/s\/5-95-2734595\" rel=\"nofollow noopener\" target=\"_blank\">Venstre og MDG om jerntoll: Trenger ny EU-debatt<\/a><\/b><\/p>\n<p>Hun legger til at hun det er forst\u00e5elig at NTF er kritiske til \u00e5 flytte penger ut av tannhelsetilbudet, men at de som er politikere m\u00e5 prioritere helhetlig og innenfor rammene de har.<\/p>\n<p>\u2013 Venstre har derfor foresl\u00e5tt ulike st\u00f8tteordninger for tannhelsetjenester til de som trenger det aller mest utfra deres \u00f8konomi og helsesituasjon, i stedet for \u00e5 bare se p\u00e5 alder, samtidig som vi har prioritert psykisk helsehjelp til unge mennesker, sier Melby.<\/p>\n<p>   <img decoding=\"async\" width=\"5712\" height=\"3213\" fetchpriority=\"low\"  loading=\"lazy\"  src=\"https:\/\/www.europesays.com\/no\/wp-content\/uploads\/2025\/12\/IMG_5222.jpg\" alt=\"\" class=\"brick-c-cFOWSL\" style=\"--brick-image-ratio: 5712 \/ 3213;\"\/><\/p>\n<p>      VIL GI STUDENTER MYE BEDRE \u00c5R: Men for \u00e5 finne pengene, vil Venstres Guri Melby og Unge Venstres Omar Svendsen-Yagci kutte i billig tannlege for unge.<br \/>\n      Foto: Henrik Heldahl (Nettavisen)\n    <\/p>\n<p>  \u2013 Det burde ikke v\u00e6re enten-eller<\/p>\n<p>Tannlegeforeningen \u00f8nsker at det statlige ansvaret for tannhelsetjenestene skal utvides. \u00c5 kutte i midlene til tannhelsetjenesten er ikke riktig vei \u00e5 g\u00e5 hvis det m\u00e5let skal n\u00e5s, mener de.<\/p>\n<p>\u2013 Det vi aller mest \u00f8nsker oss er politikere som klarer \u00e5 se munnhelse som en del av den helhetlige helsen, og som kommer med friske midler etter prioriteringer og konsekvensutredninger, sier president Olsen-Bergem.<\/p>\n<p>\u2013 Samtidig m\u00e5 fremtidige midler prioriteres utfra helse og ikke velferd per se.<\/p>\n<p><b>Les ogs\u00e5: <a class=\"simple-relation related-teaser article--c-eRUmMG article--c-eRUmMG-fZoQSp-design-nettavisen article--c-eRUmMG-gwthdJ-cv\" href=\"https:\/\/www.nettavisen.no\/folkesykdommen-ingen-snakker-om-her-er-tannlegens-rad\/s\/5-95-2720657\" rel=\"nofollow noopener\" target=\"_blank\">Folkesykdommen \u00abingen\u00bb snakker om: Her er tannlegens r\u00e5d<\/a><\/b><\/p>\n<p>Han forklarer at d\u00e5rlig tannhelse kan gi smerter og redusert livskvalitet. Det p\u00e5virker ogs\u00e5 v\u00e5r somatiske og psykiske helse.<\/p>\n<p>\u2013 Hvis munnsykdommer skal likestilles med sykdom ellers i kroppen b\u00f8r man tilf\u00f8re midler, og ikke fjerne dem.<\/p>\n<p>\u2013 Det burde ikke v\u00e6re et enten-eller. Vi trenger helhetlige l\u00f8sninger for fremtidens tannhelsetjeneste.<\/p>\n","protected":false},"excerpt":{"rendered":"I Venstres alternative statsbudsjett vil de kutte ordningen som dekker store deler av unges tannlegeregning. De 842 millionene&hellip;\n","protected":false},"author":2,"featured_media":95310,"comment_status":"","ping_status":"","sticky":false,"template":"","format":"standard","meta":{"footnotes":""},"categories":[5],"tags":[20,21,24,25,15,19,22,23,17,18,13,30,28,29,14,16,26,27],"class_list":{"0":"post-101043","1":"post","2":"type-post","3":"status-publish","4":"format-standard","5":"has-post-thumbnail","7":"category-overskrifter","8":"tag-breaking-news","9":"tag-breakingnews","10":"tag-featured-news","11":"tag-featurednews","12":"tag-headlines","13":"tag-hovedoppslag","14":"tag-latest-news","15":"tag-latestnews","16":"tag-main-news","17":"tag-mainnews","18":"tag-news","19":"tag-no","20":"tag-norge","21":"tag-norway","22":"tag-nyheter","23":"tag-overskrifter","24":"tag-top-stories","25":"tag-topstories"},"share_on_mastodon":{"url":"https:\/\/pubeurope.com\/@no\/115642565026929715","error":""},"_links":{"self":[{"href":"https:\/\/www.europesays.com\/no\/wp-json\/wp\/v2\/posts\/101043","targetHints":{"allow":["GET"]}}],"collection":[{"href":"https:\/\/www.europesays.com\/no\/wp-json\/wp\/v2\/posts"}],"about":[{"href":"https:\/\/www.europesays.com\/no\/wp-json\/wp\/v2\/types\/post"}],"author":[{"embeddable":true,"href":"https:\/\/www.europesays.com\/no\/wp-json\/wp\/v2\/users\/2"}],"replies":[{"embeddable":true,"href":"https:\/\/www.europesays.com\/no\/wp-json\/wp\/v2\/comments?post=101043"}],"version-history":[{"count":0,"href":"https:\/\/www.europesays.com\/no\/wp-json\/wp\/v2\/posts\/101043\/revisions"}],"wp:featuredmedia":[{"embeddable":true,"href":"https:\/\/www.europesays.com\/no\/wp-json\/wp\/v2\/media\/95310"}],"wp:attachment":[{"href":"https:\/\/www.europesays.com\/no\/wp-json\/wp\/v2\/media?parent=101043"}],"wp:term":[{"taxonomy":"category","embeddable":true,"href":"https:\/\/www.europesays.com\/no\/wp-json\/wp\/v2\/categories?post=101043"},{"taxonomy":"post_tag","embeddable":true,"href":"https:\/\/www.europesays.com\/no\/wp-json\/wp\/v2\/tags?post=101043"}],"curies":[{"name":"wp","href":"https:\/\/api.w.org\/{rel}","templated":true}]}}