{"id":101066,"date":"2025-12-01T06:07:50","date_gmt":"2025-12-01T06:07:50","guid":{"rendered":"https:\/\/www.europesays.com\/no\/101066\/"},"modified":"2025-12-01T06:07:50","modified_gmt":"2025-12-01T06:07:50","slug":"nye-kontorprosjekter-leieprisene-opptil-36-prosent-for-lave","status":"publish","type":"post","link":"https:\/\/www.europesays.com\/no\/101066\/","title":{"rendered":"Nye kontorprosjekter: Leieprisene opptil 36 prosent for lave"},"content":{"rendered":"<p>\u2013 I de fire store byene er det opp mot 36 prosent for lave leiepriser til at nybygg kan l\u00f8nne seg, sier leder for utl\u00e5n til eiendoms- og entrepren\u00f8rmarkedet i DNB, Olav T. L\u00f8vstad.<img decoding=\"async\" class=\"c-image--blurry c-image-fa\" data-id=\"8310561\" src=\"https:\/\/www.europesays.com\/no\/wp-content\/uploads\/2025\/12\/1764569270_863_pipe\"  alt=\"Article lead\" style=\"position:relative;display:block;object-position:24.63368384761248% 8.117797695262484%\"\/><\/p>\n<p>LITE HJELP FRA RENTEKUTT: \u2013 I et byggeprosjekt utgj\u00f8r finanskostnader rundt 10 prosent av totalkostnadene. Det meste g\u00e5r til l\u00f8nn og materialer, s\u00e5 litt lavere rente utgj\u00f8r ikke den store forskjellen, sier\u00a0DNB-direkt\u00f8r Olav T. L\u00f8vstad.\u00a0  <strong>Foto: Iv\u00e1n Kverme<\/strong><\/p>\n","protected":false},"excerpt":{"rendered":"\u2013 I de fire store byene er det opp mot 36 prosent for lave leiepriser til at nybygg&hellip;\n","protected":false},"author":2,"featured_media":101067,"comment_status":"","ping_status":"","sticky":false,"template":"","format":"standard","meta":{"footnotes":""},"categories":[56],"tags":[60,61,62,30,28,29],"class_list":{"0":"post-101066","1":"post","2":"type-post","3":"status-publish","4":"format-standard","5":"has-post-thumbnail","7":"category-naeringsliv","8":"tag-business","9":"tag-economy","10":"tag-naeringsliv","11":"tag-no","12":"tag-norge","13":"tag-norway"},"share_on_mastodon":{"url":"https:\/\/pubeurope.com\/@no\/115642820555952425","error":""},"_links":{"self":[{"href":"https:\/\/www.europesays.com\/no\/wp-json\/wp\/v2\/posts\/101066","targetHints":{"allow":["GET"]}}],"collection":[{"href":"https:\/\/www.europesays.com\/no\/wp-json\/wp\/v2\/posts"}],"about":[{"href":"https:\/\/www.europesays.com\/no\/wp-json\/wp\/v2\/types\/post"}],"author":[{"embeddable":true,"href":"https:\/\/www.europesays.com\/no\/wp-json\/wp\/v2\/users\/2"}],"replies":[{"embeddable":true,"href":"https:\/\/www.europesays.com\/no\/wp-json\/wp\/v2\/comments?post=101066"}],"version-history":[{"count":0,"href":"https:\/\/www.europesays.com\/no\/wp-json\/wp\/v2\/posts\/101066\/revisions"}],"wp:featuredmedia":[{"embeddable":true,"href":"https:\/\/www.europesays.com\/no\/wp-json\/wp\/v2\/media\/101067"}],"wp:attachment":[{"href":"https:\/\/www.europesays.com\/no\/wp-json\/wp\/v2\/media?parent=101066"}],"wp:term":[{"taxonomy":"category","embeddable":true,"href":"https:\/\/www.europesays.com\/no\/wp-json\/wp\/v2\/categories?post=101066"},{"taxonomy":"post_tag","embeddable":true,"href":"https:\/\/www.europesays.com\/no\/wp-json\/wp\/v2\/tags?post=101066"}],"curies":[{"name":"wp","href":"https:\/\/api.w.org\/{rel}","templated":true}]}}