{"id":101078,"date":"2025-12-01T06:30:09","date_gmt":"2025-12-01T06:30:09","guid":{"rendered":"https:\/\/www.europesays.com\/no\/101078\/"},"modified":"2025-12-01T06:30:09","modified_gmt":"2025-12-01T06:30:09","slug":"finnmark-hammerfest-farlig-vinter-i-finnmark-21-timer-med-hendelser-pa-sennalandet-ifinnmark","status":"publish","type":"post","link":"https:\/\/www.europesays.com\/no\/101078\/","title":{"rendered":"Finnmark, Hammerfest | Farlig vinter i Finnmark: 21 timer med \u00abhendelser\u00bb p\u00e5 Sennalandet &#8211; iFinnmark"},"content":{"rendered":"<ol>\n<li><a href=\"https:\/\/news.google.com\/rss\/articles\/CBMipAFBVV95cUxNWDd6bEp0c0l3TmVpWVAwWGItZWNRN01zdHJTN3lJeC01YVpwdURlV2dScXhCN21TV2QyUEJTUGI3dGd1bUU4c3Z5MFBaX3JXYU0zeXN5N250dkpCWWNlalNTdjZjX0NIYkd5NC1MXy1KVTQyelBDbkJRQ1hWVU1KY0lNUEN3M1NCbVprcTdEdmROazNJbnBtQVBwRVE3bEs4YmIyag?oc=5\" target=\"_blank\" rel=\"nofollow noopener\">Finnmark, Hammerfest | Farlig vinter i Finnmark: 21 timer med \u00abhendelser\u00bb p\u00e5 Sennalandet<\/a>&nbsp;&nbsp;iFinnmark<\/li>\n<li><a href=\"https:\/\/news.google.com\/rss\/articles\/CBMirAFBVV95cUxNNDBac3ZON2IxVUxHMDZlQ0psR2Z1RUI1NE82RHRjX0t2SU5WUXRMemxVZ0FHWDVzQWJKNFhiUWpTZFoxT2hIakhNVlFsaDlmY3d2ZExISGN0Ql9COW5XQkRiSnNvQnNrUlota2ZyT0R3c0gweVJDZmh2Q25CV0J5QkdfSW9sMElNRWQ3MTJBX3lQb2tWenR0Q2x3d1lKRU1vX3A0Qm1pVUxIMFBV?oc=5\" target=\"_blank\" rel=\"nofollow noopener\">Flere stengte veier i Finnmark \u2013 Uv\u00e6r og sn\u00f8skred f\u00e5r skylden<\/a>&nbsp;&nbsp;NRK<\/li>\n<li><a href=\"https:\/\/news.google.com\/rss\/articles\/CBMiggFBVV95cUxNUkpuOFA3UzJHcUxlQlVnU1lCS1l5VEw4c3Vub2NaMjNTeVJmMlZ5ODRNaVQ0VHd4OG5uY1FmTUtHM1gwMDh5WkFqSk9QNVBWXzNLbzM5a1hBdXltWmx1NDFiaWZnOWM5TzJQemFyVFJmTkhrN29jRG5aMTRqYzV5OFRB?oc=5\" target=\"_blank\" rel=\"nofollow noopener\">\u2013 Er transportkj\u00f8perne stolte n\u00e5?<\/a>&nbsp;&nbsp;altaposten.no<\/li>\n<li><a href=\"https:\/\/news.google.com\/rss\/articles\/CBMiZkFVX3lxTE0xemlERlc3VDN3WHhFbFlzOTl6dUFTMWVhMWhsOTRGLUN2U3Y3ZnVOZ0lnZzhMWVQtMUFMU1VkejFJWUg0eGl1eU5HX2U2TFhBQjNjeVpWT09qRVFOVGZmay0tbC14QQ?oc=5\" target=\"_blank\" rel=\"nofollow noopener\">Hammerfest, Skred | Rykket til sn\u00f8skred<\/a>&nbsp;&nbsp;Kronstadposten<\/li>\n<li><a href=\"https:\/\/news.google.com\/rss\/articles\/CBMigwFBVV95cUxQYWpoR2N6Nnp6YVBUeV9RZzBrLUdmT3Q0MVRtdC1pMTBweExfSlBZampaWWk1aU44d0dONmZyR0J1eHJBeENhWFFoOENDWHFWMlBrZzRYWHpKOE5RTlNVNEF5LU5kQ0dqVXI0UTdhdTJkcm53ZllTX2NkbzRkQTd3MmpjUQ?oc=5\" target=\"_blank\" rel=\"nofollow noopener\">Hammerfest, Trafikk | Kaotisk dag: Sn\u00f8skred, utforkj\u00f8ring og vogntog som sto<\/a>&nbsp;&nbsp;iFinnmark<\/li>\n<\/ol>\n","protected":false},"excerpt":{"rendered":"Finnmark, Hammerfest | Farlig vinter i Finnmark: 21 timer med \u00abhendelser\u00bb p\u00e5 Sennalandet&nbsp;&nbsp;iFinnmark Flere stengte veier i Finnmark&hellip;\n","protected":false},"author":2,"featured_media":101079,"comment_status":"","ping_status":"","sticky":false,"template":"","format":"standard","meta":{"footnotes":""},"categories":[10],"tags":[20,21,24,25,15,22,23,13,30,28,29,14,16,26,27],"class_list":{"0":"post-101078","1":"post","2":"type-post","3":"status-publish","4":"format-standard","5":"has-post-thumbnail","7":"category-norge","8":"tag-breaking-news","9":"tag-breakingnews","10":"tag-featured-news","11":"tag-featurednews","12":"tag-headlines","13":"tag-latest-news","14":"tag-latestnews","15":"tag-news","16":"tag-no","17":"tag-norge","18":"tag-norway","19":"tag-nyheter","20":"tag-overskrifter","21":"tag-top-stories","22":"tag-topstories"},"share_on_mastodon":{"url":"https:\/\/pubeurope.com\/@no\/115642906847439600","error":""},"_links":{"self":[{"href":"https:\/\/www.europesays.com\/no\/wp-json\/wp\/v2\/posts\/101078","targetHints":{"allow":["GET"]}}],"collection":[{"href":"https:\/\/www.europesays.com\/no\/wp-json\/wp\/v2\/posts"}],"about":[{"href":"https:\/\/www.europesays.com\/no\/wp-json\/wp\/v2\/types\/post"}],"author":[{"embeddable":true,"href":"https:\/\/www.europesays.com\/no\/wp-json\/wp\/v2\/users\/2"}],"replies":[{"embeddable":true,"href":"https:\/\/www.europesays.com\/no\/wp-json\/wp\/v2\/comments?post=101078"}],"version-history":[{"count":0,"href":"https:\/\/www.europesays.com\/no\/wp-json\/wp\/v2\/posts\/101078\/revisions"}],"wp:featuredmedia":[{"embeddable":true,"href":"https:\/\/www.europesays.com\/no\/wp-json\/wp\/v2\/media\/101079"}],"wp:attachment":[{"href":"https:\/\/www.europesays.com\/no\/wp-json\/wp\/v2\/media?parent=101078"}],"wp:term":[{"taxonomy":"category","embeddable":true,"href":"https:\/\/www.europesays.com\/no\/wp-json\/wp\/v2\/categories?post=101078"},{"taxonomy":"post_tag","embeddable":true,"href":"https:\/\/www.europesays.com\/no\/wp-json\/wp\/v2\/tags?post=101078"}],"curies":[{"name":"wp","href":"https:\/\/api.w.org\/{rel}","templated":true}]}}