{"id":101091,"date":"2025-12-01T06:56:08","date_gmt":"2025-12-01T06:56:08","guid":{"rendered":"https:\/\/www.europesays.com\/no\/101091\/"},"modified":"2025-12-01T06:56:08","modified_gmt":"2025-12-01T06:56:08","slug":"jeg-hater-det-nrk-sport-sportsnyheter-resultater-og-sendeplan","status":"publish","type":"post","link":"https:\/\/www.europesays.com\/no\/101091\/","title":{"rendered":"\u2013 Jeg hater det \u2013 NRK Sport \u2013 Sportsnyheter, resultater og sendeplan"},"content":{"rendered":"<p>\u2013 Dette er spennende dager. Ikke bare for meg, men for en hel nasjon, med tanke p\u00e5 hvor de skal legge ferien sin i sommer. Det blir veldig spennende med den trekningen.<\/p>\n<p>Det sier landslagssjefen i et st\u00f8rre intervju med NRK-podkasten <a href=\"https:\/\/radio.nrk.no\/podkast\/bakrommet\" ec-id=\"podpush:podcast:bakrommet\" ec-name=\"Bakrommet\" rel=\"nofollow noopener\" target=\"_blank\">Bakrommet<\/a>.<\/p>\n<p>Han vier god tid til intervjuet noen dager f\u00f8r Norges VM-gruppe skal trekkes under en h\u00f8ytidelig Fifa-seremoni i den amerikanske hovedstaden.<\/p>\n<p><img decoding=\"async\"   src=\"data:image\/gif;base64,R0lGODlhAQABAIAAAAAAAP\/\/\/yH5BAEAAAAALAAAAAABAAEAAAIBRAA7\" loading=\"eager\" alt=\"St\u00e5le Solbakken p\u00e5 podkasten Bakrommet med Eirik Fure, Andrine Stolsmo Hegerberg og Kristoffer L\u00f8kberg\" title=\"Foto: Lars Thomas Nordby \/ NRK\"\/><\/p>\n<p class=\"\">STORT INTERVJU: St\u00e5le Solbakken viet mye tid til NRK-podkasten Bakrommet f\u00f8r VM-trekningen. Her i samtale med ekspert Kristoffer L\u00f8kberg (t.v), Andrine Hegerberg og programleder Eirik Fure.<\/p>\n<p>Foto: Lars Thomas Nordby \/ NRK<\/p>\n<p>\u2013 Jeg hater det<\/p>\n<p>I Washington, n\u00e6rmere bestemt i salen p\u00e5 Kennedy Center, skal ogs\u00e5 St\u00e5le Solbakken v\u00e6re p\u00e5 plass. <\/p>\n<p>Det skjer mot hans egen vilje, forteller han i Bakrommet-episoden som slippes tirsdag.<\/p>\n<p>\u2013 Jeg hater det. Brede Hangeland (assistent) har tatt alle trekninger til n\u00e5. Nasjonsligaen, EM-kvalikene, Brede har tatt alt. Han har egentlig veldig lyst til \u00e5 v\u00e6re med p\u00e5 dette, og vi var enige om at han skulle dra, men n\u00e5 er det ikke noe b\u00f8nn. Hovedtreneren m\u00e5 m\u00f8te, forteller Solbakken.<\/p>\n<p>\u2013 Hvorfor det?<\/p>\n<p>\u2013 Det er noen \u00abworkshoper\u00bb og s\u00e5nn jeg m\u00e5 v\u00e6re med p\u00e5. I g\u00e5r kom det jo e-post: \u00abHvem vil du skal sitte ved siden av deg?\u00bb eller noe s\u00e5nt. Alt er veldig detaljert, s\u00e5 dette kommer jeg ikke unna, sier han.<\/p>\n<p>\u2013 Hvem vil du sitte med?<\/p>\n<p>\u2013 Nei, jeg har ikke svart enn\u00e5, jeg vet ikke hvem som er med, svarer landslagssjefen.<\/p>\n<p><img decoding=\"async\"   src=\"data:image\/gif;base64,R0lGODlhAQABAIAAAAAAAP\/\/\/yH5BAEAAAAALAAAAAABAAEAAAIBRAA7\" loading=\"eager\" alt=\"d\" title=\"Foto: Julia Demaree Nikhinson \/ AP \/ NTB\"\/><\/p>\n<p class=\"\">KENNEDY CENTER: Her inne skal trekningen foreg\u00e5.<\/p>\n<p>Foto: Julia Demaree Nikhinson \/ AP \/ NTB<\/p>\n<p>\u2013 Elendig p\u00e5 \u00absmall talk\u00bb<\/p>\n<p>Solbakken forteller i intervjuet at de andre i Norges Fotballforbund reiser til USA onsdag 3. desember, mens han utsetter det til fjerde. Han vil ha alt unnagjort p\u00e5 minst mulig tid.<\/p>\n<p>Landslagssjefen sier han ikke har noe til overs for tilstelninger med r\u00f8d l\u00f8per, glitter og glamour som Fifa byr p\u00e5 denne gangen. <\/p>\n<p>\u2013 Jeg har aldri v\u00e6rt noe glad i det der &#8230; For det f\u00f8rste er jeg elendig p\u00e5 \u00absmall talk\u00bb. For det andre s\u00e5 interesserer ikke dette meg noe s\u00e6rlig. Det gj\u00f8r det ikke. Jeg ville egentlig ligge i sofaen med sm\u00e5godt og Pepsi Max og sett p\u00e5 trekninga, istedenfor \u00e5 sitte i den salen der. Men s\u00e5nn blir det ikke. <\/p>\n<p>\u2013 Hvor mye pr\u00f8vde du \u00e5 sno deg unna?<\/p>\n<p>\u2013 Jeg har pr\u00f8vd alt, og Hangeland vil jo virkelig, men det har v\u00e6rt en \u00abno-go\u00bb denne gangen, sier Solbakken i Bakrommet.\n<\/p>\n<p><img decoding=\"async\"   src=\"data:image\/gif;base64,R0lGODlhAQABAIAAAAAAAP\/\/\/yH5BAEAAAAALAAAAAABAAEAAAIBRAA7\" loading=\"eager\" alt=\"solbakken hangeland\" title=\"Foto: Terje Pedersen \/ NTB\"\/><\/p>\n<p class=\"\">TRENERTEAM: St\u00e5le Solbakken t.h. og Brede Hangeland under trening p\u00e5 Lillestr\u00f8m i h\u00f8st.<\/p>\n<p>Foto: Terje Pedersen \/ NTB<\/p>\n<p>Hangeland: \u2013 Lever godt med at St\u00e5le drar<\/p>\n<p>Brede Hangeland flirer litt av Solbakkens historiefortelling.<\/p>\n<p>\u2013 Hehe, det at jeg \u00f8nsker \u00e5 reise er nok en sannhet med modifikasjoner. Washington hadde v\u00e6rt kult, men det er langt \u00e5 reise for noen f\u00e5 dager. Jeg har v\u00e6rt p\u00e5 mange trekninger de siste \u00e5rene, og lever veldig godt med at St\u00e5le tar denne. Da f\u00e5r jeg ogs\u00e5 deltatt p\u00e5 cupfinaleseminar i Oslo neste helg, skriver Hangeland i en SMS til NRK.<\/p>\n<p>\u2013 Rave rundt og prate tull<\/p>\n<p>If\u00f8lge St\u00e5le Solbakken har Fifa klare retningslinjer om hvem fra hvert deltakerland som f\u00e5r delta p\u00e5 VM-trekningen.<\/p>\n<p>\u2013 Det skal v\u00e6re med \u00e9n delegasjonsleder, \u00e9n administrator, \u00e9n sikkerhetssjef, \u00e9n mediemann, \u00e9n altmuligmann og \u00e9n ting til. S\u00e5 er det jo noen som skal v\u00e6re igjen (i USA) ut fra hvor vi blir trukket, for \u00e5 finne \u00abbase camp\u00bb og alt det der. Men jeg skal hjem, forteller han.<\/p>\n<p>Disse har Fifa invitert til trekning<\/p>\n<p>Hovedtrener<br \/>Teamleder<br \/>Medieansvarlig<br \/>Teamadministrator<br \/>Sikkerhetsoffiser<br \/>Billettansvarlig<br \/>Prosjektleder<\/p>\n<p>\u2013 I tillegg reiser fotballpresident Lise Klaveness, generalsekret\u00e6r Karl-Petter L\u00f8ken og muligens innholdsprodusent Terje Skeiem opplyser landslagets medieansvarlig Morten Skj\u00f8nsberg til NRK.<\/p>\n<p>\u2013 Er ikke dette en god mulighet til \u00e5 hente litt inspirasjon fra andre trenere og knytte noen nye kontakter?<\/p>\n<p>\u2013 Jeg f\u00e5r jo ikke noe trenerinspirasjon av \u00e5 rave rundt der og prate tull. Det er jo ingen som gir bort noe heller. Jeg gleder meg jo til trekningen, men den kan jeg jo se p\u00e5 NRK1 eller NRK TV fra sofaen, sier han.<\/p>\n<p>Sendingen starter 17.30. VM spilles i USA, Canada og Mexico fra 11. juni til 19. juli neste \u00e5r.<\/p>\n<p>Pottene til VM-trekningen \u2013 disse kan Norge trekke<\/p>\n<p><strong>Pott 1: <\/strong><\/p>\n<p>Spania<br \/>Argentina<br \/>Frankrike<br \/>England<br \/>Brasil<br \/>Portugal<br \/>Nederland<br \/>Belgia<br \/>Tyskland<br \/>Mexico<br \/>USA<br \/>Canada.<\/p>\n<p><strong>Pott 2: <\/strong><\/p>\n<p>Kroatia<br \/>Marokko<br \/>Colombia<br \/>Uruguay<br \/>Sveits<br \/>Japan<br \/>Senegal<br \/>Iran<br \/>S\u00f8r-Korea<br \/>Ecuador<br \/>\u00d8sterrike<br \/>Australia<\/p>\n<p><strong>Pott 3<\/strong>:<\/p>\n<p>Norge<br \/>Panama<br \/>Egypt<br \/>Algerie<br \/>Skottland<br \/>Paraguay<br \/>Tunisia<br \/>Elfenbenskysten<br \/>Usbekistan<br \/>Qatar<br \/>Saudi-Arabia<br \/>S\u00f8r-Afrika.<\/p>\n<p><strong>Pott 4: <\/strong><br \/>Jordan<br \/>Kapp Verde<br \/>Ghana<br \/>Cura\u00e7ao<br \/>Haiti<br \/>New Zealand<\/p>\n<p>I tillegg skal seks lag fra playoffene som spilles i mars inn i pott 4:<\/p>\n<p>Playoff A: Italia \u2013 Nord-Irland, Wales \u2013 Bosnia-Hercegovina<\/p>\n<p>Playoff B: Ukraina \u2013 Sverige, Polen \u2013 Albania<\/p>\n<p>Playoff C: Tyrkia \u2013 Romania, Slovakia \u2013 Kosovo<\/p>\n<p>Playoff D: Danmark \u2013 Nord-Makedonia, Tsjekkia \u2013 Irland<\/p>\n<p>Playoff E: Irak, Bolivia vs Surinam<\/p>\n<p>Playoff F: Kongo, Ny-Caledonia vs Jamaica<\/p>\n<p>Vinnerne av semifinale i playoff A-D m\u00f8tes i en finale som sender vinneren til VM. Mens i det interkontinentale omspillet spiller Irak finale om VM-billett mot vinneren av Bolivia-Surinam, mens Kongo m\u00f8ter vinneren av Ny-Caledonia-Jamaica i en finale.<\/p>\n<p>Psst: Fikk du med deg denne?<\/p>\n<p>Publisert<\/p>\n<p>01.12.2025, kl. 05.14<\/p>\n","protected":false},"excerpt":{"rendered":"\u2013 Dette er spennende dager. Ikke bare for meg, men for en hel nasjon, med tanke p\u00e5 hvor&hellip;\n","protected":false},"author":2,"featured_media":101092,"comment_status":"","ping_status":"","sticky":false,"template":"","format":"standard","meta":{"footnotes":""},"categories":[59],"tags":[30,28,29,83,82],"class_list":{"0":"post-101091","1":"post","2":"type-post","3":"status-publish","4":"format-standard","5":"has-post-thumbnail","7":"category-sport","8":"tag-no","9":"tag-norge","10":"tag-norway","11":"tag-sport","12":"tag-sports"},"share_on_mastodon":{"url":"https:\/\/pubeurope.com\/@no\/115643009135281970","error":""},"_links":{"self":[{"href":"https:\/\/www.europesays.com\/no\/wp-json\/wp\/v2\/posts\/101091","targetHints":{"allow":["GET"]}}],"collection":[{"href":"https:\/\/www.europesays.com\/no\/wp-json\/wp\/v2\/posts"}],"about":[{"href":"https:\/\/www.europesays.com\/no\/wp-json\/wp\/v2\/types\/post"}],"author":[{"embeddable":true,"href":"https:\/\/www.europesays.com\/no\/wp-json\/wp\/v2\/users\/2"}],"replies":[{"embeddable":true,"href":"https:\/\/www.europesays.com\/no\/wp-json\/wp\/v2\/comments?post=101091"}],"version-history":[{"count":0,"href":"https:\/\/www.europesays.com\/no\/wp-json\/wp\/v2\/posts\/101091\/revisions"}],"wp:featuredmedia":[{"embeddable":true,"href":"https:\/\/www.europesays.com\/no\/wp-json\/wp\/v2\/media\/101092"}],"wp:attachment":[{"href":"https:\/\/www.europesays.com\/no\/wp-json\/wp\/v2\/media?parent=101091"}],"wp:term":[{"taxonomy":"category","embeddable":true,"href":"https:\/\/www.europesays.com\/no\/wp-json\/wp\/v2\/categories?post=101091"},{"taxonomy":"post_tag","embeddable":true,"href":"https:\/\/www.europesays.com\/no\/wp-json\/wp\/v2\/tags?post=101091"}],"curies":[{"name":"wp","href":"https:\/\/api.w.org\/{rel}","templated":true}]}}