{"id":101102,"date":"2025-12-01T07:15:12","date_gmt":"2025-12-01T07:15:12","guid":{"rendered":"https:\/\/www.europesays.com\/no\/101102\/"},"modified":"2025-12-01T07:15:12","modified_gmt":"2025-12-01T07:15:12","slug":"kommer-til-a-ha-samtaler-med-sv-og-mdg","status":"publish","type":"post","link":"https:\/\/www.europesays.com\/no\/101102\/","title":{"rendered":"\u2013 Kommer til \u00e5 ha samtaler med SV og MDG"},"content":{"rendered":"\n<p class=\"_lead_o9xde_2 _lead_xtcu6_50 layout-component text-serif-m layout-normal text-serif-l layout-component layout-wide layout-padded _wide_17hqh_1 layout-padded\">Det sier Arbeiderpartiets forhandlingsleder Tuva Moflag. <\/p>\n<p><img alt=\" Foto: Thomas Fure \/ NTB\" class=\"_image_qp4xg_65 layout-component layout-wide\" data-fullscreen- data-track-element-type=\"Article image fullscreen\" data-track-name=\"ImageFullscreen\" fetchpriority=\"high\" decoding=\"sync\" loading=\"eager\" height=\"3448\" itemprop=\"image\"  src=\"https:\/\/www.europesays.com\/no\/wp-content\/uploads\/2025\/12\/40c68cf4-94d9-4407-b5cb-2eaebb78300e\"  style=\"object-position:0% 0%\" width=\"5168\"\/> Foto: Thomas Fure \/ NTB<\/p>\n<ul aria-hidden=\"true\" class=\"_images_1uft6_111\">\n<li><a class=\"_link_1uft6_116\" href=\"https:\/\/www.vg.no\/forfatter\/live-tronstad\" style=\"z-index:2\" title=\"Live Tronstad\" rel=\"nofollow noopener\" target=\"_blank\"><img alt=\"Bilde av Live Tronstad\" class=\"_image_1uft6_93\" fetchpriority=\"low\" loading=\"lazy\" decoding=\"async\" itemprop=\"image\"  src=\"https:\/\/www.europesays.com\/no\/wp-content\/uploads\/2025\/12\/730bca66-e713-4274-9d1c-1222feeb3c7d\"  width=\"480\"\/><\/a><\/li>\n<li><a class=\"_link_1uft6_116\" href=\"https:\/\/www.vg.no\/forfatter\/bendik-hansen\" style=\"z-index:1\" title=\"Bendik Hansen\" rel=\"nofollow noopener\" target=\"_blank\"><img alt=\"Bilde av Bendik Hansen\" class=\"_image_1uft6_93\" fetchpriority=\"low\" loading=\"lazy\" decoding=\"async\" itemprop=\"image\"  src=\"https:\/\/www.europesays.com\/no\/wp-content\/uploads\/2025\/12\/236bc5a3-2236-4046-b957-81f29d024aa6\"  width=\"480\"\/><\/a><\/li>\n<\/ul>\n<p>Rapporterer fra Marienlyst  Oppdatert mandag 1. desember kl. 08:15     <\/p>\n<p class=\"_paragraph_o9xde_4 _paragraph_xtcu6_10 layout-component text-serif-m layout-normal text-serif-m layout-padded\">P\u00e5 l\u00f8rdag <a href=\"https:\/\/www.vg.no\/nyheter\/i\/m0g2J0\/budsjettkaos-kan-felle-stoere-veldig-risikabelt-spill\" data-track-element-type=\"Link\" data-track-id=\"link:m0g2J0\" class=\"_link_o9xde_39\" rel=\"nofollow noopener\" target=\"_blank\">br\u00f8t MDG budsjettforhandlingene<\/a> og SV sa nei til budsjettforslaget som l\u00e5 p\u00e5 bordet. <\/p>\n<p class=\"_paragraph_o9xde_4 _paragraph_xtcu6_10 layout-component text-serif-m layout-normal text-serif-m layout-padded\">Ap, Sp og R\u00f8dt ble deretter enige, men om et budsjett de ikke har flertall for i Stortinget.<\/p>\n<p class=\"_paragraph_o9xde_4 _paragraph_xtcu6_10 layout-component text-serif-m layout-normal text-serif-m layout-padded\"><strong class=\"_strong_o9xde_25\">Dermed st\u00e5r statsminister Jonas Gahr St\u00f8re uten flertall bak statsbudsjettet regjeringen hans har foresl\u00e5tt for 2026.<\/strong><\/p>\n<p class=\"_paragraph_o9xde_4 _paragraph_xtcu6_10 layout-component text-serif-m layout-normal text-serif-m layout-padded\">Til VG advarer statsviter Svein Erik Tuastad om at vi n\u00e5 kan f\u00e5 <a href=\"https:\/\/www.vg.no\/nyheter\/i\/JOW9xR\/skjebneuke-for-jonas-gahr-stoere-kan-bli-kaos-hele-forbanna-tiden\" data-track-element-type=\"Link\" data-track-id=\"link:JOW9xR\" class=\"_link_o9xde_39\" rel=\"nofollow noopener\" target=\"_blank\">\u00abet politisk kaos vi ikke har sett p\u00e5 flere ti\u00e5r i Norge\u00bb<\/a>.<\/p>\n<p class=\"_paragraph_o9xde_4 _paragraph_xtcu6_10 layout-component text-serif-m layout-normal text-serif-m layout-padded\">Mandag morgen avviser derimot Tuva Moflag at situasjonen er kaotisk. Hun er forhandlingsleder i Arbeiderpartiet og leder finanskomiteen p\u00e5 stortinget. <\/p>\n<p class=\"_paragraph_o9xde_4 _paragraph_xtcu6_10 layout-component text-serif-m layout-normal text-serif-m layout-padded\">\u2013 Vi har hatt gode samtaler over flere uker. Dessverre kom vi ikke til enighet med alle fem partiene, sier Moflag i Politisk kvarter p\u00e5 NRK. <\/p>\n<p class=\"_paragraph_o9xde_4 _paragraph_xtcu6_10 layout-component text-serif-m layout-normal text-serif-m layout-padded\"><strong class=\"_strong_o9xde_25\">P\u00e5 sp\u00f8rsm\u00e5l fra programlederen om dette kan kalles r\u00f8dgr\u00f8nt kaos, svarer Moflag: <\/strong><\/p>\n<p class=\"_paragraph_o9xde_4 _paragraph_xtcu6_10 layout-component text-serif-m layout-normal text-serif-m layout-padded\"><strong class=\"_strong_o9xde_25\">\u2013 Nei, det vil jeg ikke. Vi har hatt gode samtaler over flere uker.<\/strong><\/p>\n<p class=\"_paragraph_o9xde_4 _paragraph_xtcu6_10 layout-component text-serif-m layout-normal text-serif-m layout-padded\">\u2013 Dere har ikke flertall og det trues med regjeringskrise. Hva skal til for at du sier at noe er kaotisk? <\/p>\n<p class=\"_paragraph_o9xde_4 _paragraph_xtcu6_10 layout-component text-serif-m layout-normal text-serif-m layout-padded\">\u2013 Nei, vi er jo n\u00f8dt til \u00e5 jobbe videre for \u00e5 sikre flertall for dette budsjettet. Derfor kommer vi til \u00e5 ha samtaler med SV og MDG. Vi er ikke ferdig f\u00f8r det, svarte Moflag.<\/p>\n<p class=\"_paragraph_o9xde_4 _paragraph_xtcu6_10 layout-component text-serif-m layout-normal text-serif-m layout-padded\">Hun sier at budsjettforhandlingene er ferdig, men at de m\u00e5 snakke sammen, og at de starter samtaler i dag. <\/p>\n<p class=\"font-weight-semi-bold color-accent label-medium _label_16v91_20\">Her er St\u00f8res muligheter<\/p>\n<ul class=\"_list_o9xde_3 _list_xtcu6_9 _list_16v91_9 _unordered_o9xde_106 layout-component text-serif-m layout-normal text-sans-m layout-padded\">\n<li class=\"_item_o9xde_30\">G\u00e5 til SV og MDG med nye tilbud.<\/li>\n<li class=\"_item_o9xde_30\">H\u00e5pe p\u00e5 at SV og MDG snur og st\u00f8tter budsjettforslaget likevel.<\/li>\n<li class=\"_item_o9xde_30\">Sjekke om andre partier p\u00e5 h\u00f8yresiden vil st\u00f8tte budsjettet hans. Han har sagt at det ikke er aktuelt n\u00e5.<\/li>\n<li class=\"_item_o9xde_30\">Sette hardt mot hardt og stille kabinettssp\u00f8rsm\u00e5l. Det betyr at han truer med \u00e5 g\u00e5 av dersom ikke statsbudsjettet f\u00e5r flertall.<\/li>\n<li class=\"_item_o9xde_30\">Det kan skje allerede fredag. Da skal budsjettet diskuteres og budsjettrammene vedtas i Stortinget. <\/li>\n<\/ul>\n<p>Vis mer\u2013 Har kommet store innr\u00f8mmelser<\/p>\n<p class=\"_paragraph_o9xde_4 _paragraph_xtcu6_10 layout-component text-serif-m layout-normal text-serif-m layout-padded\">If\u00f8lge Moflag har kommet \u00abstore innr\u00f8mmelser\u00bb til b\u00e5de MDG og SV. <\/p>\n<p class=\"_paragraph_o9xde_4 _paragraph_xtcu6_10 layout-component text-serif-m layout-normal text-serif-m layout-padded\">\u2013 Vi har sagt at vi er villige til \u00e5 ikke \u00e5pne for havbunnsmineraler i hele denne stortingsperioden. Vi har lagt opp til en tannhelsereform og \u00e5 sikre bedre kollektivtrafikk og lavere priser, sier Moflag. <\/p>\n<p class=\"_paragraph_o9xde_4 _paragraph_xtcu6_10 layout-component text-serif-m layout-normal text-serif-m layout-padded\">Verken SV eller MDG stilte i Politisk kvarter. Til stede var derimot partiene som er enig med Arbeiderpartiet om budsjett: Senterpartiet og R\u00f8dt. <\/p>\n<p class=\"_paragraph_o9xde_4 _paragraph_xtcu6_10 layout-component text-serif-m layout-normal text-serif-m layout-padded\">B\u00e5de Sp og R\u00f8dt ble presset p\u00e5 om de var \u00e5pne for endringer som gj\u00f8r at SV og MDG stiller seg bak budsjettet, men ga ikke noe tydelig svar.<\/p>\n<p class=\"_paragraph_o9xde_4 _paragraph_xtcu6_10 layout-component text-serif-m layout-normal text-serif-m layout-padded\">\u2013 De har f\u00e5tt betydelige gjennomslag p\u00e5 budsjettet vi la frem i helgen. Jeg mener vi klarte \u00e5 finne en helhet som ga gode gjennomslag for alle de fem budsjettpartnerne, sier stortingsrepresentant for Senterpartiet Bj\u00f8rn Arild Gram.<\/p>\n<p>    <img decoding=\"async\" alt=\"Tips oss illustrasjon\" src=\"https:\/\/www.europesays.com\/no\/wp-content\/uploads\/2025\/10\/pssst-small.webp.webp\"\/>    <\/p>\n<p class=\"title-serif-s\">Har du tips?<\/p>\n<p class=\"text-sans-m\">Send oss informasjon, bilder eller video.<\/p>\n<p>  <a href=\"https:\/\/www.vg.no\/tips-oss\" rel=\"nofollow noopener\" target=\"_blank\"> Tips oss <\/a>      <\/p>\n","protected":false},"excerpt":{"rendered":"Det sier Arbeiderpartiets forhandlingsleder Tuva Moflag. Foto: Thomas Fure \/ NTB Rapporterer fra Marienlyst Oppdatert mandag 1. desember&hellip;\n","protected":false},"author":2,"featured_media":101103,"comment_status":"","ping_status":"","sticky":false,"template":"","format":"standard","meta":{"footnotes":""},"categories":[10],"tags":[31,20,21,24,25,15,22,23,13,30,28,281,29,14,16,26,27],"class_list":{"0":"post-101102","1":"post","2":"type-post","3":"status-publish","4":"format-standard","5":"has-post-thumbnail","7":"category-norge","8":"tag-breaking","9":"tag-breaking-news","10":"tag-breakingnews","11":"tag-featured-news","12":"tag-featurednews","13":"tag-headlines","14":"tag-latest-news","15":"tag-latestnews","16":"tag-news","17":"tag-no","18":"tag-norge","19":"tag-norsk-politikk","20":"tag-norway","21":"tag-nyheter","22":"tag-overskrifter","23":"tag-top-stories","24":"tag-topstories"},"share_on_mastodon":{"url":"https:\/\/pubeurope.com\/@no\/115643084117712751","error":""},"_links":{"self":[{"href":"https:\/\/www.europesays.com\/no\/wp-json\/wp\/v2\/posts\/101102","targetHints":{"allow":["GET"]}}],"collection":[{"href":"https:\/\/www.europesays.com\/no\/wp-json\/wp\/v2\/posts"}],"about":[{"href":"https:\/\/www.europesays.com\/no\/wp-json\/wp\/v2\/types\/post"}],"author":[{"embeddable":true,"href":"https:\/\/www.europesays.com\/no\/wp-json\/wp\/v2\/users\/2"}],"replies":[{"embeddable":true,"href":"https:\/\/www.europesays.com\/no\/wp-json\/wp\/v2\/comments?post=101102"}],"version-history":[{"count":0,"href":"https:\/\/www.europesays.com\/no\/wp-json\/wp\/v2\/posts\/101102\/revisions"}],"wp:featuredmedia":[{"embeddable":true,"href":"https:\/\/www.europesays.com\/no\/wp-json\/wp\/v2\/media\/101103"}],"wp:attachment":[{"href":"https:\/\/www.europesays.com\/no\/wp-json\/wp\/v2\/media?parent=101102"}],"wp:term":[{"taxonomy":"category","embeddable":true,"href":"https:\/\/www.europesays.com\/no\/wp-json\/wp\/v2\/categories?post=101102"},{"taxonomy":"post_tag","embeddable":true,"href":"https:\/\/www.europesays.com\/no\/wp-json\/wp\/v2\/tags?post=101102"}],"curies":[{"name":"wp","href":"https:\/\/api.w.org\/{rel}","templated":true}]}}