{"id":101106,"date":"2025-12-01T07:17:15","date_gmt":"2025-12-01T07:17:15","guid":{"rendered":"https:\/\/www.europesays.com\/no\/101106\/"},"modified":"2025-12-01T07:17:15","modified_gmt":"2025-12-01T07:17:15","slug":"mening-sarpsborg-08-seriesesongen-endte-som-den-pleier","status":"publish","type":"post","link":"https:\/\/www.europesays.com\/no\/101106\/","title":{"rendered":"Mening, Sarpsborg 08 | Seriesesongen endte som den pleier"},"content":{"rendered":"\n<p>Egentlig er det liten vits i \u00e5 oppsummere eliteseriesesongen 2025 etter avslutningsseieren mot Molde. Rett og slett fordi fotball\u00e5ret 2025 p\u00e5 alle m\u00e5ter defineres av \u00e9n kamp. 2&#215;45 minutter pluss eventuelt b\u00e5de ekstraomganger og straffespark l\u00f8rdag.<\/p>\n<p>Seier p\u00e5 Ullevaal vil skape helter for evig.<\/p>\n<p>Tap vil stemple sesongen som nok en \u00abnesten-sesong\u00bb. Nok en sesong der Sarpsborg 08 bare var nesten gode nok. I hvert fall ut fra klubbens egne m\u00e5lsettinger.<\/p>\n<p>Cupfinalen er helt \u00e5pen. Lillestr\u00f8m er \u00abh\u00f8ye som fjell\u00bb etter \u00e5 ha g\u00e5tt ubeseiret gjennom en hel sesong. Mens Sarpsborg 08 har et toppniv\u00e5 som i prinsippet kan feie \u00abKanarifuglene\u00bb av banen.<\/p>\n<p>Problemet er bare at ingen helt vet hvilken utgave vi f\u00e5r se av de bl\u00e5hvite \u00abenglene\u00bb p\u00e5 nasjonalarenaen Ullevaal l\u00f8rdag fra klokka 16.00.<\/p>\n<p>Det kan v\u00e6re fugl. Og den kan v\u00e6re fisk. N\u00e5r motstanderen er nettopp \u00abKanarifuglene\u00bb, er det en morsom metafor&#8230;.<\/p>\n<p>Styrker og svakheter<\/p>\n<p>Kampen mot Molde i siste serieomgang endte med 1-0-seier, og var egentlig et eneste stort bevis p\u00e5 hva som er Sarpsborg 08s soleklare styrker og utfordringer som fotballag.<\/p>\n<p>De mest markante styrkene er et godt, lavtliggende forsvar kombinert med enorme kontringsegenskaper. Det er disse egenskapene som har gitt laget de st\u00f8rste triumfene denne sesongen &#8211; inkludert kvart- og semifinaletriumfene i cupen mot henholdsvis Rosenborg i Trondheim og Viking p\u00e5 Sarpsborg stadion.<\/p>\n<p>Og det er disse styrkene som gj\u00f8r det mulig \u00e5 v\u00e6re optimist foran l\u00f8rdagens cupfest.<\/p>\n<p>Hovedutfordringen er like godt kjent: Den manglende evnen til \u00e5 bearbeide og bryte ned etablerte forsvar, ja rett og slett ha et eget, effektivt spill. Dette har blitt gradvis svakere gjennom sesongen, noe som kanskje bare er naturlig siden Martin Foyston er lagets tredje hovedtrener p\u00e5 en sesong.<\/p>\n<ul>\n<li><b>Les flere kommentarer <a rel=\"Follow nofollow noopener\" href=\"https:\/\/www.sa.no\/tag\/petter-kalnes\" target=\"_blank\">HER<\/a><\/b><\/li>\n<\/ul>\n<p>F\u00f8r pause mot Molde kom styrkene til syne ved at Frederik Carrstensen kontret inn 1-0, og at i hvert fall ytterligere en gedigen overgangsmulighet (Daniel Karlsbakk) ble misbrukt.<\/p>\n<p>Men vi fikk ogs\u00e5 bevis for utfordringen n\u00e5r Molde hadde ballen 79 prosent av tiden. Minimalt med eget spill p\u00e5 egen hjemmebane, alts\u00e5.<\/p>\n<p>Andre omgang var lik. Og preget av et enormt godt forsvarsspill fra hjemmelagets side. Ogs\u00e5 etter pause ble det skapt kontringer som kunne gitt tellende resultater.<\/p>\n<p>Med at seieren i den siste seriekampen var en forsvarstriumf mer enn noe annet, er hevet over enhver tvil.<\/p>\n<p>P\u00e5 pari<\/p>\n<p>Sesongen ender med en 9. plass. Man er ganske langt unna klubbledelsens vyer om \u00e5 v\u00e6re et lag som kjemper om Europa-plassene, men samtidig aldri helt i nedrykksstriden. Samtidig ender man<a rel=\"Follow nofollow noopener\" href=\"https:\/\/www.sa.no\/det-eneste-vi-er-sikre-pa-er-at-sarpsborg-08-blir-bedre-enn-ffk\/o\/5-46-1797345\" target=\"_blank\"> omtrent i det tabell-sjiktet SA sp\u00e5dde f\u00f8r sesongen<\/a> (7. plass).<\/p>\n<p>9. plassen er mer eller mindre  ut fra gjennomsnittsplasseringen i klubbens totalt 14 sesonger (13 sammenhengende) i eliteserien. P\u00e5 den gjennomsnittstabellen ville laget endt p\u00e5 plass 9,4 \u2013 alts\u00e5 en 9. plass.<\/p>\n<p>Hadde du sagt til en oppeg\u00e5ende sarping etter  at bylaget 16 \u00e5r senere ville ha spilt 14 sesonger (2011, 2013-2025) i eliteserien, ville du f\u00e5tt sp\u00f8rsm\u00e5l om du var vel bevart. Og vi ville alle, ut fra det stadiet fotballbyen Sarpsborg var p\u00e5 ved det tidspunktet, sagt \u00abja og amen\u00bb om en gjennomsnittlig plassering som den jeg referer til over.<\/p>\n<ul>\n<li><b>N\u00e5 har du sjansen: Fell din dom over Sarpsborg 08!<\/b><\/li>\n<\/ul>\n<p>Men verden g\u00e5r framover.<\/p>\n<p>N\u00e5 er det blitt en vane at Sarpsborg tilh\u00f8rer norsk fotballs aller fineste selskap. Mange tar det til og med for gitt.<\/p>\n<p>Jeg mener det er skummelt. Jeg mener man aldri skal glemme hvor man var for 15 \u00e5r siden. Glemme historien. Det er derfor vi til stadighet drar fram dette faktum i for eksempel<a rel=\"Follow nofollow noopener\" href=\"https:\/\/www.sa.no\/kai-20-ar-etter-det-historiske-opprykket-det-ble-skapt-vennskap-for-livet\/s\/5-46-1898592\" target=\"_blank\"> SA-podden<\/a>.<\/p>\n<p>Men det handler om \u00e5 ha to tanker i hodet samtidig: Man skal p\u00e5 den ene siden hylle Sarpsborg 08 som en stabil, trygg og veldrevet eliteserieklubb, samtidig som man med rette kan mene at man sportslig sett f\u00e5r for lite ut av ressursbruk, lag og forutsetninger der nede p\u00e5 Enenda.<\/p>\n<p>Og da er det grunn til \u00e5 v\u00e6re skuffet over en seriesesong i 2025 som har v\u00e6rt alt for preget av omveltninger, trenersparkinger, en spillerlogistikk der salgene av Sondre \u00d8rjas\u00e6ter og Franklin Tebo var langt mer vellykket og planlagt enn sommerens \u00abpanikkaktiviteter\u00bb p\u00e5 overgangsmarkedet.<\/p>\n<p>I sum blir det en rotete sesong, der to ord er mangelvare:<\/p>\n<p>Stabilitet og identitet.<\/p>\n<p>Egen stil<\/p>\n<p>Ordene h\u00f8rer sammen. Det handler om \u00e5 skape en \u00abSarpsborg 08-stil\u00bb, en gjenkjennende m\u00e5te \u00e5 spille fotball p\u00e5. Ikke i detalj, men i prinsipp.<\/p>\n<p>Det handler for eksempel om \u00e5 definere hvor ballbesittende man vil v\u00e6re. Det handler om \u00e5 definere graden av markering kontra sonespill i forsvarsarbeidet over hele banen. Det handler om trebacks- eller firebackslinje bakerst. Det handler om \u00e5 stake ut en kurs, og holde seg ved den.<\/p>\n<p>Dette har selvf\u00f8lgelig klubbens ledelse sett lenge. Lenge f\u00f8r vi som sitter p\u00e5 utsiden begynte \u00e5 bruke manglende identitet som en utfordring, ja til og med et problem, i v\u00e5r omtale av Sarpsborg 08s. Men n\u00e5 m\u00e5 ord igjen bli til handling.<\/p>\n<p>Viktig ansettelse<\/p>\n<p>Det er derfor den neste treneransettelsen er s\u00e5 viktig. Det m\u00e5 v\u00e6re en trygg, langtidsansettelse av en fagmann som kommer til Sarpsborg for \u00e5 utf\u00f8re de planene klubben har lagt som grunnlag. Som sagt: Ikke i detalj &#8211; for det fantastiske spillet fotball kan l\u00f8ses p\u00e5 utallige m\u00e5ter &#8211; men som en grunnide.<\/p>\n<p>Og ikke motsatt: Trenerstyrte fotballklubber h\u00f8rer fortiden \u2013 og egentlig den ressursfattige breddefotballen \u2013 til.<\/p>\n<p>I toppfotballen m\u00e5 klubbens prinsipper ligger til grunn for trenerens jobb.<\/p>\n<p>For da slipper man \u00e5 hoppe fra Mikael Stahres ultradefensive fem-manns forsvar til Stefan Billborns sm\u00e5tt romantiske ballbesittelse.<\/p>\n<p>Jeg tror den neste treneransettelsen blir helt definerende for Sarpsborg 08s framtid.<\/p>\n<p>Og jeg h\u00e5per og tror at ansettelsen vil offentliggj\u00f8res rimelig fort etter cupfinalen enste helg.<\/p>\n<p>   <img decoding=\"async\" width=\"5527\" height=\"3685\" fetchpriority=\"low\"  loading=\"lazy\"  src=\"https:\/\/www.europesays.com\/no\/wp-content\/uploads\/2025\/12\/0066JMA_271125SarpsborgStadion_www.impulsmedia.no_lr.jpg\" alt=\"Portretter Sarpsborg 08\" class=\"brick-c-cFOWSL\" style=\"--brick-image-ratio: 5527 \/ 3685;\"\/><\/p>\n<p>      Kai Andersen er ansett som ny utviklingssjef i Sarpsborg 08.<br \/>\n      Foto: Jesper Malthus-Andersen\n    <\/p>\n<p>Jeg hyller ogs\u00e5 ansettelsen av Kai Andersen som utviklingssjef. Ikke fordi det betyr at det om kort tid kryr av eliteseriespillere med sarpedialekt p\u00e5 Sarpsborg stadion. Men fordi Kai vet hva som skal til, han er en tydelig leder som kan dra allerede mange flinke spillerutviklere i riktig retning. Og han er lokal.<\/p>\n<p>Det betyr at han har f\u00f8lelser for denne klubben. Og denne byen. Det er ikke uvesentlig i den moderne og kyniske toppfotballen.<\/p>\n<p><b>Seriesesongen<\/b> ble som den ble.<\/p>\n<p>Egil Olsen ville sagt at den endte p\u00e5 par.<\/p>\n<p>Samtidig kan <b>fotball\u00e5ret <\/b>bli historisk og fantastisk.<\/p>\n<p><b>Det handler bare om utfallet av Sarpsborg 08s aller siste fotballkamp i 2025.<\/b><\/p>\n<p>  <a href=\"https:\/\/www.sa.no\/5-46-1921228\" class=\"related-teaser has-image default-story-teaser article--c-eRUmMG article--c-eRUmMG-jKCPdD-design-default\" rel=\"nofollow noopener\" target=\"_blank\"><\/p>\n<p>    <img decoding=\"async\" loading=\"lazy\"  src=\"https:\/\/www.europesays.com\/no\/wp-content\/uploads\/2025\/12\/NTB_ehwhZbFpwyk.jpg\" alt=\"\" class=\"brick-c-cFOWSL\" style=\"\"\/><\/p>\n<p>\n            Les ogs\u00e5<\/p>\n<p>              Ndiaye best! Gi dine poeng her\n        <\/p>\n<p>  <\/a><\/p>\n<p>  <a href=\"https:\/\/www.sa.no\/5-46-1920238\" class=\"related-teaser has-image default-story-teaser article--c-eRUmMG article--c-eRUmMG-jKCPdD-design-default\" rel=\"nofollow noopener\" target=\"_blank\"><\/p>\n<p>    <img decoding=\"async\" loading=\"lazy\"  src=\"https:\/\/www.europesays.com\/no\/wp-content\/uploads\/2025\/12\/cueres_scp-mangler_navn_fO1Tn7wBREA.jpg\" alt=\"\" class=\"brick-c-cFOWSL\" style=\"\"\/><\/p>\n<p>\n            Les ogs\u00e5<\/p>\n<p>              Carstensen matchvinner: \u2013 Et f\u00f8lsomt \u00f8yeblikk\n        <\/p>\n<p>  <\/a><\/p>\n","protected":false},"excerpt":{"rendered":"Egentlig er det liten vits i \u00e5 oppsummere eliteseriesesongen 2025 etter avslutningsseieren mot Molde. Rett og slett fordi&hellip;\n","protected":false},"author":2,"featured_media":101107,"comment_status":"","ping_status":"","sticky":false,"template":"","format":"standard","meta":{"footnotes":""},"categories":[59],"tags":[36,11280,92,3218,30,28,29,1533,1178,133,83,82],"class_list":{"0":"post-101106","1":"post","2":"type-post","3":"status-publish","4":"format-standard","5":"has-post-thumbnail","7":"category-sport","8":"tag-art","9":"tag-cupfinalen-2025","10":"tag-fotball","11":"tag-mening","12":"tag-no","13":"tag-norge","14":"tag-norway","15":"tag-opinion","16":"tag-petter-kalnes","17":"tag-sarpsborg-08","18":"tag-sport","19":"tag-sports"},"share_on_mastodon":{"url":"https:\/\/pubeurope.com\/@no\/115643091931966589","error":""},"_links":{"self":[{"href":"https:\/\/www.europesays.com\/no\/wp-json\/wp\/v2\/posts\/101106","targetHints":{"allow":["GET"]}}],"collection":[{"href":"https:\/\/www.europesays.com\/no\/wp-json\/wp\/v2\/posts"}],"about":[{"href":"https:\/\/www.europesays.com\/no\/wp-json\/wp\/v2\/types\/post"}],"author":[{"embeddable":true,"href":"https:\/\/www.europesays.com\/no\/wp-json\/wp\/v2\/users\/2"}],"replies":[{"embeddable":true,"href":"https:\/\/www.europesays.com\/no\/wp-json\/wp\/v2\/comments?post=101106"}],"version-history":[{"count":0,"href":"https:\/\/www.europesays.com\/no\/wp-json\/wp\/v2\/posts\/101106\/revisions"}],"wp:featuredmedia":[{"embeddable":true,"href":"https:\/\/www.europesays.com\/no\/wp-json\/wp\/v2\/media\/101107"}],"wp:attachment":[{"href":"https:\/\/www.europesays.com\/no\/wp-json\/wp\/v2\/media?parent=101106"}],"wp:term":[{"taxonomy":"category","embeddable":true,"href":"https:\/\/www.europesays.com\/no\/wp-json\/wp\/v2\/categories?post=101106"},{"taxonomy":"post_tag","embeddable":true,"href":"https:\/\/www.europesays.com\/no\/wp-json\/wp\/v2\/tags?post=101106"}],"curies":[{"name":"wp","href":"https:\/\/api.w.org\/{rel}","templated":true}]}}