{"id":101108,"date":"2025-12-01T07:23:09","date_gmt":"2025-12-01T07:23:09","guid":{"rendered":"https:\/\/www.europesays.com\/no\/101108\/"},"modified":"2025-12-01T07:23:09","modified_gmt":"2025-12-01T07:23:09","slug":"fartsgrense-naf-30-km-t-blir-den-nye-standarden-i-byer","status":"publish","type":"post","link":"https:\/\/www.europesays.com\/no\/101108\/","title":{"rendered":"Fartsgrense, NAF | 30 km\/t blir den nye standarden i byer"},"content":{"rendered":"\n<p>NAF melder at fartsgrensen i byene n\u00e5 kan bli satt ned. Det skjer etter at en ny skiltforskrift har v\u00e6rt ute p\u00e5 h\u00f8ring.<\/p>\n<p>\u2013 Det blir klarere kriterier for hvordan fartsgrensene skal settes med den nye forskriften. Trafikken i byene har blitt mer kompleks de siste \u00e5rene blant annet med nye trafikantgrupper som sparkesyklister. Derfor trengs det nye regler, sier r\u00e5dgiver i NAF, Jan Harry Svendsen i en pressemelding.<\/p>\n<p>30-grensen blir den nye standarden i tettbygd str\u00f8k.<\/p>\n<p>Les ogs\u00e5: <a class=\"simple-relation related-teaser article--c-eRUmMG article--c-eRUmMG-fZoQSp-design-nettavisen article--c-eRUmMG-gwthdJ-cv\" href=\"https:\/\/www.nettavisen.no\/tar-grep-vil-senke-fartsgrensene\/s\/5-95-2701888\" rel=\"nofollow noopener\" target=\"_blank\">Tar grep: Vil senke fartsgrensene<\/a><\/p>\n<p>\u2013 Det betyr at det enklere kan skiltes med 30 kilometer i timen p\u00e5 strekninger der det er mye blandingstrafikk, der det er mange fotgjengere og der det er stor fare for ulykker, forklarer Svendsen. \u2013 Spesielt positivt er det at de nye kriteriene i langt st\u00f8rre grad vil f\u00f8re til 30-sone rundt skoler.<\/p>\n<p>Det vil fortsatt v\u00e6re slik at 50-grense er den generelle fartsgrensen, noe som betyr at 30-grense m\u00e5 skiltes med eksplisitt.<\/p>\n","protected":false},"excerpt":{"rendered":"NAF melder at fartsgrensen i byene n\u00e5 kan bli satt ned. Det skjer etter at en ny skiltforskrift&hellip;\n","protected":false},"author":2,"featured_media":101109,"comment_status":"","ping_status":"","sticky":false,"template":"","format":"standard","meta":{"footnotes":""},"categories":[10],"tags":[20,21,24,25,15,22,23,13,30,28,29,14,16,26,27],"class_list":{"0":"post-101108","1":"post","2":"type-post","3":"status-publish","4":"format-standard","5":"has-post-thumbnail","7":"category-norge","8":"tag-breaking-news","9":"tag-breakingnews","10":"tag-featured-news","11":"tag-featurednews","12":"tag-headlines","13":"tag-latest-news","14":"tag-latestnews","15":"tag-news","16":"tag-no","17":"tag-norge","18":"tag-norway","19":"tag-nyheter","20":"tag-overskrifter","21":"tag-top-stories","22":"tag-topstories"},"share_on_mastodon":{"url":"https:\/\/pubeurope.com\/@no\/115643115558576480","error":""},"_links":{"self":[{"href":"https:\/\/www.europesays.com\/no\/wp-json\/wp\/v2\/posts\/101108","targetHints":{"allow":["GET"]}}],"collection":[{"href":"https:\/\/www.europesays.com\/no\/wp-json\/wp\/v2\/posts"}],"about":[{"href":"https:\/\/www.europesays.com\/no\/wp-json\/wp\/v2\/types\/post"}],"author":[{"embeddable":true,"href":"https:\/\/www.europesays.com\/no\/wp-json\/wp\/v2\/users\/2"}],"replies":[{"embeddable":true,"href":"https:\/\/www.europesays.com\/no\/wp-json\/wp\/v2\/comments?post=101108"}],"version-history":[{"count":0,"href":"https:\/\/www.europesays.com\/no\/wp-json\/wp\/v2\/posts\/101108\/revisions"}],"wp:featuredmedia":[{"embeddable":true,"href":"https:\/\/www.europesays.com\/no\/wp-json\/wp\/v2\/media\/101109"}],"wp:attachment":[{"href":"https:\/\/www.europesays.com\/no\/wp-json\/wp\/v2\/media?parent=101108"}],"wp:term":[{"taxonomy":"category","embeddable":true,"href":"https:\/\/www.europesays.com\/no\/wp-json\/wp\/v2\/categories?post=101108"},{"taxonomy":"post_tag","embeddable":true,"href":"https:\/\/www.europesays.com\/no\/wp-json\/wp\/v2\/tags?post=101108"}],"curies":[{"name":"wp","href":"https:\/\/api.w.org\/{rel}","templated":true}]}}