{"id":10111,"date":"2025-08-17T00:21:08","date_gmt":"2025-08-17T00:21:08","guid":{"rendered":"https:\/\/www.europesays.com\/no\/10111\/"},"modified":"2025-08-17T00:21:08","modified_gmt":"2025-08-17T00:21:08","slug":"fly-pa-vei-fra-island-til-ungarn-matte-mellomlande-pa-sola","status":"publish","type":"post","link":"https:\/\/www.europesays.com\/no\/10111\/","title":{"rendered":"Fly p\u00e5 vei fra Island til Ungarn m\u00e5tte mellomlande p\u00e5 Sola"},"content":{"rendered":"\n<p class=\"_lead_1bvmi_2 _lead_xtcu6_50 layout-component text-serif-m layout-normal text-serif-l layout-component layout-wide layout-padded _wide_17hqh_1 layout-padded\">Et fly p\u00e5 vei fra Island til Ungarn m\u00e5tte l\u00f8rdag kveld mellomlande p\u00e5 Sola lufthavn i Stavanger for \u00e5 sette av to berusede menn som laget br\u00e5k p\u00e5 flyet.<\/p>\n<ul aria-hidden=\"true\" class=\"_images_1y6fe_106\">\n<li><a class=\"_link_1y6fe_111\" href=\"https:\/\/www.vg.no\/forfatter\/ntb\" style=\"z-index:1\" title=\"NTB\" rel=\"nofollow noopener\" target=\"_blank\"><img alt=\"Bilde av NTB\" class=\"_image_1y6fe_88\" fetchpriority=\"low\" loading=\"lazy\" decoding=\"async\" itemprop=\"image\"  src=\"https:\/\/www.europesays.com\/no\/wp-content\/uploads\/2025\/08\/1755390068_610_c33980b0-5d07-4027-84a1-813f90a7c8d6\"  width=\"480\"\/><\/a><\/li>\n<\/ul>\n<p> Oppdatert s\u00f8ndag 17. august kl. 02:17     <\/p>\n<p class=\"_paragraph_1bvmi_4 _paragraph_xtcu6_10 layout-component text-serif-m layout-normal text-serif-m layout-padded\">De to mennene, som er i 40- og 50-\u00e5rene, blir anmeldt for brudd p\u00e5 luftfartsloven, opplyser S\u00f8rvest politidistrikt.<\/p>\n<p class=\"_paragraph_1bvmi_4 _paragraph_xtcu6_10 layout-component text-serif-m layout-normal text-serif-m layout-padded\">Politiet fikk like f\u00f8r klokken 23.30 melding om at flyet m\u00e5tte mellomlande for \u00e5 sette av to berusede personer som laget br\u00e5k og var utagerende p\u00e5 flyet.<\/p>\n<p class=\"_paragraph_1bvmi_4 _paragraph_xtcu6_10 layout-component text-serif-m layout-normal text-serif-m layout-padded\"> If\u00f8lge <a href=\"https:\/\/www.aftenbladet.no\/direkte\/i\/BJjxb0\/aftenbladets-nyhetsstudio?pinnedEntry=274381\" class=\"_link_1bvmi_39\" rel=\"nofollow noopener\" target=\"_blank\">Stavanger Aftenblad<\/a> var flyet p\u00e5 vei fra Reykjavik p\u00e5 Island til <a href=\"https:\/\/www.vg.no\/tag\/budapest?utm_source=vg-article&amp;utm_medium=auto-tagger&amp;utm_campaign=kwkVA6\" class=\"_link_1bvmi_39\" rel=\"nofollow noopener\" target=\"_blank\">Budapest<\/a> i Ungarn.<\/p>\n<p class=\"_paragraph_1bvmi_4 _paragraph_xtcu6_10 layout-component text-serif-m layout-normal text-serif-m layout-padded\">Etter at politiet hadde f\u00e5tt de to av flyet og hentet ut bagasjen deres, ble mennene kj\u00f8rt til politiarresten i Stavanger.<\/p>\n<p class=\"_paragraph_1bvmi_4 _paragraph_xtcu6_10 layout-component text-serif-m layout-normal text-serif-m layout-padded\"> Mennene v\u00e5kner trolig opp til en saftig bot, men om de ogs\u00e5 blir holdt \u00f8konomisk ansvarlig for den ekstra flylandingen er for tidlig \u00e5 si, skriver <a href=\"https:\/\/www.nettavisen.no\/fly\/sola\/politi\/kastet-av-fly-pa-sola\/s\/5-95-2571081\" class=\"_link_1bvmi_39\" rel=\"nofollow noopener\" target=\"_blank\">Nettavisen<\/a>.<\/p>\n<p class=\"_paragraph_1bvmi_4 _paragraph_xtcu6_10 layout-component text-serif-m layout-normal text-serif-m layout-padded\">\u2013 Det er et juridisk sp\u00f8rsm\u00e5l, som det er opp til politijuristen \u00e5 avgj\u00f8re. S\u00e5 langt er vi ikke kommet forel\u00f8pig, sier operasjonsleder Olaug Bj\u00f8rnsen.<\/p>\n<p class=\"_paragraph_1bvmi_4 _paragraph_xtcu6_10 layout-component text-serif-m layout-normal text-serif-m layout-padded\">Ved 0.50-tiden takset flyet ut mot rullebanen for \u00e5 sette kursen mot Budapest igjen.<\/p>\n","protected":false},"excerpt":{"rendered":"Et fly p\u00e5 vei fra Island til Ungarn m\u00e5tte l\u00f8rdag kveld mellomlande p\u00e5 Sola lufthavn i Stavanger for&hellip;\n","protected":false},"author":2,"featured_media":10112,"comment_status":"","ping_status":"","sticky":false,"template":"","format":"standard","meta":{"footnotes":""},"categories":[10],"tags":[20,21,2116,24,25,15,22,23,13,30,28,29,14,16,501,1306,26,27],"class_list":{"0":"post-10111","1":"post","2":"type-post","3":"status-publish","4":"format-standard","5":"has-post-thumbnail","7":"category-norge","8":"tag-breaking-news","9":"tag-breakingnews","10":"tag-budapest","11":"tag-featured-news","12":"tag-featurednews","13":"tag-headlines","14":"tag-latest-news","15":"tag-latestnews","16":"tag-news","17":"tag-no","18":"tag-norge","19":"tag-norway","20":"tag-nyheter","21":"tag-overskrifter","22":"tag-sola","23":"tag-stavanger","24":"tag-top-stories","25":"tag-topstories"},"share_on_mastodon":{"url":"","error":""},"_links":{"self":[{"href":"https:\/\/www.europesays.com\/no\/wp-json\/wp\/v2\/posts\/10111","targetHints":{"allow":["GET"]}}],"collection":[{"href":"https:\/\/www.europesays.com\/no\/wp-json\/wp\/v2\/posts"}],"about":[{"href":"https:\/\/www.europesays.com\/no\/wp-json\/wp\/v2\/types\/post"}],"author":[{"embeddable":true,"href":"https:\/\/www.europesays.com\/no\/wp-json\/wp\/v2\/users\/2"}],"replies":[{"embeddable":true,"href":"https:\/\/www.europesays.com\/no\/wp-json\/wp\/v2\/comments?post=10111"}],"version-history":[{"count":0,"href":"https:\/\/www.europesays.com\/no\/wp-json\/wp\/v2\/posts\/10111\/revisions"}],"wp:featuredmedia":[{"embeddable":true,"href":"https:\/\/www.europesays.com\/no\/wp-json\/wp\/v2\/media\/10112"}],"wp:attachment":[{"href":"https:\/\/www.europesays.com\/no\/wp-json\/wp\/v2\/media?parent=10111"}],"wp:term":[{"taxonomy":"category","embeddable":true,"href":"https:\/\/www.europesays.com\/no\/wp-json\/wp\/v2\/categories?post=10111"},{"taxonomy":"post_tag","embeddable":true,"href":"https:\/\/www.europesays.com\/no\/wp-json\/wp\/v2\/tags?post=10111"}],"curies":[{"name":"wp","href":"https:\/\/api.w.org\/{rel}","templated":true}]}}