{"id":101120,"date":"2025-12-01T07:42:17","date_gmt":"2025-12-01T07:42:17","guid":{"rendered":"https:\/\/www.europesays.com\/no\/101120\/"},"modified":"2025-12-01T07:42:17","modified_gmt":"2025-12-01T07:42:17","slug":"ny-norsk-utklassingsseier-i-handball-vm-gjekstad-brukte-2-omgang-til-trening","status":"publish","type":"post","link":"https:\/\/www.europesays.com\/no\/101120\/","title":{"rendered":"Ny norsk utklassingsseier i h\u00e5ndball-VM \u2013 Gjekstad brukte 2. omgang til trening"},"content":{"rendered":"<p>I f\u00f8rste omgang kontret Norge inn m\u00e5l etter m\u00e5l mot et underlegent motstanderlag. De norske kom lett til scoringer og ledet 21-7 ved pause. Emilie Hovden scoret \u00e5tte m\u00e5l p\u00e5 like mange avslutninger i den omgangen.<\/p>\n<p>\u2013 Vi kunne ha laget en god del m\u00e5l til, men vi glipper p\u00e5 noen ting. N\u00e5 skal vi spille annerledes. Vi skal g\u00e5 ut i sju mot seks og se hvordan det g\u00e5r, sa Gjekstad til Viaplay i pausen p\u00e5 sin 58-\u00e5rsdag.<\/p>\n<p>\u2013 Og skal vi ta bort en del av kontringsspillet.<\/p>\n<p>Norge kunne ha l\u00f8pt Kasakhstan overende ogs\u00e5 i den andre omgangen, men Gjekstad \u00f8nsket \u00e5 se laget \u00f8ve p\u00e5 andre ting i spillet med tanke p\u00e5 det som venter senere i mesterskapet.<\/p>\n<p>Stort sett forn\u00f8yd<\/p>\n<p>Han hadde ogs\u00e5 gjort flere bytter i laget etter 34-19-seieren over S\u00f8r-Korea i \u00e5pningskampen torsdag. Katrine Lunde, som storspilte i den kampen, var blant dem som fikk hvile l\u00f8rdag.<\/p>\n<p>Henny Reistad, Thale Rushfeldt Deila og Nora M\u00f8rk satt p\u00e5 benken i hele f\u00f8rste omgang, men de kom inn da det skulle trenes i den andre omgangen.<\/p>\n<p>\u2013 Det er en kamp som egentlig ikke har noen stor oppside. Det blir \u00e5 g\u00e5 gjennom en del ting og gjennomf\u00f8re. Det g\u00e5r litt opp og ned. Stort sett er jeg forn\u00f8yd. S\u00e5 f\u00e5r vi trent p\u00e5 en del av tingene vi skal, ikke alt, men en del, sa Gjekstad til Viaplay etter kampen.<\/p>\n<p>Stor avstand<\/p>\n<p>Flere har reagert p\u00e5 den store kvalitetsforskjellen i VM. I andre kamper l\u00f8rdag kveld vant Sverige 46-17 over Cuba og Ungarn 47-13 over Iran.<\/p>\n<p>\u2013 Det er lenge siden jeg har m\u00f8tt tilsvarende motstand. Jeg er for at nye nasjoner kommer opp og fram, men her blir det stor avstand, sa Gjekstad, som likevel ikke ville v\u00e6re med p\u00e5 at utvidelsen av VM har gitt sporten et problem.<\/p>\n<p>\u2013 Nei, ikke for oss, iallfall.<\/p>\n<p>Hovden var Norges toppscorer med \u00e5tte m\u00e5l, mens Anniken Wollik scoret seks m\u00e5l, Malin Larsen Aune og VM-debutanten Selma Henriksen fem. 11 norske spillere tegnet seg p\u00e5 scoringslista.<\/p>\n","protected":false},"excerpt":{"rendered":"I f\u00f8rste omgang kontret Norge inn m\u00e5l etter m\u00e5l mot et underlegent motstanderlag. De norske kom lett til&hellip;\n","protected":false},"author":2,"featured_media":101121,"comment_status":"","ping_status":"","sticky":false,"template":"","format":"standard","meta":{"footnotes":""},"categories":[59],"tags":[967,30,28,29,83,82],"class_list":{"0":"post-101120","1":"post","2":"type-post","3":"status-publish","4":"format-standard","5":"has-post-thumbnail","7":"category-sport","8":"tag-artikler-fra-ntb","9":"tag-no","10":"tag-norge","11":"tag-norway","12":"tag-sport","13":"tag-sports"},"share_on_mastodon":{"url":"https:\/\/pubeurope.com\/@no\/115643190044652607","error":""},"_links":{"self":[{"href":"https:\/\/www.europesays.com\/no\/wp-json\/wp\/v2\/posts\/101120","targetHints":{"allow":["GET"]}}],"collection":[{"href":"https:\/\/www.europesays.com\/no\/wp-json\/wp\/v2\/posts"}],"about":[{"href":"https:\/\/www.europesays.com\/no\/wp-json\/wp\/v2\/types\/post"}],"author":[{"embeddable":true,"href":"https:\/\/www.europesays.com\/no\/wp-json\/wp\/v2\/users\/2"}],"replies":[{"embeddable":true,"href":"https:\/\/www.europesays.com\/no\/wp-json\/wp\/v2\/comments?post=101120"}],"version-history":[{"count":0,"href":"https:\/\/www.europesays.com\/no\/wp-json\/wp\/v2\/posts\/101120\/revisions"}],"wp:featuredmedia":[{"embeddable":true,"href":"https:\/\/www.europesays.com\/no\/wp-json\/wp\/v2\/media\/101121"}],"wp:attachment":[{"href":"https:\/\/www.europesays.com\/no\/wp-json\/wp\/v2\/media?parent=101120"}],"wp:term":[{"taxonomy":"category","embeddable":true,"href":"https:\/\/www.europesays.com\/no\/wp-json\/wp\/v2\/categories?post=101120"},{"taxonomy":"post_tag","embeddable":true,"href":"https:\/\/www.europesays.com\/no\/wp-json\/wp\/v2\/tags?post=101120"}],"curies":[{"name":"wp","href":"https:\/\/api.w.org\/{rel}","templated":true}]}}