{"id":101122,"date":"2025-12-01T07:45:22","date_gmt":"2025-12-01T07:45:22","guid":{"rendered":"https:\/\/www.europesays.com\/no\/101122\/"},"modified":"2025-12-01T07:45:22","modified_gmt":"2025-12-01T07:45:22","slug":"12-000-norske-biler-far-utvidet-garanti","status":"publish","type":"post","link":"https:\/\/www.europesays.com\/no\/101122\/","title":{"rendered":"12.000 norske biler f\u00e5r utvidet garanti"},"content":{"rendered":"<p>        Saken oppsummert<\/p>\n<ul lang=\"nb-NO\">\n<li>Mange bruktbilkj\u00f8pere er bekymret for svekket batteri i elbiler.<\/li>\n<li>BYD utvider batterigarantien til \u00e5tte \u00e5r eller 250.000 kilometer.<\/li>\n<li>Garantien sikrer minst 70 prosent batterikapasitet i perioden.<\/li>\n<li>NAF-tester av 7000 brukte elbilbatteri viser at batteriene i snitt har 92 prosent restkapasitet igjen.<\/li>\n<\/ul>\n<p class=\"italic ai-disclaimer\" data-lab-italic=\"italic\">Oppsummeringen er laget med kunstig intelligens (KI) fra OpenAI. Innholdet er kvalitetssikret av TV 2s journalister. <a target=\"_blank\" href=\"https:\/\/hjelp.tv2.no\/info\/artikkel\/slik-jobber-vi-med-ki-i-tv-2\" title=\"Les om hvordan vi jobber med KI\" rel=\"nofollow noopener\">Les om hvordan vi jobber med KI<\/a><\/p>\n<p>Hele seks av til bruktbilkj\u00f8pere er bekymret for at en brukt elbil kan ha svekket batteri og redusert rekkevidde, if\u00f8lge <a href=\"https:\/\/www.tv2.no\/broom\/skremmes-av-elbil-batteriet\/18143094\/\" rel=\"nofollow noopener\" target=\"_blank\">NAF<\/a>.\u00a0<\/p>\n<p>Og bekymringen er lett \u00e5 forst\u00e5: M\u00e5 batteriet byttes, kan det fort koste flere hundre tusen kroner.\u00a0<\/p>\n<p>I mange tilfeller vil det faktisk ikke v\u00e6re l\u00f8nnsomt i det hele tatt, og det ender med at bilen blir kondemnert.<\/p>\n<p>\u00d8ker med 50.000\u00a0 \u2013 ogs\u00e5 eksisterende biler<\/p>\n<p>Den kinesiske bilprodusenten BYD \u00f8nsker n\u00e5 \u00e5 dempe bekymringen, ved \u00e5 styrke batterigarantien p\u00e5 alle deres elektriske personbiler i Europa. Det f\u00e5r Broom bekreftet fra den norske import\u00f8ren RSA.\u00a0<\/p>\n<p>Tidligere var garantien p\u00e5 \u00e5tte \u00e5r eller 200.000 kilometer (det som inntreffer f\u00f8rst), som allerede var 40.000 kilometer mer enn bransjestandarden. N\u00e5 \u00f8ker de garantien til \u00e5tte \u00e5r eller 250.000 kilometer.\u00a0<\/p>\n<p> BYD er blant de kinesiske merkene som har hatt st\u00f8rst suksess i Norge. I skrivende stund ruller det n\u00e6rmere 12.000 personbiler p\u00e5 norske skilter, i tillegg til rundt 1000 varebiler og busser.\u00a0<\/p>\n<p>Og den gode nyheten for disse er at garanti-utvidelsen ikke bare gjelder nye personbiler, men ogs\u00e5 alle som er solgt s\u00e5 langt.\u00a0<\/p>\n<p><a href=\"https:\/\/www.tv2.no\/broom\/bilene-fra-kina-mer-enn-doblet-salget\/18260677\/\" rel=\"nofollow noopener\" target=\"_blank\">Bilene fra Kina mer enn doblet salget<\/a><\/p>\n<p>        <img class=\"image__img lazyload\" itemprop=\"image\" title=\"Foto: Faksimile\" alt=\"UTVIDER: N\u00e5 gjelder batterigarantien i \u00e5tte \u00e5r eller 250.000 kilometer for b\u00e5de nye og gamle elbiler fra BYD. Foto: Faksimile\" width=\"675\" height=\"493\" bad-src=\"https:\/\/www.europesays.com\/no\/wp-content\/uploads\/2025\/12\/18332029.webp\" fetchpriority=\"auto\" \/><\/p>\n<p>      UTVIDER: N\u00e5 gjelder batterigarantien i \u00e5tte \u00e5r eller 250.000 kilometer for b\u00e5de nye og gamle elbiler fra BYD.<br \/>\n         Foto: Faksimile<\/p>\n<p>Minst 70 prosent igjen<\/p>\n<p>Utvidelsen betyr ikke at batteriet skal ha full kapasitet n\u00e5r garantien utl\u00f8per. Alle litium-ion-batterier taper nemlig kapasitet over tid, og denne prosessen er uunng\u00e5elig. BYD lover imidlertid at kapasiteten skal v\u00e6re p\u00e5 minst 70 prosent i garantiperioden.\u00a0<\/p>\n<p>    <a class=\"article__link\" data-ga-active-label=\"\" data-ga-active-label-animation=\"\" href=\"https:\/\/www.tv2.no\/broom\/gjor-voldsomt-byks-pa-listene\/18214181\/\" rel=\"nofollow noopener\" target=\"_blank\"><\/p>\n<p>    <img class=\"image__img lazyload\" itemprop=\"image\" title=\"\" alt=\"\" width=\"489\" height=\"206\" bad-src=\"https:\/\/www.europesays.com\/no\/wp-content\/uploads\/2025\/12\/18214260.webp\" fetchpriority=\"auto\" \/><\/p>\n<p>            Gj\u00f8r voldsomt byks p\u00e5 listene<\/p>\n<p>    <\/a><\/p>\n<p>Det h\u00f8res kanskje ikke s\u00e5 imponerende ut, men 70 prosent er faktisk i tr\u00e5d med de aller fleste batterigarantiene i markedet.\u00a0<\/p>\n<p>BYD-garantien er blant de beste, men Toyota byr p\u00e5 hele \u00e9n million kilometer. Men da krever de at du f\u00f8lger et eget vedlikeholdsprogram hvert \u00e5r etter de fem f\u00f8rste \u00e5rene. BYD har ikke stilt noe slikt krav.\u00a0<\/p>\n<p><a href=\"https:\/\/www.tv2.no\/broom\/enorme-forskjeller-i-nybilgarantier\/16622564\/\" rel=\"nofollow noopener\" target=\"_blank\">Enorme forskjeller i nybilgarantier<\/a><\/p>\n<p>Liten risiko<\/p>\n<p>Heldigvis viser tester at risikoen for at batteriet skal bli ubrukelig i bilens levetid, er liten. Ofte er restkapasiteten langt over 70 prosent etter mange \u00e5r, ogs\u00e5 blant de eldste elbilene i markedet som i tillegg har g\u00e5tt langt.<\/p>\n<p>En av dem som kan bekrefte dette, er NAF, som bare i \u00e5r har gjennomf\u00f8rt mer enn 7000 batteritester p\u00e5 brukte elbiler.\u00a0\u00a0<\/p>\n<p> \u2013 V\u00e5re batteritester viser at batteriene holder seg veldig godt. Som regel lever de\u00a0lenger enn bilen, sier senior kommunikasjonsr\u00e5dgiver Nils S\u00f8dal i NAF.\u00a0<\/p>\n<p>        <img class=\"image__img lazyload\" itemprop=\"image\" title=\"Foto: Ingvill Sunnby \/ TV 2\" alt=\"TRYGG: Nils S\u00f8dal og NAF mener folks bekymring for batterihelsen p\u00e5 brukte elbiler stort sett er ubegrunnet. Foto: Ingvill Sunnby \/ TV 2\" width=\"338\" height=\"254\" bad-src=\"https:\/\/www.europesays.com\/no\/wp-content\/uploads\/2025\/12\/18143127.webp\" fetchpriority=\"auto\" \/><\/p>\n<p>      TRYGG: Nils S\u00f8dal og NAF mener folks bekymring for batterihelsen p\u00e5 brukte elbiler stort sett er ubegrunnet.<br \/>\n         Foto: Ingvill Sunnby \/ TV 2<\/p>\n<p> Testene viser at batteriene i snitt har 92 prosent av kapasiteten igjen. Mange har n\u00e6r 100 prosent kapasitet, mens andre og gjerne eldre biler trekker snittet ned. <\/p>\n<p> \u2013 Bilen har rustet i filler lenge f\u00f8r batteriet ikke er brukbart lenger.\u00a0<\/p>\n<p> \u00c5 ta en sjekk av batterihelsen i forbindelse med kj\u00f8p av bruktbilkj\u00f8p, kan uansett v\u00e6re et godt poeng, understreker S\u00f8dal. Mange bilverksteder kan n\u00e5 utf\u00f8re slike tester. <\/p>\n<p><a href=\"https:\/\/www.tv2.no\/broom\/dette-ma-du-vite-om-reklamasjon-og-garanti-pa-bruktbil\/16718013\/\" rel=\"nofollow noopener\" target=\"_blank\">Dette m\u00e5 du vite om reklamasjon og garanti p\u00e5 bruktbil<\/a><\/p>\n<p class=\"bold m-bold\" data-lab-font_weight=\"bold\">F\u00e5 ogs\u00e5 med deg dette:<\/p>\n<p>    <a class=\"article__link\" data-ga-active-label=\"\" data-ga-active-label-animation=\"\" href=\"https:\/\/www.tv2.no\/broom\/lover-null-tap-av-rekkevidde-etter-1000-ladinger\/16584817\/\" rel=\"nofollow noopener\" target=\"_blank\"><\/p>\n<p>    <img class=\"image__img lazyload\" itemprop=\"image\" title=\"\" alt=\"\" width=\"978\" height=\"411\" bad-src=\"https:\/\/www.europesays.com\/no\/wp-content\/uploads\/2025\/12\/16668013.webp\" fetchpriority=\"auto\" \/><\/p>\n<p>            Lover null tap av rekkevidde \u2013 etter 1.000 ladinger<\/p>\n<p>    <\/a><\/p>\n","protected":false},"excerpt":{"rendered":"Saken oppsummert Mange bruktbilkj\u00f8pere er bekymret for svekket batteri i elbiler. BYD utvider batterigarantien til \u00e5tte \u00e5r eller&hellip;\n","protected":false},"author":2,"featured_media":101123,"comment_status":"","ping_status":"","sticky":false,"template":"","format":"standard","meta":{"footnotes":""},"categories":[56],"tags":[60,61,62,30,28,29],"class_list":{"0":"post-101122","1":"post","2":"type-post","3":"status-publish","4":"format-standard","5":"has-post-thumbnail","7":"category-naeringsliv","8":"tag-business","9":"tag-economy","10":"tag-naeringsliv","11":"tag-no","12":"tag-norge","13":"tag-norway"},"share_on_mastodon":{"url":"https:\/\/pubeurope.com\/@no\/115643201810227324","error":""},"_links":{"self":[{"href":"https:\/\/www.europesays.com\/no\/wp-json\/wp\/v2\/posts\/101122","targetHints":{"allow":["GET"]}}],"collection":[{"href":"https:\/\/www.europesays.com\/no\/wp-json\/wp\/v2\/posts"}],"about":[{"href":"https:\/\/www.europesays.com\/no\/wp-json\/wp\/v2\/types\/post"}],"author":[{"embeddable":true,"href":"https:\/\/www.europesays.com\/no\/wp-json\/wp\/v2\/users\/2"}],"replies":[{"embeddable":true,"href":"https:\/\/www.europesays.com\/no\/wp-json\/wp\/v2\/comments?post=101122"}],"version-history":[{"count":0,"href":"https:\/\/www.europesays.com\/no\/wp-json\/wp\/v2\/posts\/101122\/revisions"}],"wp:featuredmedia":[{"embeddable":true,"href":"https:\/\/www.europesays.com\/no\/wp-json\/wp\/v2\/media\/101123"}],"wp:attachment":[{"href":"https:\/\/www.europesays.com\/no\/wp-json\/wp\/v2\/media?parent=101122"}],"wp:term":[{"taxonomy":"category","embeddable":true,"href":"https:\/\/www.europesays.com\/no\/wp-json\/wp\/v2\/categories?post=101122"},{"taxonomy":"post_tag","embeddable":true,"href":"https:\/\/www.europesays.com\/no\/wp-json\/wp\/v2\/tags?post=101122"}],"curies":[{"name":"wp","href":"https:\/\/api.w.org\/{rel}","templated":true}]}}