{"id":101172,"date":"2025-12-01T08:37:15","date_gmt":"2025-12-01T08:37:15","guid":{"rendered":"https:\/\/www.europesays.com\/no\/101172\/"},"modified":"2025-12-01T08:37:15","modified_gmt":"2025-12-01T08:37:15","slug":"nar-skal-politiet-slutte-a-boye-av-for-islamister-som-tar-over-gatene-vare","status":"publish","type":"post","link":"https:\/\/www.europesays.com\/no\/101172\/","title":{"rendered":"\u2013 N\u00e5r skal politiet slutte \u00e5 b\u00f8ye av for islamister som tar over gatene v\u00e5re?"},"content":{"rendered":"<p><strong>Frustrasjonen var til \u00e5 ta og f\u00f8le p\u00e5 da GB News-programleder Alex Armstrong \u00e5pnet s\u00f8ndagens <a href=\"https:\/\/youtu.be\/gCsP2SZabMo\" rel=\"nofollow noopener\" target=\"_blank\">sending <\/a>med et frontalangrep p\u00e5 politiets h\u00e5ndtering av de stadig p\u00e5g\u00e5ende pro-Palestina-protestene i europeiske storbyer. <\/strong><\/p>\n<p>Armstrong mener politiet lar \u00absektarianere, islamister og Gaza-aktivister\u00bb dominere gatene mens julehandelen forstyrres i by etter by.<\/p>\n<p>\u2013 N\u00e5r skal vi slutte \u00e5 b\u00f8ye av? Hva er politiet redde for? spurte han, og viste til at aktivister den siste tiden har rettet aksjonene sine mot julemarkeder og tettpakkede handleomr\u00e5der i flere europeiske land.<\/p>\n<p>Viser til \u00abto-delt politipraksis\u00bb<\/p>\n<p>Armstrong trakk frem flere episoder de siste dagene:<br \/>\u2022 25 personer ble p\u00e5grepet i Birmingham etter at aktivister m\u00f8tte opp for \u00e5 st\u00f8tte den forbudte gruppen Palestine Action.<br \/>\u2022 I Belgia gikk demonstranter l\u00f8s p\u00e5 julemarkedene.<br \/>\u2022 I London ble veier stengt og julehandel stanset da pro-Palestina-grupper fylte sentrale gater.<\/p>\n<p>Programlederen hevder protestene har kostet britiske politistyrker over 50 millioner pund og 60.000 arbeidsskift, og anklager politiledelsen for \u00e5 tillate antisemittiske ytringer, jihad-rop og st\u00f8tte til terrororganisasjoner.<\/p>\n<p>Han stilte det hele opp mot behandlingen av britiske b\u00f8nder som nylig fikk sin planlagte protest stanset kun timer f\u00f8r start.<\/p>\n<p>\u2013 Det er et krystallklart eksempel p\u00e5 to-delt politiarbeid, sa Armstrong, og pekte p\u00e5 at b\u00f8ndene ble m\u00f8tt med forbud, mens pro-Palestina-grupper \u00abf\u00e5r fripass til \u00e5 lamme London\u00bb.<\/p>\n<p>Debattpanelet: \u2013 En generasjon uten respekt<\/p>\n<p>I studio fikk Armstrong st\u00f8tte fra aktivist og forretningsmann Adam Brooks, som hevdet at protestbevegelsen delvis finansieres av \u00abm\u00f8rke penger\u00bb og at mange demonstranter er unge som \u00f8nsker \u00e5 v\u00e6re \u00abtrendy\u00bb.<\/p>\n<p>\u2013 Mange av dem er middelklasseungdommer som bare vil vise seg frem p\u00e5 TikTok, sa Brooks, og mente protestene har mistet enhver relevans n\u00e5 som store deler av den muslimske verden st\u00f8tter fredsplanen mellom Israel og Hamas.<\/p>\n<p>Han beskrev utviklingen som et symptom p\u00e5 en ungdomsgenerasjon \u00abuten respekt for noen\u00bb.<\/p>\n<p>\u00abJulen fortjener respekt\u00bb<\/p>\n<p>Journalist Linda Jubilee tok opp at aksjonene treffer ekstra hardt n\u00e5 som julehandelen er i full gang.<\/p>\n<p>\u2013 Julen er en religi\u00f8s h\u00f8ytid. Man ville aldri m\u00e5lrettet forstyrret en muslimsk h\u00f8ytid p\u00e5 samme m\u00e5te, sa hun, og pekte p\u00e5 at mange av demonstrantene dekker ansiktene sine \u2013 noe hun mener utgj\u00f8r en sikkerhetsrisiko.<\/p>\n<p>Uenighet om protestretten<\/p>\n<p>Arbeiderparti-politiker Sebastian Salic forsvarte likevel retten til \u00e5 demonstrere, s\u00e5 lenge det ikke skjer vold eller trusler.<\/p>\n<p>\u2013 Vi kan ikke forby protester bare fordi vi misliker dem, sa han, men innr\u00f8mmet at enkelte episoder \u2013 inkludert antij\u00f8diske plakater \u2013 er \u00abdypt bekymringsfulle\u00bb.<\/p>\n<p>Avsluttet med klar melding til politiet<\/p>\n<p>Armstrong avsluttet sendingen med en direkte oppfordring til politiets \u00f8verste ledelse:<\/p>\n<p>\u2013 Vis ryggrad og utf\u00f8r jobben deres upartisk og rettferdig for alle \u2013 ellers vil tilliten fra det britiske folk fortsette \u00e5 svinne.<\/p>\n","protected":false},"excerpt":{"rendered":"Frustrasjonen var til \u00e5 ta og f\u00f8le p\u00e5 da GB News-programleder Alex Armstrong \u00e5pnet s\u00f8ndagens sending med et&hellip;\n","protected":false},"author":2,"featured_media":101173,"comment_status":"","ping_status":"","sticky":false,"template":"","format":"standard","meta":{"footnotes":""},"categories":[12],"tags":[20,21,24,25,15,12864,22,23,13,30,28,29,14,16,5508,26,27,42,43,44,45],"class_list":{"0":"post-101172","1":"post","2":"type-post","3":"status-publish","4":"format-standard","5":"has-post-thumbnail","7":"category-verden","8":"tag-breaking-news","9":"tag-breakingnews","10":"tag-featured-news","11":"tag-featurednews","12":"tag-headlines","13":"tag-islamister","14":"tag-latest-news","15":"tag-latestnews","16":"tag-news","17":"tag-no","18":"tag-norge","19":"tag-norway","20":"tag-nyheter","21":"tag-overskrifter","22":"tag-storbitiannia","23":"tag-top-stories","24":"tag-topstories","25":"tag-verden","26":"tag-world","27":"tag-world-news","28":"tag-worldnews"},"share_on_mastodon":{"url":"https:\/\/pubeurope.com\/@no\/115643406435937971","error":""},"_links":{"self":[{"href":"https:\/\/www.europesays.com\/no\/wp-json\/wp\/v2\/posts\/101172","targetHints":{"allow":["GET"]}}],"collection":[{"href":"https:\/\/www.europesays.com\/no\/wp-json\/wp\/v2\/posts"}],"about":[{"href":"https:\/\/www.europesays.com\/no\/wp-json\/wp\/v2\/types\/post"}],"author":[{"embeddable":true,"href":"https:\/\/www.europesays.com\/no\/wp-json\/wp\/v2\/users\/2"}],"replies":[{"embeddable":true,"href":"https:\/\/www.europesays.com\/no\/wp-json\/wp\/v2\/comments?post=101172"}],"version-history":[{"count":0,"href":"https:\/\/www.europesays.com\/no\/wp-json\/wp\/v2\/posts\/101172\/revisions"}],"wp:featuredmedia":[{"embeddable":true,"href":"https:\/\/www.europesays.com\/no\/wp-json\/wp\/v2\/media\/101173"}],"wp:attachment":[{"href":"https:\/\/www.europesays.com\/no\/wp-json\/wp\/v2\/media?parent=101172"}],"wp:term":[{"taxonomy":"category","embeddable":true,"href":"https:\/\/www.europesays.com\/no\/wp-json\/wp\/v2\/categories?post=101172"},{"taxonomy":"post_tag","embeddable":true,"href":"https:\/\/www.europesays.com\/no\/wp-json\/wp\/v2\/tags?post=101172"}],"curies":[{"name":"wp","href":"https:\/\/api.w.org\/{rel}","templated":true}]}}