{"id":101174,"date":"2025-12-01T08:38:16","date_gmt":"2025-12-01T08:38:16","guid":{"rendered":"https:\/\/www.europesays.com\/no\/101174\/"},"modified":"2025-12-01T08:38:16","modified_gmt":"2025-12-01T08:38:16","slug":"pris-potensialet-er-betydelig-e24","status":"publish","type":"post","link":"https:\/\/www.europesays.com\/no\/101174\/","title":{"rendered":"\u2013 Pris-potensialet er betydelig \u2013 E24"},"content":{"rendered":"<p class=\"fullWidthDesktop hyperion-css-71ztg2\" data-test-tag=\"lead-text\">Utenlandske turister str\u00f8mmer til og l\u00f8fter omsetningen.<\/p>\n<p><img decoding=\"async\" class=\"image-asset hyperion-css-17cz5aa\" data-test-tag=\"image-asset\" src=\"https:\/\/www.europesays.com\/no\/wp-content\/uploads\/2025\/12\/163716d2-9b55-4d26-924d-6689c8e57e77\"  alt=\"FERIEBY: Kristiansand er et popul\u00e6rt feriested og har noen av landets dyreste hotellrom. \"  loading=\"eager\" fetchpriority=\"high\" style=\"aspect-ratio:1900 \/ 1204\"\/>FERIEBY: Kristiansand er et popul\u00e6rt feriested og har noen av landets dyreste hotellrom. Foto: Halvard Alvik \/ NTBPublisert: Publisert: <\/p>\n<p>I g\u00e5r 21:30<\/p>\n<p>Kortversjonen<\/p>\n<ul class=\"hyperion-css-pkq1ci\" data-test-tag=\"list\">\n<li class=\"hyperion-css-12h2ush\">Utenlandske turister str\u00f8mmer til norske hoteller, og omsetningen har n\u00e5dd rekordniv\u00e5er i tredje kvartal.<\/li>\n<li class=\"hyperion-css-12h2ush\">Gjennomsnittlig rompris har \u00f8kt til 1508 kroner, mens belegget ligger p\u00e5 73,3 %.<\/li>\n<li class=\"hyperion-css-12h2ush\">Antall utenlandske hotellgjested\u00f8gn \u00f8kte kraftig, n\u00e6r 30 % over 2023-niv\u00e5et.<\/li>\n<li class=\"hyperion-css-12h2ush\">Bod\u00f8 opplever en nedgang etter fjor\u00e5rets eventyrlige kulturhovedstads\u00e5r, mens Kristiansand og Bergen setter pris- og beleggstopper.<\/li>\n<li class=\"hyperion-css-12h2ush\">Hotellene st\u00e5r overfor \u00f8kte kostnader og konkurranse, med bekymringer for en mulig turistskatt.<\/li>\n<\/ul>\n<p class=\"hyperion-css-10lbhat\">Oppsummeringen er laget av AI-verkt\u00f8yet ChatGPT og kvalitetssikret av E24s journalister<\/p>\n<p>Vis mer <\/p>\n<ul class=\"hyperion-css-pte5x0\">\n<li aria-label=\"link\" class=\"narrow-button hyperion-css-1sz7d3n\">Kopier lenke<\/li>\n<li aria-label=\"link\" class=\"wide-button hyperion-css-1sz7d3n\">Kopier lenke<\/li>\n<li aria-label=\"facebook\" class=\"narrow-button hyperion-css-1sz7d3n\">Del p\u00e5 Facebook<\/li>\n<li aria-label=\"facebook\" class=\"wide-button hyperion-css-1sz7d3n\">Del p\u00e5 Facebook<\/li>\n<li aria-label=\"email\" class=\"narrow-button hyperion-css-1sz7d3n\">Del med e-post<\/li>\n<li aria-label=\"email\" class=\"wide-button hyperion-css-1sz7d3n\">Del med e-post<\/li>\n<\/ul>\n<p class=\"hyperion-css-1lemvax\">Norske hoteller kan legge bak seg tidenes sterkeste tredje kvartal. Det vil si perioden juli-september.  <\/p>\n<p class=\"hyperion-css-1lemvax\">Det viser tall fra Wiederstr\u00f8m Hotel Consultings rapport laget i samarbeid med NHO Reiseliv, der b\u00e5de romprisromprisRompris er uten MVA og frokost. , beleggbeleggUtnyttelsen av hotellets kapasitet og omsetning n\u00e5r nye h\u00f8yder. <\/p>\n<p class=\"hyperion-css-1lemvax\">\u2013 Mitt inntrykk er at ferie- og fritidstrafikken ligger bak sv\u00e6rt mye av veksten. Sommeren dominerer i denne perioden. Gunstig klima, trygge reisem\u00e5l, str\u00e5lende og ren natur, et rikt aktivitetstilbud, gode hotellprodukter og fordelaktig kronekurs er nok noen av forklaringene, sier hotellr\u00e5dgiver Peter Wiederstr\u00f8m. <\/p>\n<p><a data-test-tag=\"teaser-small:link-internal\" href=\"https:\/\/e24.no\/naeringsliv\/i\/73ezdV\/slik-faar-du-gullkort\" class=\"imagePosition-top inline hyperion-css-6238vu\" rel=\"nofollow noopener\" target=\"\" aria-label=\"Slik f\u00e5r du gullkort\"><\/p>\n<p>Les p\u00e5 E24+<\/p>\n<p>Slik f\u00e5r du gullkort<\/p>\n<p><\/a><\/p>\n<p class=\"hyperion-css-1lemvax\">If\u00f8lge rapporten endte gjennomsnittlig rompris p\u00e5 1508 kroner i 3. kvartal, en \u00f8kning p\u00e5 5,3 prosent fra i fjor. <\/p>\n<p class=\"hyperion-css-1lemvax\">\u2013 Trolig n\u00e6rmer man seg en grense i enkelte markeder. N\u00e5r det er sagt; f\u00e5r man etablert h\u00f8ystandard-overnattingsprodukter vil jeg si at pris-potensialet er betydelig, spesielt p\u00e5 mange av utenlandsmarkedene, sier Wiederstr\u00f8m.<\/p>\n<p class=\"hyperion-css-1lemvax\">Samtidig steg belegget til 73,3 prosent, opp 3 prosent fra 3. kvartal i fjor. <\/p>\n<p class=\"hyperion-css-1lemvax\">RevPARRevPARRevPAR er en forkortelse for det engelske begrepet\u00a0Revenue Per Available Room, alts\u00e5 omsetning pr. tilgjengelig rom \u2013 ikke pr. solgte rom. n\u00e5dde uavhengig av kvartal rekordh\u00f8ye 1105 kroner. Det er en vekst p\u00e5 8,5 prosent fra 3. kvartal i fjor. <\/p>\n<p><img decoding=\"async\" class=\"image-asset hyperion-css-n6kkq1\" data-test-tag=\"image-asset\" src=\"https:\/\/www.europesays.com\/no\/wp-content\/uploads\/2025\/12\/35ae1b46-d55b-4630-9733-a60ccc0565e7\"  alt=\"\"  fetchpriority=\"auto\" style=\"aspect-ratio:640 \/ 427\"\/>Peter Wiederstr\u00f8m <\/p>\n<p class=\"hyperion-css-1lemvax\">Hotellr\u00e5dgiver i Wiederstr\u00f8m Hotel Consulting<\/p>\n<p>Utenlandske gjester drar lasset<\/p>\n<p class=\"hyperion-css-1lemvax\">Antall utenlandske hotellgjested\u00f8gn \u00f8kte med 19,1 prosent fra i fjor, og ligger n\u00e6r 30 prosent over 2023-niv\u00e5et.<\/p>\n<p class=\"hyperion-css-1lemvax\">Nils Henrik Geitle, sjef i hotellmedlemsorganisasjonen De Historiske, har samme opplevelse. <\/p>\n<p class=\"hyperion-css-1lemvax\">\u2013 Det er det internasjonale markedet som gir veksten og vi har hver m\u00e5ned gjennom \u00e5ret booket inn flere gjester enn i 2024. Trenden er at flere turister reiser hele \u00e5ret, sier Geitle.<\/p>\n<p class=\"hyperion-css-1lemvax\">Nordmenn st\u00e5r fortsatt for st\u00f8rsteparten av gjested\u00f8gnene, men trafikken fra innlandet er s\u00e5 \u00e5 si uendret fra i fjor. <\/p>\n<p><img decoding=\"async\" class=\"image-asset hyperion-css-n6kkq1\" data-test-tag=\"image-asset\" src=\"https:\/\/www.europesays.com\/no\/wp-content\/uploads\/2025\/12\/caa8c192-2dfb-4d8d-81ab-54d860f6aaf3\"  alt=\"\"  fetchpriority=\"auto\" style=\"aspect-ratio:1586 \/ 1056\"\/>Nils Henrik Geitle<\/p>\n<p class=\"hyperion-css-1lemvax\">Sjef i hotellmedlemsorganisasjonen De Historiske<\/p>\n<p>Kulturhovedstad-bakrus?<\/p>\n<p class=\"hyperion-css-1lemvax\">Bod\u00f8, som i fjor var europeisk kulturhovedstadkulturhovedstadEn by som er utpekt av EU til \u00e5 fremme kultur og tiltrekke seg turister gjennom et spesielt kulturprogram., opplevde et fall i rompris p\u00e5 8 prosent sammenlignet med tredje kvartal i 2024.<\/p>\n<p class=\"hyperion-css-1lemvax\">\u2013 Fjor\u00e5ret var n\u00e6rmest eventyrlig for Bod\u00f8s hoteller, s\u00e5 det sp\u00f8rs om ikke normalen er n\u00e5, sier Wiederstr\u00f8m.<\/p>\n<p class=\"hyperion-css-1lemvax\">Men hotellr\u00e5dgiveren peker p\u00e5 at s\u00e5 langt i \u00e5r ligger Bod\u00f8 \u00abbare\u00bb 6 prosent bak 2024 p\u00e5 belegg, og byen ligger foran 2023-tallene b\u00e5de p\u00e5 belegg og rompris. <\/p>\n<p class=\"hyperion-css-1lemvax\">\u2013 Jeg synes, slik sett, at det ser bra ut i Bod\u00f8, gitt blant annet det enorme kapasitetsl\u00f8ftet man har hatt de siste fire \u00e5rene, sier Wiederstr\u00f8m.<\/p>\n<p class=\"hyperion-css-1lemvax\">P\u00e5 motsatt side av skalaen finner vi Kristiansand, som leverte landets h\u00f8yeste rompris blant byene med 1775 kroner.<\/p>\n<p class=\"hyperion-css-1lemvax\">Bergen topper beleggslisten med 86,2 prosent, mens Oslo setter rekord for byen i b\u00e5de pris og ettersp\u00f8rsel. <\/p>\n<p>Ikke uten utfordringer<\/p>\n<p class=\"hyperion-css-1lemvax\">\u2013 Selv om en del hotelloperat\u00f8rer, og ikke minst g\u00e5rdeiere, gnir seg i hendene n\u00e5, er ikke sj\u00f8en uten skj\u00e6r. Hotellenes kostnader har \u00f8kt kraftig, en m\u00f8ter sterk konkurranse fra andre kommersielle overnattingsformer og turistskattenturistskattenEn avgift som kan bli innf\u00f8rt for turister, ofte brukt for \u00e5 finansiere infrastruktur og tjenester i turistomr\u00e5der. &laquo;truer&raquo;, sier Wiederstr\u00f8m. <\/p>\n<p class=\"hyperion-css-1lemvax\">Han peker ogs\u00e5 p\u00e5 at romprisutviklingen var sv\u00e6rt svak i mange \u00e5r f\u00f8r pandemien, og at covid-19 har p\u00e5f\u00f8rt akt\u00f8rene betydelige tap.<\/p>\n<p class=\"hyperion-css-1lemvax\">Fra myndighetene \u00f8nsker Wiederstr\u00f8m seg \u00f8kt internasjonal markedsf\u00f8ring av norsk reiseliv og mer rettferdige konkurransevilk\u00e5r mellom hoteller og alternative overnattingsformer. <\/p>\n<p class=\"hyperion-css-1lemvax\">Han etterlyser ogs\u00e5 en sk\u00e5nsom innf\u00f8ring av turistskatten samt tiltak som styrker kompetanse og rekruttering til bransjen.<\/p>\n","protected":false},"excerpt":{"rendered":"Utenlandske turister str\u00f8mmer til og l\u00f8fter omsetningen. FERIEBY: Kristiansand er et popul\u00e6rt feriested og har noen av landets&hellip;\n","protected":false},"author":2,"featured_media":101175,"comment_status":"","ping_status":"","sticky":false,"template":"","format":"standard","meta":{"footnotes":""},"categories":[10],"tags":[20,21,24,25,15,22,23,13,30,28,29,14,16,26,27],"class_list":{"0":"post-101174","1":"post","2":"type-post","3":"status-publish","4":"format-standard","5":"has-post-thumbnail","7":"category-norge","8":"tag-breaking-news","9":"tag-breakingnews","10":"tag-featured-news","11":"tag-featurednews","12":"tag-headlines","13":"tag-latest-news","14":"tag-latestnews","15":"tag-news","16":"tag-no","17":"tag-norge","18":"tag-norway","19":"tag-nyheter","20":"tag-overskrifter","21":"tag-top-stories","22":"tag-topstories"},"share_on_mastodon":{"url":"https:\/\/pubeurope.com\/@no\/115643410512815029","error":""},"_links":{"self":[{"href":"https:\/\/www.europesays.com\/no\/wp-json\/wp\/v2\/posts\/101174","targetHints":{"allow":["GET"]}}],"collection":[{"href":"https:\/\/www.europesays.com\/no\/wp-json\/wp\/v2\/posts"}],"about":[{"href":"https:\/\/www.europesays.com\/no\/wp-json\/wp\/v2\/types\/post"}],"author":[{"embeddable":true,"href":"https:\/\/www.europesays.com\/no\/wp-json\/wp\/v2\/users\/2"}],"replies":[{"embeddable":true,"href":"https:\/\/www.europesays.com\/no\/wp-json\/wp\/v2\/comments?post=101174"}],"version-history":[{"count":0,"href":"https:\/\/www.europesays.com\/no\/wp-json\/wp\/v2\/posts\/101174\/revisions"}],"wp:featuredmedia":[{"embeddable":true,"href":"https:\/\/www.europesays.com\/no\/wp-json\/wp\/v2\/media\/101175"}],"wp:attachment":[{"href":"https:\/\/www.europesays.com\/no\/wp-json\/wp\/v2\/media?parent=101174"}],"wp:term":[{"taxonomy":"category","embeddable":true,"href":"https:\/\/www.europesays.com\/no\/wp-json\/wp\/v2\/categories?post=101174"},{"taxonomy":"post_tag","embeddable":true,"href":"https:\/\/www.europesays.com\/no\/wp-json\/wp\/v2\/tags?post=101174"}],"curies":[{"name":"wp","href":"https:\/\/api.w.org\/{rel}","templated":true}]}}