{"id":101184,"date":"2025-12-01T08:46:13","date_gmt":"2025-12-01T08:46:13","guid":{"rendered":"https:\/\/www.europesays.com\/no\/101184\/"},"modified":"2025-12-01T08:46:13","modified_gmt":"2025-12-01T08:46:13","slug":"en-stor-belastning","status":"publish","type":"post","link":"https:\/\/www.europesays.com\/no\/101184\/","title":{"rendered":"&#8211; En stor belastning"},"content":{"rendered":"<p class=\"kicker \" style=\"\">Mann (27) tiltalt<\/p>\n<p>  Mannen, som er tiltalt for trusler mot Nora Haukland, erkjenner straffskyld i retten.<\/p>\n<p>\n    FORN\u00c6RMET: Nora Haukland er en av flere forn\u00e6rmede i straffesaken mot mannen. Foto: Andreas Fadum \/ Dagbladet\n  <\/p>\n<p>DRAMMEN (Dagbladet): Den 27 \u00e5r gamle mannen m\u00f8ter mandag i Buskerud tingrett i Drammen.\u00a0<\/p>\n<p>L\u00f8rdag 14. september i fjor sendte mannen en e-post til Nora Haukland hvor han skrev at han skulle sende en torpedo p\u00e5 henne dersom hun ikke trakk anmeldelsen i straffesaken mot Marius Borg H\u00f8iby, if\u00f8lge tiltalen.\u00a0<\/p>\n<p>Det var imidlertid politiet &#8211; og ikke Haukland &#8211; som tok ut anmeldelse mot kronprinsessens eldste s\u00f8nn.<\/p>\n<p>27-\u00e5ringen er ogs\u00e5 tiltalt for \u00e5 ha kontaktet en mann som han ba om \u00e5\u00a0<a href=\"https:\/\/www.dagbladet.no\/nyheter\/onsket-at-jeg-skulle-drepe-nora-haukland\/81951827\" rel=\"nofollow noopener\" target=\"_blank\">kidnappe eller drepe henne<\/a>, dersom Haukland ikke betalte ham 1 million kroner.<\/p>\n<p>Statsadvokat Christer Gangs\u00f8 leser mandag opp tiltalebeslutningen i sin helhet. 27-\u00e5ringen er ogs\u00e5 tiltalt for en rekke trusler mot Stortinget, utpressing av Kjell Inge R\u00f8kke og Aker ASA og trusler mot milliard\u00e6r Stein Erik Hagen og flere andre.\u00a0<\/p>\n<p>P\u00e5 sp\u00f8rsm\u00e5l om han erkjenner straffskyld, svarer han:\u00a0<\/p>\n<p>&#8211; Ja.\u00a0<\/p>\n<p>Statsadvokaten understreker at det ikke er noe som taler for at tiltalte skulle gjennomf\u00f8re handlingene, men at det ble opplevd som skremmende og plagsomt av de forn\u00e6rmede.\u00a0<\/p>\n<p>    <a itemprop=\"url\" href=\"https:\/\/www.dagbladet.no\/nyheter\/na-har-retten-konkludert\/83783046\" rel=\"nofollow noopener\" target=\"_blank\"><\/p>\n<p>      <img loading=\"lazy\" decoding=\"async\" src=\"https:\/\/www.europesays.com\/no\/wp-content\/uploads\/2025\/12\/83783478.webp\" width=\"980\" height=\"441\" title=\"N\u00e5 har retten konkludert\" alt=\"\" class=\"lazyload\" style=\"--aspect-ratio-image: 2.22; \"\/><\/p>\n<p>        N\u00e5 har retten konkludert<\/p>\n<p>    <\/a><\/p>\n<p>Vitner tirsdag\t<\/p>\n<p> &#8211; Denne saken har v\u00e6rt en stor belastning for Haukland, men hun ser frem til at saken skal behandles i rettssystemet, sier bistandsadvokat Heidi Reisvang til Dagbladet.\u00a0<\/p>\n<p>Hun er til stede i Drammen tinghus mandag. Nora Haukland skal vitne i rettssaken tirsdag. <\/p>\n<p>          <img loading=\"lazy\" decoding=\"async\" src=\"https:\/\/www.europesays.com\/no\/wp-content\/uploads\/2025\/12\/82895232.webp\" width=\"686\" height=\"392\" title=\"BISTANDSADVOKAT: Heidi Reisvang representerer Nora Haukland. Her avbildet under rettssaken mot Gjert Ingebrigtsen, hvor hun var forsvarer. Foto: Bj\u00f8rn Langsem \/ Dagbladet\" alt=\"\" class=\"\" style=\"--aspect-ratio-image: 1.75; \"\/><\/p>\n<p>\n          BISTANDSADVOKAT: Heidi Reisvang representerer Nora Haukland. Her avbildet under rettssaken mot Gjert Ingebrigtsen, hvor hun var forsvarer. Foto: Bj\u00f8rn Langsem \/ Dagbladet\n      <\/p>\n<p> Mannen ble p\u00e5grepet 17. september i fjor. Han ble da\u00a0siktet for fors\u00f8k p\u00e5 drapsforbund og p\u00e5virkning av akt\u00f8rer i rettsvesenet. Han er tiltalt for rettsstridig atferd og\u00a0\u00abfor i ord eller handling \u00e5 ha truet med straffbar atferd under slike omstendigheter at trusselen var egnet til \u00e5 fremkalle alvorlig frykt\u00bb. <\/p>\n<p>Satt av fem dager\t<\/p>\n<p>Det er satt av fem dager til rettssaken.\u00a0<\/p>\n<p>Den tiltalte 27-\u00e5ringen ble f\u00f8rt inn i retten av rettsbetjenter litt f\u00f8r klokka 09, og sitter ved siden av forsvarer Ole Magnus Str\u00f8mmen.<\/p>\n<p>Han har sittet varetektsfengslet siden mars i \u00e5r, og var i en periode underlagt meldeplikt.\u00a0<\/p>\n<p>Det har blitt gjennomf\u00f8rt en rettspsykiatrisk unders\u00f8kelse, som konkluderer med lett psykisk utviklingshemming og lett autisme, sier aktor &#8211; og understreker at de mener han har skyldevne og dermed kan straffes.\u00a0<\/p>\n<p>Det ble slutt mellom H\u00f8iby og Haukland sommeren 2023. H\u00f8iby er tiltalt for mishandling i n\u00e6re relasjoner mot ekskj\u00e6resten, og nekter straffskyld. Rettssaken mot ham starter i Oslo tingrett 3. februar.<\/p>\n","protected":false},"excerpt":{"rendered":"Mann (27) tiltalt Mannen, som er tiltalt for trusler mot Nora Haukland, erkjenner straffskyld i retten. FORN\u00c6RMET: Nora&hellip;\n","protected":false},"author":2,"featured_media":101185,"comment_status":"","ping_status":"","sticky":false,"template":"","format":"standard","meta":{"footnotes":""},"categories":[10],"tags":[20,21,24,25,15,2539,22,23,13,30,28,29,14,16,26,27],"class_list":{"0":"post-101184","1":"post","2":"type-post","3":"status-publish","4":"format-standard","5":"has-post-thumbnail","7":"category-norge","8":"tag-breaking-news","9":"tag-breakingnews","10":"tag-featured-news","11":"tag-featurednews","12":"tag-headlines","13":"tag-innenriks","14":"tag-latest-news","15":"tag-latestnews","16":"tag-news","17":"tag-no","18":"tag-norge","19":"tag-norway","20":"tag-nyheter","21":"tag-overskrifter","22":"tag-top-stories","23":"tag-topstories"},"share_on_mastodon":{"url":"https:\/\/pubeurope.com\/@no\/115643441911263475","error":""},"_links":{"self":[{"href":"https:\/\/www.europesays.com\/no\/wp-json\/wp\/v2\/posts\/101184","targetHints":{"allow":["GET"]}}],"collection":[{"href":"https:\/\/www.europesays.com\/no\/wp-json\/wp\/v2\/posts"}],"about":[{"href":"https:\/\/www.europesays.com\/no\/wp-json\/wp\/v2\/types\/post"}],"author":[{"embeddable":true,"href":"https:\/\/www.europesays.com\/no\/wp-json\/wp\/v2\/users\/2"}],"replies":[{"embeddable":true,"href":"https:\/\/www.europesays.com\/no\/wp-json\/wp\/v2\/comments?post=101184"}],"version-history":[{"count":0,"href":"https:\/\/www.europesays.com\/no\/wp-json\/wp\/v2\/posts\/101184\/revisions"}],"wp:featuredmedia":[{"embeddable":true,"href":"https:\/\/www.europesays.com\/no\/wp-json\/wp\/v2\/media\/101185"}],"wp:attachment":[{"href":"https:\/\/www.europesays.com\/no\/wp-json\/wp\/v2\/media?parent=101184"}],"wp:term":[{"taxonomy":"category","embeddable":true,"href":"https:\/\/www.europesays.com\/no\/wp-json\/wp\/v2\/categories?post=101184"},{"taxonomy":"post_tag","embeddable":true,"href":"https:\/\/www.europesays.com\/no\/wp-json\/wp\/v2\/tags?post=101184"}],"curies":[{"name":"wp","href":"https:\/\/api.w.org\/{rel}","templated":true}]}}