{"id":101190,"date":"2025-12-01T08:52:20","date_gmt":"2025-12-01T08:52:20","guid":{"rendered":"https:\/\/www.europesays.com\/no\/101190\/"},"modified":"2025-12-01T08:52:20","modified_gmt":"2025-12-01T08:52:20","slug":"uro-og-misnoye-preger-fbi-under-patel","status":"publish","type":"post","link":"https:\/\/www.europesays.com\/no\/101190\/","title":{"rendered":"Uro og misn\u00f8ye preger FBI under Patel"},"content":{"rendered":"<p><strong>Kaotisk ledelse, interne konflikter og frykt for politisk press preger FBI under direkt\u00f8r Kash Patel, if\u00f8lge en st\u00f8rre gjennomgang gjort av The Telegraph. Avisen beskriver etaten som preget av lav moral, uro om lojalitetstester og en rekke kontroverser rundt direkt\u00f8rens opptreden.<\/strong><\/p>\n<p>Patel skal gjentatte ganger ha kommet med feilaktige eller forhastede uttalelser om p\u00e5g\u00e5ende etterforskninger, noe som if\u00f8lge avisen skapte forvirring i kritiske faser. Han har ogs\u00e5 blitt m\u00f8tt med kritikk for omfattende bruk av privatfly og sikkerhetsressurser, som han hevder f\u00f8lger regelverket. En talsmann sier til avisen at alle private turer er tilbakebetalt.<\/p>\n<p>Flere anonyme FBI-kilder hevder at direkt\u00f8rens ledelsesstil har skapt fryktkultur og svekket tilliten innad.<br \/>\u2013 Moralen har aldri v\u00e6rt lavere. Det er en f\u00f8lelse av at alle linjeagenter har et m\u00e5l p\u00e5 ryggen, sier en tidligere spesialagent til <a href=\"https:\/\/www.telegraph.co.uk\/us\/news\/2025\/11\/30\/kash-patel-fbi-chaos-usa\/\" rel=\"nofollow noopener\" target=\"_blank\">The Telegraph.<\/a><\/p>\n<p>If\u00f8lge avisen har Patel avskjediget minst 30 ansatte siden tiltredelsen, noe han selv omtaler som et bevisst oppgj\u00f8r med det han beskriver som politisering i etaten. Et p\u00e5g\u00e5ende s\u00f8ksm\u00e5l hevder derimot at flere ble fjernet p\u00e5 grunn av manglende politisk lojalitet. Patel har avvist dette i andre sammenhenger.<\/p>\n<p>Samtidig beskrives en intern uro knyttet til direkt\u00f8rens prioriteringer, blant annet omfattende ressursbruk p\u00e5 immigrasjonsrelaterte oppgaver. Noen ansatte frykter at dette svekker andre sentrale oppdrag. En tidligere agent uttrykker dette slik:<br \/>\u2013 FBI-agenter driver med komplekse etterforskninger, ikke fotpatruljer.<\/p>\n<p>Ryktene om at Patel kan erstattes har svirret, men Det hvite hus omtaler dette som \u00abfullstendig oppdiktet\u00bb. Likevel skriver avisen at misn\u00f8ye internt og press utenfra kan gj\u00f8re situasjonen uforutsigbar for direkt\u00f8ren i m\u00e5nedene fremover.<\/p>\n","protected":false},"excerpt":{"rendered":"Kaotisk ledelse, interne konflikter og frykt for politisk press preger FBI under direkt\u00f8r Kash Patel, if\u00f8lge en st\u00f8rre&hellip;\n","protected":false},"author":2,"featured_media":101191,"comment_status":"","ping_status":"","sticky":false,"template":"","format":"standard","meta":{"footnotes":""},"categories":[12],"tags":[20,21,24,25,15,9839,22,23,13,30,28,29,14,16,26,27,50,42,43,44,45],"class_list":{"0":"post-101190","1":"post","2":"type-post","3":"status-publish","4":"format-standard","5":"has-post-thumbnail","7":"category-verden","8":"tag-breaking-news","9":"tag-breakingnews","10":"tag-featured-news","11":"tag-featurednews","12":"tag-headlines","13":"tag-kash-patel","14":"tag-latest-news","15":"tag-latestnews","16":"tag-news","17":"tag-no","18":"tag-norge","19":"tag-norway","20":"tag-nyheter","21":"tag-overskrifter","22":"tag-top-stories","23":"tag-topstories","24":"tag-usa","25":"tag-verden","26":"tag-world","27":"tag-world-news","28":"tag-worldnews"},"share_on_mastodon":{"url":"https:\/\/pubeurope.com\/@no\/115643465434515752","error":""},"_links":{"self":[{"href":"https:\/\/www.europesays.com\/no\/wp-json\/wp\/v2\/posts\/101190","targetHints":{"allow":["GET"]}}],"collection":[{"href":"https:\/\/www.europesays.com\/no\/wp-json\/wp\/v2\/posts"}],"about":[{"href":"https:\/\/www.europesays.com\/no\/wp-json\/wp\/v2\/types\/post"}],"author":[{"embeddable":true,"href":"https:\/\/www.europesays.com\/no\/wp-json\/wp\/v2\/users\/2"}],"replies":[{"embeddable":true,"href":"https:\/\/www.europesays.com\/no\/wp-json\/wp\/v2\/comments?post=101190"}],"version-history":[{"count":0,"href":"https:\/\/www.europesays.com\/no\/wp-json\/wp\/v2\/posts\/101190\/revisions"}],"wp:featuredmedia":[{"embeddable":true,"href":"https:\/\/www.europesays.com\/no\/wp-json\/wp\/v2\/media\/101191"}],"wp:attachment":[{"href":"https:\/\/www.europesays.com\/no\/wp-json\/wp\/v2\/media?parent=101190"}],"wp:term":[{"taxonomy":"category","embeddable":true,"href":"https:\/\/www.europesays.com\/no\/wp-json\/wp\/v2\/categories?post=101190"},{"taxonomy":"post_tag","embeddable":true,"href":"https:\/\/www.europesays.com\/no\/wp-json\/wp\/v2\/tags?post=101190"}],"curies":[{"name":"wp","href":"https:\/\/api.w.org\/{rel}","templated":true}]}}