{"id":101198,"date":"2025-12-01T09:00:08","date_gmt":"2025-12-01T09:00:08","guid":{"rendered":"https:\/\/www.europesays.com\/no\/101198\/"},"modified":"2025-12-01T09:00:08","modified_gmt":"2025-12-01T09:00:08","slug":"sa-mye-sparte-du-pa-a-ha-norgespris-i-november-telemarksavisa","status":"publish","type":"post","link":"https:\/\/www.europesays.com\/no\/101198\/","title":{"rendered":"S\u00e5 mye sparte du p\u00e5 \u00e5 ha Norgespris i november &#8211; Telemarksavisa"},"content":{"rendered":"<ol>\n<li><a href=\"https:\/\/news.google.com\/rss\/articles\/CBMihgFBVV95cUxPbWgwZzJMN2hoOUwtTExTSUIybjEwS3ZfQ1U0cERkanZNc2tkRVRlNTFaUFRiZy1hVk1iamxteUVQUG9iQkNqTnFnRy1jbHJKRUlMOGVJTjFQWjBNa19sQTlZUTBtWFhfSUMxM1JyRlUzaXBudFBYcXpua2JPc2c2WFdWaFh5Zw?oc=5\" target=\"_blank\" rel=\"nofollow noopener\">S\u00e5 mye sparte du p\u00e5 \u00e5 ha Norgespris i november<\/a>&nbsp;&nbsp;Telemarksavisa<\/li>\n<li><a href=\"https:\/\/news.google.com\/rss\/articles\/CBMilAFBVV95cUxOV1gyekRDdFpidTFralRCQ3JMeUdPTy1UaEYtbzlLekRCUFJvaW5IaUxvR2x2MnBUTUcxRExkbDh3YUZUQUhsdm1RWkY4Ny1qNkdOSk92NXdNZm1FZEVwR2hJY2ZXVXRpbmVQMXdBN2RSeGhROVVVQW5MWmFkcHMxU1V3b005UmxUSV9icERsU1NxcVZU?oc=5\" target=\"_blank\" rel=\"nofollow noopener\">S\u00e5 mye sparte Norgespris-kundene p\u00e5 Hedmarken i november<\/a>&nbsp;&nbsp;Hamar Arbeiderblad<\/li>\n<li><a href=\"https:\/\/news.google.com\/rss\/articles\/CBMiigFBVV95cUxPa0tPdDNQVm9MMk1UYjhDV1JkUEF1ellMNUxrYV9UM09JS0kyZTRLUmpQQ2dPdE41ZHpPeUVneDAyRUdyN185WjMtQUFyem5OVzR4Q3N3WDNYcnExTjdRYXJTUFpFYW5FZ19pRWVGRVcxZzVSbTduc2RlLWVOUUd2WjRRTW5wbFRUa3c?oc=5\" target=\"_blank\" rel=\"nofollow noopener\">Ny prisrekord for str\u00f8mprisen i Lyngdal<\/a>&nbsp;&nbsp;Lyngdals Avis<\/li>\n<li><a href=\"https:\/\/news.google.com\/rss\/articles\/CBMinwFBVV95cUxPVTFZdmZNSDJYYjhlbnJSWU9pdzlXMzNSdlhvYjRSa3Q2Y3AwcG0xZjFKXzRjYU8tVHB3Yy00WHhRRHczV1drNzBJUVhPUEVQVjBzbEVyVlFLNWVOcUlPSE9nLTYzMGN3bGZ3U0pRNFhEWk1TbVdRc1g2X2lvZXhpLVBfemdFM0N2ZnpwS2xUSkNCYUFXRjZuUWFzM0VSVjA?oc=5\" target=\"_blank\" rel=\"nofollow noopener\">Midt-Norge: Snittpris for str\u00f8m p\u00e5 74,50 \u00f8re per kWh mandag<\/a>&nbsp;&nbsp;mn24.no<\/li>\n<li><a href=\"https:\/\/news.google.com\/rss\/articles\/CBMikwFBVV95cUxPU05ESklmTW9mbzZJZDhldVBOb1JMZ1pjcVpuckVRbGgtSzM5a28zc0JoZk1NU1JnRUhpV24zeFVVYmlMckhUbDRiZERIQ2Q5VjB5eU56UzdGQWQtSGlreFBPY2FGNE1VUkJRTThQelBuM20tUm1DNk9PdTEyc1pXTklEZi16eVJ1MWpzdXFQSFlnR0U?oc=5\" target=\"_blank\" rel=\"nofollow noopener\">Str\u00f8mprisene: \u2013 Alle har en fallskjerm i dag<\/a>&nbsp;&nbsp;andalsnes-avis.no<\/li>\n<\/ol>\n","protected":false},"excerpt":{"rendered":"S\u00e5 mye sparte du p\u00e5 \u00e5 ha Norgespris i november&nbsp;&nbsp;Telemarksavisa S\u00e5 mye sparte Norgespris-kundene p\u00e5 Hedmarken i november&nbsp;&nbsp;Hamar&hellip;\n","protected":false},"author":2,"featured_media":101199,"comment_status":"","ping_status":"","sticky":false,"template":"","format":"standard","meta":{"footnotes":""},"categories":[10],"tags":[20,21,24,25,15,22,23,13,30,28,29,14,16,26,27],"class_list":{"0":"post-101198","1":"post","2":"type-post","3":"status-publish","4":"format-standard","5":"has-post-thumbnail","7":"category-norge","8":"tag-breaking-news","9":"tag-breakingnews","10":"tag-featured-news","11":"tag-featurednews","12":"tag-headlines","13":"tag-latest-news","14":"tag-latestnews","15":"tag-news","16":"tag-no","17":"tag-norge","18":"tag-norway","19":"tag-nyheter","20":"tag-overskrifter","21":"tag-top-stories","22":"tag-topstories"},"share_on_mastodon":{"url":"https:\/\/pubeurope.com\/@no\/115643496796898430","error":""},"_links":{"self":[{"href":"https:\/\/www.europesays.com\/no\/wp-json\/wp\/v2\/posts\/101198","targetHints":{"allow":["GET"]}}],"collection":[{"href":"https:\/\/www.europesays.com\/no\/wp-json\/wp\/v2\/posts"}],"about":[{"href":"https:\/\/www.europesays.com\/no\/wp-json\/wp\/v2\/types\/post"}],"author":[{"embeddable":true,"href":"https:\/\/www.europesays.com\/no\/wp-json\/wp\/v2\/users\/2"}],"replies":[{"embeddable":true,"href":"https:\/\/www.europesays.com\/no\/wp-json\/wp\/v2\/comments?post=101198"}],"version-history":[{"count":0,"href":"https:\/\/www.europesays.com\/no\/wp-json\/wp\/v2\/posts\/101198\/revisions"}],"wp:featuredmedia":[{"embeddable":true,"href":"https:\/\/www.europesays.com\/no\/wp-json\/wp\/v2\/media\/101199"}],"wp:attachment":[{"href":"https:\/\/www.europesays.com\/no\/wp-json\/wp\/v2\/media?parent=101198"}],"wp:term":[{"taxonomy":"category","embeddable":true,"href":"https:\/\/www.europesays.com\/no\/wp-json\/wp\/v2\/categories?post=101198"},{"taxonomy":"post_tag","embeddable":true,"href":"https:\/\/www.europesays.com\/no\/wp-json\/wp\/v2\/tags?post=101198"}],"curies":[{"name":"wp","href":"https:\/\/api.w.org\/{rel}","templated":true}]}}