{"id":101202,"date":"2025-12-01T09:03:09","date_gmt":"2025-12-01T09:03:09","guid":{"rendered":"https:\/\/www.europesays.com\/no\/101202\/"},"modified":"2025-12-01T09:03:09","modified_gmt":"2025-12-01T09:03:09","slug":"benjamin-ingrosso-kommer-til-norge","status":"publish","type":"post","link":"https:\/\/www.europesays.com\/no\/101202\/","title":{"rendered":"Benjamin Ingrosso kommer til Norge"},"content":{"rendered":"\n<p class=\"_lead_o9xde_2 _lead_xtcu6_50 layout-component text-serif-m layout-normal text-serif-l layout-component layout-wide layout-padded _wide_17hqh_1 layout-padded\">Den svenske artisten er klar for sin hittil st\u00f8rste konsert i Norge h\u00f8sten 2026.<\/p>\n<p><img alt=\" Foto: Mattis Sandblad \/ VG\" class=\"_image_qp4xg_65 layout-component layout-wide\" data-fullscreen- data-track-element-type=\"Article image fullscreen\" data-track-name=\"ImageFullscreen\" fetchpriority=\"high\" decoding=\"sync\" loading=\"eager\" height=\"4563\" itemprop=\"image\"  src=\"https:\/\/www.europesays.com\/no\/wp-content\/uploads\/2025\/12\/a9de52d1-7853-4eaa-8b17-0e335d2b3d47\"  style=\"object-position:61.13457617244392% 51.610782380013156%\" width=\"6866\"\/> Foto: Mattis Sandblad \/ VG<\/p>\n<ul aria-hidden=\"true\" class=\"_images_1uft6_111\">\n<li><a class=\"_link_1uft6_116\" href=\"https:\/\/www.vg.no\/forfatter\/hannah-solstad-klepp\" style=\"z-index:1\" title=\"Hannah Solstad Klepp\" rel=\"nofollow noopener\" target=\"_blank\"><img alt=\"Bilde av Hannah Solstad Klepp\" class=\"_image_1uft6_93\" fetchpriority=\"low\" loading=\"lazy\" decoding=\"async\" itemprop=\"image\"  src=\"https:\/\/www.europesays.com\/no\/wp-content\/uploads\/2025\/12\/f811f9c1-64f7-4c50-9133-b5735831a650\"  width=\"480\"\/><\/a><\/li>\n<\/ul>\n<p> Oppdatert mandag 1. desember kl. 09:47     <\/p>\n<p class=\"_paragraph_o9xde_4 _paragraph_xtcu6_10 layout-component text-serif-m layout-normal text-serif-m layout-padded\"><a href=\"https:\/\/www.vg.no\/tag\/benjamin-ingrosso?utm_source=vg-article&amp;utm_medium=auto-tagger&amp;utm_campaign=QJRvwx\" class=\"_link_o9xde_39\" rel=\"nofollow noopener\" target=\"_blank\">Benjamin Ingrosso<\/a> (28) skal ut p\u00e5 sin f\u00f8rste arenaturn\u00e9 neste \u00e5r, der Oslo Spektrum er ett av stoppene. <\/p>\n<p class=\"_paragraph_o9xde_4 _paragraph_xtcu6_10 layout-component text-serif-m layout-normal text-serif-m layout-padded\">Tidligere har artisten opptr\u00e5dt p\u00e5 norske festivaler, og solgt ut Sentrum Scene i Oslo.<\/p>\n<p class=\"_paragraph_o9xde_4 _paragraph_xtcu6_10 layout-component text-serif-m layout-normal text-serif-m layout-padded\">Turneen hans \u00abWhat Happens Next?\u00bb starter i oktober 2026 og artisten kommer til Oslo 5. november, f\u00f8r han avslutter det hele p\u00e5 Avicii arena i Stockholm 14. november.<\/p>\n<p> Slet med prestasjonsangst<\/p>\n<p class=\"_paragraph_o9xde_4 _paragraph_xtcu6_10 layout-component text-serif-m layout-normal text-serif-m layout-padded\">\u2013 Jeg har savnet hjemmepublikummet, og alt vi delte sommeren 2024. Denne gangen blir det innend\u00f8rs p\u00e5 store arenaer hvor vi kan g\u00e5 \u00aball in\u00bb kreativt, <a href=\"https:\/\/www.mynewsdesk.com\/no\/livenation\/pressreleases\/benjamin-ingrossos-foerste-arenaturne-kommer-til-oslo-spektrum-5-november-2026-3419162\" class=\"_link_o9xde_39\" rel=\"nofollow noopener\" target=\"_blank\">sier Ingrosso i en pressemelding<\/a>.<\/p>\n<p class=\"_paragraph_o9xde_4 _paragraph_xtcu6_10 layout-component text-serif-m layout-normal text-serif-m layout-padded\"><a href=\"https:\/\/www.vg.no\/i\/gw1JrJ\" data-track-element-type=\"Link\" data-track-id=\"link:gw1JrJ\" class=\"_link_o9xde_39\" rel=\"nofollow noopener\" target=\"_blank\">Tidligere i \u00e5r var han p\u00e5 sin f\u00f8rste turn\u00e9 i Nord-Amerika<\/a>, men opplevelsen gikk ikke helt som han hadde h\u00e5pet. Billettsalget gikk tregt, og han slet med prestasjonsangst.<\/p>\n<p class=\"_paragraph_o9xde_4 _paragraph_xtcu6_10 layout-component text-serif-m layout-normal text-serif-m layout-padded\">\u2013 Jeg var forberedt p\u00e5 at det skulle bli t\u00f8ft, men det tok veldig p\u00e5 meg psykisk. Dette \u00e5ret har jeg jobbet mye med meg selv og selvtilliten min, sier han til <a href=\"https:\/\/www.aftonbladet.se\/nojesbladet\/a\/vrWKpL\/benjamin-ingrosso-aker-ut-pa-turne-2026\" class=\"_link_o9xde_39\" rel=\"nofollow noopener\" target=\"_blank\">Aftonbladet<\/a>.<\/p>\n<p class=\"_paragraph_o9xde_4 _paragraph_xtcu6_10 layout-component text-serif-m layout-normal text-serif-m layout-padded\">N\u00e5 er han klar for \u00e5 satse hjemme igjen, og if\u00f8lge Aftonbladet kommer denne turneen til \u00e5 bli noe helt nytt med stort fokus p\u00e5 det visuelle. Det blir ogs\u00e5 innslag av b\u00e5de teater og musikal.<\/p>\n<p class=\"_paragraph_o9xde_4 _paragraph_xtcu6_10 layout-component text-serif-m layout-normal text-serif-m layout-padded\">\u2013 Jeg er en musikal- og teaternerd, s\u00e5 jeg kommer til \u00e5 hente inspirasjon fra det jeg har vokst opp med, sier Ingrosso.<\/p>\n<p class=\"_paragraph_o9xde_4 _paragraph_xtcu6_10 layout-component text-serif-m layout-normal text-serif-m layout-padded\">Sist han turnerte i Norden ble alle datoene utsolgt, og 175.000 mennesker s\u00e5 han live bare i Sverige. <\/p>\n<p class=\"_paragraph_o9xde_4 _paragraph_xtcu6_10 layout-component text-serif-m layout-normal text-serif-m layout-padded\">Billettene til Oslo-konserten g\u00e5r i salg 5. desember klokken 12.00, melder Live Nation.<\/p>\n<p>Les ogs\u00e5<\/p>\n","protected":false},"excerpt":{"rendered":"Den svenske artisten er klar for sin hittil st\u00f8rste konsert i Norge h\u00f8sten 2026. Foto: Mattis Sandblad \/&hellip;\n","protected":false},"author":2,"featured_media":101203,"comment_status":"","ping_status":"","sticky":false,"template":"","format":"standard","meta":{"footnotes":""},"categories":[58],"tags":[4014,71,30,28,29,9709,4544,72],"class_list":{"0":"post-101202","1":"post","2":"type-post","3":"status-publish","4":"format-standard","5":"has-post-thumbnail","7":"category-underholdning","8":"tag-benjamin-ingrosso","9":"tag-entertainment","10":"tag-no","11":"tag-norge","12":"tag-norway","13":"tag-oslo-spektrum","14":"tag-turne","15":"tag-underholdning"},"share_on_mastodon":{"url":"https:\/\/pubeurope.com\/@no\/115643508875200656","error":""},"_links":{"self":[{"href":"https:\/\/www.europesays.com\/no\/wp-json\/wp\/v2\/posts\/101202","targetHints":{"allow":["GET"]}}],"collection":[{"href":"https:\/\/www.europesays.com\/no\/wp-json\/wp\/v2\/posts"}],"about":[{"href":"https:\/\/www.europesays.com\/no\/wp-json\/wp\/v2\/types\/post"}],"author":[{"embeddable":true,"href":"https:\/\/www.europesays.com\/no\/wp-json\/wp\/v2\/users\/2"}],"replies":[{"embeddable":true,"href":"https:\/\/www.europesays.com\/no\/wp-json\/wp\/v2\/comments?post=101202"}],"version-history":[{"count":0,"href":"https:\/\/www.europesays.com\/no\/wp-json\/wp\/v2\/posts\/101202\/revisions"}],"wp:featuredmedia":[{"embeddable":true,"href":"https:\/\/www.europesays.com\/no\/wp-json\/wp\/v2\/media\/101203"}],"wp:attachment":[{"href":"https:\/\/www.europesays.com\/no\/wp-json\/wp\/v2\/media?parent=101202"}],"wp:term":[{"taxonomy":"category","embeddable":true,"href":"https:\/\/www.europesays.com\/no\/wp-json\/wp\/v2\/categories?post=101202"},{"taxonomy":"post_tag","embeddable":true,"href":"https:\/\/www.europesays.com\/no\/wp-json\/wp\/v2\/tags?post=101202"}],"curies":[{"name":"wp","href":"https:\/\/api.w.org\/{rel}","templated":true}]}}