{"id":101213,"date":"2025-12-01T09:15:12","date_gmt":"2025-12-01T09:15:12","guid":{"rendered":"https:\/\/www.europesays.com\/no\/101213\/"},"modified":"2025-12-01T09:15:12","modified_gmt":"2025-12-01T09:15:12","slug":"rampenissen-og-nissene-i-skjul","status":"publish","type":"post","link":"https:\/\/www.europesays.com\/no\/101213\/","title":{"rendered":"Rampenissen og Nissene i skjul"},"content":{"rendered":"\n<p class=\"_paragraph_o9xde_4 _paragraph_xtcu6_10 layout-component text-serif-m layout-normal text-serif-m layout-padded\">Harald Eia har indirekte nisselua med i b\u00e5de NRK og TV 2s julekalender for de ikke helt minste.<\/p>\n<p class=\"_paragraph_o9xde_4 _paragraph_xtcu6_10 layout-component text-serif-m layout-normal text-serif-m layout-padded\"><strong class=\"_strong_o9xde_25\"> \u00abRampenissen\u00bb<\/strong><\/p>\n<p class=\"_paragraph_o9xde_4 _paragraph_xtcu6_10 layout-component text-serif-m layout-normal text-serif-m layout-padded\">Norsk kjendisrealityserie i 24 deler<br \/>Med: Harald Eia, Else K\u00e5ss Furuseth, Oskar Westerlin, Marlene Stavrum, Adrian Sellevoll, Terje Schr\u00f8der, Julie Synn\u00f8ve Thorsen, Torstein Bae, Iben Akerlie m.fl.<\/p>\n<p class=\"_paragraph_o9xde_4 _paragraph_xtcu6_10 layout-component text-serif-m layout-normal text-serif-m layout-padded\">Premiere 1. desember<br \/>Ny episode p\u00e5 TV 2 daglig fram til julaften<\/p>\n<p class=\"_paragraph_o9xde_4 _paragraph_xtcu6_10 layout-component text-serif-m layout-normal text-serif-m layout-padded\"><strong class=\"_strong_o9xde_25\">\u00abNissene i skjul\u00bb<\/strong><\/p>\n<p class=\"_paragraph_o9xde_4 _paragraph_xtcu6_10 layout-component text-serif-m layout-normal text-serif-m layout-padded\">Norsk humorrealityserie i 24 deler<br \/>Manus: Mike Torsvik Johansen, Oddne Lekang H\u00f8laas, Andreas Rand, Herman Flesvig, Kevin V\u00e5genes, <a href=\"https:\/\/www.vg.no\/tag\/mikkel-niva?utm_source=vg-article&amp;utm_medium=auto-tagger&amp;utm_campaign=m0go8g\" class=\"_link_o9xde_39\" rel=\"nofollow noopener\" target=\"_blank\">Mikkel Niva<\/a><br \/>Med: Herman Flesvig, Kevin V\u00e5genes, Mikkel Niva, Amalie Stuve, Javad El Bakali, Ellen Bendu, K\u00e5re Conradi, Tuva Billing, Bj\u00f8rn Myrene m.fl.<br \/>Regi: Erlend Westnes<\/p>\n<p class=\"_paragraph_o9xde_4 _paragraph_xtcu6_10 layout-component text-serif-m layout-normal text-serif-m layout-padded\">Premiere 1. desember<br \/>Ny episode p\u00e5 NRK daglig fram til julaften<\/p>\n<p><img alt=\"Nissene i skjul  Foto: Seefood TV \/ NRK\" class=\"_image_qp4xg_65 layout-component layout-normal\" data-fullscreen- data-track-element-type=\"Article image fullscreen\" data-track-name=\"ImageFullscreen\" decoding=\"async\" loading=\"lazy\" height=\"2160\" itemprop=\"image\"  src=\"https:\/\/www.europesays.com\/no\/wp-content\/uploads\/2025\/12\/7a86abd2-1ca6-45f5-a939-46ac747dadb5\"  style=\"object-position:0% 0%\" width=\"3840\"\/>Nissene i skjul  Foto: Seefood TV \/ NRK<\/p>\n<p class=\"_paragraph_o9xde_4 _paragraph_xtcu6_10 layout-component text-serif-m layout-normal text-serif-m layout-padded\">\u00c5rets julekalenderserie utenfor barne-TV p\u00e5 landets st\u00f8rste TV-kanaler framst\u00e5r som et slags  konseptbytte i ombrukets \u00e5nd.<\/p>\n<p class=\"_paragraph_o9xde_4 _paragraph_xtcu6_10 layout-component text-serif-m layout-normal text-serif-m layout-padded\">NRK har de siste \u00e5rene hatt en kjendisbasert variant, men har i<a href=\"https:\/\/www.vg.no\/rampelys\/i\/5Go7RK\/tv-anmeldelse-nissene-i-bingen-naa-er-det-vanlige-nissers-tur\" data-track-element-type=\"Link\" data-track-id=\"link:5Go7RK\" class=\"_link_o9xde_39\" rel=\"nofollow noopener\" target=\"_blank\"> \u00e5r resirkulert \u00abNissene p\u00e5 l\u00e5ven\u00bb-konseptet til TV Norge. <\/a>Kjendisrealityseriemesteren TV 2 har sydd sammen egne konsepter med NRKs<a href=\"https:\/\/www.vg.no\/rampelys\/i\/gEdOga\/tv-anmeldelse-24-stjerners-julekalender-kjendisene-paa-laaven\" data-track-element-type=\"Link\" data-track-id=\"link:gEdOga\" class=\"_link_o9xde_39\" rel=\"nofollow noopener\" target=\"_blank\"> \u00ab24 Stjerners julekalender\u00bb<\/a> og kommet opp med \u00abRampenissen\u00bb.<\/p>\n<p class=\"_paragraph_o9xde_4 _paragraph_xtcu6_10 layout-component text-serif-m layout-normal text-serif-m layout-padded\">Det snedige er at begge har landet p\u00e5 rampenisse som konsept og t\u00f8ysing med reality som b\u00e6rende id\u00e9. Da spesielt \u00abSpillet\u00bb og \u00abForr\u00e6der\u00bb.<\/p>\n<p class=\"_paragraph_o9xde_4 _paragraph_xtcu6_10 layout-component text-serif-m layout-normal text-serif-m layout-padded\">At begge har en laktoseintolerant deltaker er nok heller tilfeldig.<\/p>\n<p class=\"_paragraph_o9xde_4 _paragraph_xtcu6_10 layout-component text-serif-m layout-normal text-serif-m layout-padded\">TV 2-konseptet \u00abRampenissen\u00bb premierer ikke folk som liker \u00e5 kose seg i jula, men heier p\u00e5 de som takler det jula virkelig handler om: Stress. Deltakerne f\u00e5r instruksjoner fra en dukke som er godt over i \u00abChild\u2019s Play\u00bb og \u00abM3GAn\u00bb p\u00e5 uhyggeskalaen.<\/p>\n<p class=\"_paragraph_o9xde_4 _paragraph_xtcu6_10 layout-component text-serif-m layout-normal text-serif-m layout-padded\">Harald Eia, Else K\u00e5ss Furuseth og Oskar Westerlin er, for deltakerne, det ukjente trehodede trollet bak denne  skumleste karakteren i norsk f\u00f8rjul siden N\u00e5s\u00e5en i \u00abThe Julekalender\u00bb<\/p>\n<p><img alt=\"JULETROLL: Harald Eia, Else K\u00e5ss Furuseth og Oskar Westerlin fjernstyrer Rampenissen.  Foto: TV 2\" class=\"_image_qp4xg_65 layout-component layout-normal\" data-fullscreen- data-track-element-type=\"Article image fullscreen\" data-track-name=\"ImageFullscreen\" decoding=\"async\" loading=\"lazy\" height=\"2160\" itemprop=\"image\"  src=\"https:\/\/www.europesays.com\/no\/wp-content\/uploads\/2025\/12\/a924b059-a675-4376-90ca-3ee9884838a1\"  style=\"object-position:0% 0%\" width=\"3840\"\/>JULETROLL: Harald Eia, Else K\u00e5ss Furuseth og Oskar Westerlin fjernstyrer Rampenissen.  Foto: TV 2<\/p>\n<p class=\"_paragraph_o9xde_4 _paragraph_xtcu6_10 layout-component text-serif-m layout-normal text-serif-m layout-padded\">I l\u00f8pet av de \u00e5tte episodene VG har f\u00e5tt se klarer de effektivt \u00e5 plassere deltakerne solid i realityjulekula. De er selvsagt den sedvanlige blandingen av kjente og mindre kjente fjes, med litt f\u00e6rre rene TV 2-ansatte enn vanlig.<\/p>\n<p class=\"_paragraph_o9xde_4 _paragraph_xtcu6_10 layout-component text-serif-m layout-normal text-serif-m layout-padded\">Akspeterer man dette, er resultatet en reell kjendisrealitykonkurranse med lagdeling, daglig utstemming og et ganske hardt psykopatisk spill fra trioen som styrer Rampenissen.<\/p>\n<p class=\"_paragraph_o9xde_4 _paragraph_xtcu6_10 layout-component text-serif-m layout-normal text-serif-m layout-padded\">Deltakerne kontrolleres gjennom dusteenkle quizer til TikTok-kvalmende utfordringer som ekkel julegr\u00f8t og rapekonkurranse. Klippet til ganske god underholdning, med noen i overkant plumpe innslag, minimal julestemning og maksimalt stress. Det er alts\u00e5 langt fra en tradisjonell julekalender i seg selv, mer et ufarlig og <a href=\"https:\/\/www.vg.no\/rampelys\/i\/B0akj9\/tv-anmeldelse-squid-game-3-dyrisk-bra\" data-track-element-type=\"Link\" data-track-id=\"link:B0akj9\" class=\"_link_o9xde_39\" rel=\"nofollow noopener\" target=\"_blank\">hurtigkj\u00f8rende \u00abSquid Game\u00bb med juletema<\/a>.<\/p>\n<p class=\"_paragraph_o9xde_4 _paragraph_xtcu6_10 layout-component text-serif-m layout-normal text-serif-m layout-padded\">Nikk til \u00abSquid Game\u00bb dukker opp i \u00abNissene i skjul\u00bb ogs\u00e5. NRK-serien er en oppf\u00f8lger\/revitalisering\/resirkulering av de tre rundene med \u00abNissene p\u00e5 L\u00e5ven\u00bb. <\/p>\n<p><img alt=\"OGS\u00c5 JULETROLL: Arvid (Kevin V\u00e5genes, Frederick (Herman Flesvig) og Ola Jonsen (Mikkel Niva) leder an i \u00abNissene i Skjul\u00bb.  Foto: NRK\" class=\"_image_qp4xg_65 layout-component layout-normal\" data-fullscreen- data-track-element-type=\"Article image fullscreen\" data-track-name=\"ImageFullscreen\" decoding=\"async\" loading=\"lazy\" height=\"2160\" itemprop=\"image\"  src=\"https:\/\/www.europesays.com\/no\/wp-content\/uploads\/2025\/12\/c6539d5e-b220-4687-914d-bb689dda7acd\"  style=\"object-position:0% 0%\" width=\"3840\"\/>OGS\u00c5 JULETROLL: Arvid (Kevin V\u00e5genes, Frederick (Herman Flesvig) og Ola Jonsen (Mikkel Niva) leder an i \u00abNissene i Skjul\u00bb.  Foto: NRK<\/p>\n<p class=\"_paragraph_o9xde_4 _paragraph_xtcu6_10 layout-component text-serif-m layout-normal text-serif-m layout-padded\">En utilsl\u00f8rt parodi p\u00e5 nettopp det TV 2 driver med. Her er ogs\u00e5 et trehodet troll bak: Trekl\u00f8veret Heman Flesvig, Kevin V\u00e5genes og Mikkel Niva har dradd det originale Espen Eckbo-konseptet om nisser som stemmes ut hver dag i julekalenderen over til ren t\u00f8ysekjendisreality. <\/p>\n<p class=\"_paragraph_o9xde_4 _paragraph_xtcu6_10 layout-component text-serif-m layout-normal text-serif-m layout-padded\">Samtlige deltakere har \u00aberfaring\u00bb fra parodiske realityserier. <a href=\"https:\/\/www.vg.no\/dinepenger\/bank-og-forsikring\/i\/L4peGq\/spoer-hallgeir-kan-jeg-betale-ned-studielaanet-med-rammelaan\" data-track-element-type=\"Link\" data-track-id=\"link:L4peGq\" class=\"_link_o9xde_39\" rel=\"nofollow noopener\" target=\"_blank\">Eneste virkelige kjendis er Hallgeir Kvadsheim<\/a>, med som seg selv, der vitsen er at ingen kjenner ingen ham igjen. V\u00e5genes og Flesvig <a href=\"https:\/\/www.vg.no\/rampelys\/i\/34VzW0\/tv-anmeldelse-foerstegangstjenesten-tredjegangstjenesten\" data-track-element-type=\"Link\" data-track-id=\"link:34VzW0\" class=\"_link_o9xde_39\" rel=\"nofollow noopener\" target=\"_blank\">spiller fire enerverende karakterer hver<\/a>, mens Niva overtar programleder-rollen fra Olav Johnsen (Kristian \u00d8deg\u00e5rd) og senere Jon Olavsen (Jakob Sch\u00f8yen), i rollen som Ola Jonsen.<\/p>\n<p class=\"_paragraph_o9xde_4 _paragraph_xtcu6_10 layout-component text-serif-m layout-normal text-serif-m layout-padded\">Utfordringen er at karakterne til Flesvig og V\u00e5genes bruker grep begge har gjort tidligere, \u00e9n av dem er <a href=\"https:\/\/www.vg.no\/rampelys\/i\/rL7PP3\/kommenterer-parterapi-og-vi-lo-og-vi-lo\" data-track-element-type=\"Link\" data-track-id=\"link:rL7PP3\" class=\"_link_o9xde_39\" rel=\"nofollow noopener\" target=\"_blank\">faktisk fra noe som er gjort f\u00f8r<\/a>. Ingen av dem er spesielt morsomme. Da er det mye mer interessant og morsomt med Bj\u00f8rn Myrenes nydelig anonyme Thor Haukvik, som pr\u00f8ver \u00e5 spille \u00abspillet\u00bb med de mest \u00e5pne kortene i en reality <a href=\"https:\/\/www.vg.no\/rampelys\/i\/LlJE9J\/tv-anmeldelse-spillet-et-spill-for-oss-et-spill-for-deg\" data-track-element-type=\"Link\" data-track-id=\"link:LlJE9J\" class=\"_link_o9xde_39\" rel=\"nofollow noopener\" target=\"_blank\">etter Erik Thorstvedts fors\u00f8k p\u00e5 \u00e5 n\u00f8ytralisere \u00abSpillet\u00bb med \u00e5 stemme blankt<\/a>.<\/p>\n<p><img alt=\"KJ\u00c6RLIGHET TIL JUL: Mette (Amalie Stuve) og Tarik (Javad El Bakali) kan vise til en seier i \u00abFjordhytta\u00bb.  Foto: NRK\" class=\"_image_qp4xg_65 layout-component layout-normal\" data-fullscreen- data-track-element-type=\"Article image fullscreen\" data-track-name=\"ImageFullscreen\" decoding=\"async\" loading=\"lazy\" height=\"1080\" itemprop=\"image\"  src=\"https:\/\/www.europesays.com\/no\/wp-content\/uploads\/2025\/12\/b94a4afa-cd9a-4333-8fb0-43260a64d57b\"  style=\"object-position:0% 0%\" width=\"1920\"\/>KJ\u00c6RLIGHET TIL JUL: Mette (Amalie Stuve) og Tarik (Javad El Bakali) kan vise til en seier i \u00abFjordhytta\u00bb.  Foto: NRK<\/p>\n<p class=\"_paragraph_o9xde_4 _paragraph_xtcu6_10 layout-component text-serif-m layout-normal text-serif-m layout-padded\">Det beste med \u00abNissene i skjul\u00bb er alts\u00e5 ikke karakterene fra serieskaperne. Heldigvis gj\u00f8r en bukett sidefigurer det godt, selv om de f\u00e5r knapt med plass i de \u00e5tte f\u00f8rste episodene som er sendt ut i forkant.<\/p>\n<p class=\"_paragraph_o9xde_4 _paragraph_xtcu6_10 layout-component text-serif-m layout-normal text-serif-m layout-padded\">Paret Tarik <a href=\"https:\/\/www.vg.no\/rampelys\/i\/xmLOLR\/javad-el-bakali-jeg-kunne-nok-doedd\" data-track-element-type=\"Link\" data-track-id=\"link:xmLOLR\" class=\"_link_o9xde_39\" rel=\"nofollow noopener\" target=\"_blank\">(Javad El Bakali<\/a>) og Mette (Amalie Stuve) er for eksempel en uts\u00f8kt blanding av selvskam og misforst\u00e5tt woke. Dessuten dukker det opp karakterer som lener seg godt mot den samme ukorrekte, men smarte humoren som i novellefilmserien \u00abUti V\u00e5r Hage\u00bb (2003 og 2008).<\/p>\n<p class=\"_paragraph_o9xde_4 _paragraph_xtcu6_10 layout-component text-serif-m layout-normal text-serif-m layout-padded\">Som jo ble laget av nettopp Harald Eia, mannen som alts\u00e5 driver sine egne sosiale eksperimenter p\u00e5 TV 2, der han spiller en vel psykopatisk versjon av seg selv. Jeg h\u00e5per i alle fall han spiller.<\/p>\n<p class=\"_paragraph_o9xde_4 _paragraph_xtcu6_10 layout-component text-serif-m layout-normal text-serif-m layout-padded\">Det meste begge steder er selvsagt b\u00e5de dumt og teit, men ikke alltid dumt og teit nok. <\/p>\n<p><img alt=\"GR\u00d8T: Marlene Stavrum er ikke s\u00e5 begeistret for risengrynsgr\u00f8t.  Foto: TV 2\" class=\"_image_qp4xg_65 layout-component layout-normal\" data-fullscreen- data-track-element-type=\"Article image fullscreen\" data-track-name=\"ImageFullscreen\" decoding=\"async\" loading=\"lazy\" height=\"2160\" itemprop=\"image\"  src=\"https:\/\/www.europesays.com\/no\/wp-content\/uploads\/2025\/12\/7e00508e-32cb-4605-af09-9f4251f24c10\"  style=\"object-position:0% 0%\" width=\"3840\"\/>GR\u00d8T: Marlene Stavrum er ikke s\u00e5 begeistret for risengrynsgr\u00f8t.  Foto: TV 2<\/p>\n<p class=\"_paragraph_o9xde_4 _paragraph_xtcu6_10 layout-component text-serif-m layout-normal text-serif-m layout-padded\">N\u00e5r man ser dem sammen, er det til tider vanskelig \u00e5 si hva som er parodi og hva som er virkelighet. \u00abRampenissen\u00bb klarer likevel \u00e5 skape en form for engasjement som etter de f\u00f8rste \u00e5tte episodene virker lovende for resten av f\u00f8rjula.<\/p>\n<p class=\"_paragraph_o9xde_4 _paragraph_xtcu6_10 layout-component text-serif-m layout-normal text-serif-m layout-padded\">\u00abNissene i skjul\u00bb er veldig morsomt n\u00e5r de sklir kontrollert ut det direkte ufine, og med sm\u00e5 spark, som dette at TV-kanaler har et behov for \u00e5 selge inn \u00abf\u00f8lg med p\u00e5 nettsidene v\u00e5re for eksklusive klipp og interjvuer\u00bb. Men veldig masete n\u00e5r poengene blir for \u00e5penbare. Det skjer litt for ofte.<\/p>\n<p class=\"_paragraph_o9xde_4 _paragraph_xtcu6_10 layout-component text-serif-m layout-normal text-serif-m layout-padded\">Balansen kan selvsagt v\u00e6re helt snudd p\u00e5 julaften. Til neste \u00e5r <a href=\"https:\/\/www.vg.no\/rampelys\/i\/MnEkbo\/anmeldelse-hellerudsvingen-hysterisk-barne-tv-for-alle-andre-enn-barn\" data-track-element-type=\"Link\" data-track-id=\"link:MnEkbo\" class=\"_link_o9xde_39\" rel=\"nofollow noopener\" target=\"_blank\">\u00f8nsker jeg meg uansett \u00abJul i Hellerudsvingen\u00bb.<\/a><\/p>\n<p class=\"_paragraph_o9xde_4 _paragraph_xtcu6_10 layout-component text-serif-m layout-normal text-serif-m layout-padded\">Anmeldelsen er basert p\u00e5 de \u00e5tte f\u00f8rste episodene i seriene<\/p>\n","protected":false},"excerpt":{"rendered":"Harald Eia har indirekte nisselua med i b\u00e5de NRK og TV 2s julekalender for de ikke helt minste.&hellip;\n","protected":false},"author":2,"featured_media":101214,"comment_status":"","ping_status":"","sticky":false,"template":"","format":"standard","meta":{"footnotes":""},"categories":[5],"tags":[20,21,1912,24,25,2429,15,10125,19,10124,22,23,17,18,10126,13,30,28,29,14,2550,16,26,27,9628],"class_list":{"0":"post-101213","1":"post","2":"type-post","3":"status-publish","4":"format-standard","5":"has-post-thumbnail","7":"category-overskrifter","8":"tag-breaking-news","9":"tag-breakingnews","10":"tag-else-kass-furuseth","11":"tag-featured-news","12":"tag-featurednews","13":"tag-harald-eia","14":"tag-headlines","15":"tag-herman-flesvig","16":"tag-hovedoppslag","17":"tag-kevin-vagenes","18":"tag-latest-news","19":"tag-latestnews","20":"tag-main-news","21":"tag-mainnews","22":"tag-mikkel-niva","23":"tag-news","24":"tag-no","25":"tag-norge","26":"tag-norway","27":"tag-nyheter","28":"tag-oskar-westerlin","29":"tag-overskrifter","30":"tag-top-stories","31":"tag-topstories","32":"tag-tv-anmeldelse"},"share_on_mastodon":{"url":"https:\/\/pubeurope.com\/@no\/115643555943514676","error":""},"_links":{"self":[{"href":"https:\/\/www.europesays.com\/no\/wp-json\/wp\/v2\/posts\/101213","targetHints":{"allow":["GET"]}}],"collection":[{"href":"https:\/\/www.europesays.com\/no\/wp-json\/wp\/v2\/posts"}],"about":[{"href":"https:\/\/www.europesays.com\/no\/wp-json\/wp\/v2\/types\/post"}],"author":[{"embeddable":true,"href":"https:\/\/www.europesays.com\/no\/wp-json\/wp\/v2\/users\/2"}],"replies":[{"embeddable":true,"href":"https:\/\/www.europesays.com\/no\/wp-json\/wp\/v2\/comments?post=101213"}],"version-history":[{"count":0,"href":"https:\/\/www.europesays.com\/no\/wp-json\/wp\/v2\/posts\/101213\/revisions"}],"wp:featuredmedia":[{"embeddable":true,"href":"https:\/\/www.europesays.com\/no\/wp-json\/wp\/v2\/media\/101214"}],"wp:attachment":[{"href":"https:\/\/www.europesays.com\/no\/wp-json\/wp\/v2\/media?parent=101213"}],"wp:term":[{"taxonomy":"category","embeddable":true,"href":"https:\/\/www.europesays.com\/no\/wp-json\/wp\/v2\/categories?post=101213"},{"taxonomy":"post_tag","embeddable":true,"href":"https:\/\/www.europesays.com\/no\/wp-json\/wp\/v2\/tags?post=101213"}],"curies":[{"name":"wp","href":"https:\/\/api.w.org\/{rel}","templated":true}]}}