{"id":101215,"date":"2025-12-01T09:22:16","date_gmt":"2025-12-01T09:22:16","guid":{"rendered":"https:\/\/www.europesays.com\/no\/101215\/"},"modified":"2025-12-01T09:22:16","modified_gmt":"2025-12-01T09:22:16","slug":"sunnfjord-kommune-brannforebyggar-kor-tid-sist-sjekka-du-roykvarslaren-din-firda","status":"publish","type":"post","link":"https:\/\/www.europesays.com\/no\/101215\/","title":{"rendered":"Sunnfjord kommune, Brannf\u00f8rebyggar | Kor tid sist sjekka du r\u00f8ykvarslaren din? &#8211; Firda"},"content":{"rendered":"<ol>\n<li><a href=\"https:\/\/news.google.com\/rss\/articles\/CBMiggFBVV95cUxNVENqanBUX3RlWFJya0hfeFJJQXZTM3prNERFMS1tM1lLeWJJaml2cExnTUctVDRwWEowTUFRMlRGUW5nckg4bkZuRVh0X21iUjBaaVZQVURUclRKbm1rZndxR05yeFFyUGNVaENtdzJUR2dVYk1UNkt4ZUcxY0RZb0N3?oc=5\" target=\"_blank\" rel=\"nofollow noopener\">Sunnfjord kommune, Brannf\u00f8rebyggar | Kor tid sist sjekka du r\u00f8ykvarslaren din?<\/a>&nbsp;&nbsp;Firda<\/li>\n<li><a href=\"https:\/\/news.google.com\/rss\/articles\/CBMinwFBVV95cUxPSVJWN3BCYnM2WUgxcTJudTJxUHJVRmQ1akM0SzZHY2J0dVQ2NlJSSFhOemUtUkEtTjJ2UEJ5T0pLOVZVOGlqNEkzM1J4QVRGS2hTSWhQdlQxZ3BDSWRSelhEV3BNZVRYbFlHMDZGUkk0TE5uT2pQQzRDNER5dEMxQTdJNkxtWWpwemU3ZWZMNmpEZWVfLUFyY1RxdGJyYms?oc=5\" target=\"_blank\" rel=\"nofollow noopener\">H\u00f8gsesong for d\u00f8dsbrannar: Dette m\u00e5 du vite om alarmen g\u00e5r \u2013 Stor-Oslo<\/a>&nbsp;&nbsp;NRK<\/li>\n<li><a href=\"https:\/\/news.google.com\/rss\/articles\/CBMigwFBVV95cUxOYUlIZENvcmdXa1c1ajNhRTI0aUMzR0E4MURmS3EwYnAxRXV0c1p1X3piR1ExbFVCZThBWmdpSUFSREZHWWxZNzRqTWRtNWVaeHR0TGpFZW1NQjE0d0I4UVlKR3dTOWZObnF5RlpYQmVmc0dSNWJxOGpWZkxxZDV3X0dXbw?oc=5\" target=\"_blank\" rel=\"nofollow noopener\">N\u00e5 skal den sjekkes<\/a>&nbsp;&nbsp;banett.no<\/li>\n<li><a href=\"https:\/\/news.google.com\/rss\/articles\/CBMihAFBVV95cUxNWERiZm5jOUZxWWhZc3hEaEN0VkphVXZSWWV4aHd4bGdfQk43VFlfNzhtNjJ2ZUZUc3BYOERuVThqZEFWQWJmVzRrT0ZoSTAtZHFTOTZjNkN1WHBoMGdUWk16SWQxTDMtMVpUa0NFRDYxUVkyYTNmNW5LTV9KODJWeGdzVlM?oc=5\" target=\"_blank\" rel=\"nofollow noopener\">Brann, Ulykker | Dobbelt s\u00e5 mange d\u00f8r i desember: \u2013 Gj\u00f8r dette n\u00e5!<\/a>&nbsp;&nbsp;Oppland Arbeiderblad<\/li>\n<li><a href=\"https:\/\/news.google.com\/rss\/articles\/CBMiqAFBVV95cUxPOFVsRjBRNFZMNTZKZnhHYWUyRHN5WG9wZ2wzSkhjazhlRVFYNWlxT2dkR0JrRF9vVnFEa19FZWt0Q3cyNV83OXdWN3B5eFFHS29zUHl2MDdCenlUdFU1cFMxRTZzRmF2T294M292RUdWZEs4LW9EOVVoRHYwN2dtM2ZKZDVYSjVDcEo2dklWWGpyZzVISUwta3hHbkpIZE5keHN0ZXBUeXM?oc=5\" target=\"_blank\" rel=\"nofollow noopener\">135 boligbranner p\u00e5 fem \u00e5r: \u2013 I dag b\u00f8r alle sjekke r\u00f8ykvarsleren sin<\/a>&nbsp;&nbsp;Ringerikes Blad<\/li>\n<\/ol>\n","protected":false},"excerpt":{"rendered":"Sunnfjord kommune, Brannf\u00f8rebyggar | Kor tid sist sjekka du r\u00f8ykvarslaren din?&nbsp;&nbsp;Firda H\u00f8gsesong for d\u00f8dsbrannar: Dette m\u00e5 du vite&hellip;\n","protected":false},"author":2,"featured_media":101216,"comment_status":"","ping_status":"","sticky":false,"template":"","format":"standard","meta":{"footnotes":""},"categories":[5],"tags":[20,21,24,25,15,19,22,23,17,18,13,30,28,29,14,16,26,27],"class_list":{"0":"post-101215","1":"post","2":"type-post","3":"status-publish","4":"format-standard","5":"has-post-thumbnail","7":"category-overskrifter","8":"tag-breaking-news","9":"tag-breakingnews","10":"tag-featured-news","11":"tag-featurednews","12":"tag-headlines","13":"tag-hovedoppslag","14":"tag-latest-news","15":"tag-latestnews","16":"tag-main-news","17":"tag-mainnews","18":"tag-news","19":"tag-no","20":"tag-norge","21":"tag-norway","22":"tag-nyheter","23":"tag-overskrifter","24":"tag-top-stories","25":"tag-topstories"},"share_on_mastodon":{"url":"https:\/\/pubeurope.com\/@no\/115643583374407795","error":""},"_links":{"self":[{"href":"https:\/\/www.europesays.com\/no\/wp-json\/wp\/v2\/posts\/101215","targetHints":{"allow":["GET"]}}],"collection":[{"href":"https:\/\/www.europesays.com\/no\/wp-json\/wp\/v2\/posts"}],"about":[{"href":"https:\/\/www.europesays.com\/no\/wp-json\/wp\/v2\/types\/post"}],"author":[{"embeddable":true,"href":"https:\/\/www.europesays.com\/no\/wp-json\/wp\/v2\/users\/2"}],"replies":[{"embeddable":true,"href":"https:\/\/www.europesays.com\/no\/wp-json\/wp\/v2\/comments?post=101215"}],"version-history":[{"count":0,"href":"https:\/\/www.europesays.com\/no\/wp-json\/wp\/v2\/posts\/101215\/revisions"}],"wp:featuredmedia":[{"embeddable":true,"href":"https:\/\/www.europesays.com\/no\/wp-json\/wp\/v2\/media\/101216"}],"wp:attachment":[{"href":"https:\/\/www.europesays.com\/no\/wp-json\/wp\/v2\/media?parent=101215"}],"wp:term":[{"taxonomy":"category","embeddable":true,"href":"https:\/\/www.europesays.com\/no\/wp-json\/wp\/v2\/categories?post=101215"},{"taxonomy":"post_tag","embeddable":true,"href":"https:\/\/www.europesays.com\/no\/wp-json\/wp\/v2\/tags?post=101215"}],"curies":[{"name":"wp","href":"https:\/\/api.w.org\/{rel}","templated":true}]}}