{"id":101219,"date":"2025-12-01T09:31:13","date_gmt":"2025-12-01T09:31:13","guid":{"rendered":"https:\/\/www.europesays.com\/no\/101219\/"},"modified":"2025-12-01T09:31:13","modified_gmt":"2025-12-01T09:31:13","slug":"na-er-en-barnehageansatt-tiltalt","status":"publish","type":"post","link":"https:\/\/www.europesays.com\/no\/101219\/","title":{"rendered":"N\u00e5 er en barnehage\u00adansatt tiltalt"},"content":{"rendered":"\n<p class=\"_lead_o9xde_2 _lead_xtcu6_50 layout-component text-serif-m layout-normal text-serif-l layout-component layout-wide layout-padded _wide_17hqh_1 layout-padded\">Gutten har f\u00e5tt varige skader av uavklart omfang etter at han falt ut av et vindu p\u00e5 en tur med barnehagen i mai.<\/p>\n<ul aria-hidden=\"true\" class=\"_images_1uft6_111\">\n<li><a class=\"_link_1uft6_116\" href=\"https:\/\/www.vg.no\/forfatter\/synne-eggum-myrvang\" style=\"z-index:1\" title=\"Synne Eggum Myrvang\" rel=\"nofollow noopener\" target=\"_blank\"><img alt=\"Bilde av Synne Eggum Myrvang\" class=\"_image_1uft6_93\" fetchpriority=\"low\" loading=\"lazy\" decoding=\"async\" itemprop=\"image\"  src=\"https:\/\/www.europesays.com\/no\/wp-content\/uploads\/2025\/12\/cb0de739-d6fc-42ac-b090-963b122bad0d\"  width=\"480\"\/><\/a><\/li>\n<\/ul>\n<p> Oppdatert mandag 1. desember kl. 10:21    <\/p>\n<ul class=\"_list_o9xde_3 _list_64s2r_85 _unordered_o9xde_106 text-sans-m\">\n<li class=\"_item_o9xde_30\">En fem\u00e5ring fikk varige skader etter et fall fra et vindu p\u00e5 tur i Kvam i Hardanger med barnehagen i mai.<\/li>\n<li class=\"_item_o9xde_30\">En ansatt ved barnehagen er tiltalt for \u00e5 uaktsomt ha forvoldt betydelig skade. <\/li>\n<li class=\"_item_o9xde_30\">Forsvareren \u00f8nsker ikke \u00e5 kommentere hvordan den barnehageansatte stiller seg til tiltalen. <\/li>\n<\/ul>\n<p>Vis mer <\/p>\n<p class=\"_paragraph_o9xde_4 _paragraph_xtcu6_10 layout-component text-serif-m layout-normal text-serif-m layout-padded\">Ulykken skjedde 20. mai i \u00e5r. <\/p>\n<p class=\"_paragraph_o9xde_4 _paragraph_xtcu6_10 layout-component text-serif-m layout-normal text-serif-m layout-padded\">17 barn og fem voksne fra en Eventus-barnehage var p\u00e5 overnattingstur med f\u00f8rskolebarna i Kvam i Hardanger, da en av fem\u00e5ringene falt ut av et vindu og falt litt over fire meter. <\/p>\n<p class=\"_paragraph_o9xde_4 _paragraph_xtcu6_10 layout-component text-serif-m layout-normal text-serif-m layout-padded\"><strong class=\"_strong_o9xde_25\">En barnehageansatt ble mistenkt for \u00e5 uaktsomt ha forvoldt betydelig skade, og er n\u00e5 tiltalt for det samme i saken. <\/strong><\/p>\n<p class=\"_paragraph_o9xde_4 _paragraph_xtcu6_10 layout-component text-serif-m layout-normal text-serif-m layout-padded\">I tiltalen st\u00e5r det forklart at den ansatte tok av vindussikringen da vedkommende selv skulle legge seg slik at vinduet kunne \u00e5pnes helt opp, dro ned persiennen og la tre b\u00f8ker p\u00e5 kanten. <\/p>\n<p class=\"_paragraph_o9xde_4 _paragraph_xtcu6_10 layout-component text-serif-m layout-normal text-serif-m layout-padded\">Morgenen etter forlot barna soverommet, og den ansatte gjorde det samme, men satte ikke sikringen p\u00e5 igjen, if\u00f8lge tiltalen. <\/p>\n<p class=\"_paragraph_o9xde_4 _paragraph_xtcu6_10 layout-component text-serif-m layout-normal text-serif-m layout-padded\">Senere den morgenen gikk gutten inn p\u00e5 rommet igjen og falt ut av det \u00e5pne vinduet og 4,27 meter ned p\u00e5 bakken.<\/p>\n<p class=\"_paragraph_o9xde_4 _paragraph_xtcu6_10 layout-component text-serif-m layout-normal text-serif-m layout-padded\">Den ansattes forsvarer Torbj\u00f8rn Kol\u00e5s Sognefest \u00f8nsker p\u00e5 n\u00e5v\u00e6rende tidspunkt ikke \u00e5 kommentere hvordan hans klient stiller seg til tiltalen. <\/p>\n<p class=\"_paragraph_o9xde_4 _paragraph_xtcu6_10 layout-component text-serif-m layout-normal text-serif-m layout-padded\"><strong class=\"_strong_o9xde_25\">\u2013 Klienten ser frem til \u00e5 f\u00e5 saken opp og avgjort i retten og lagt den bak seg, sier Sognefest. <\/strong><\/p>\n<p class=\"_paragraph_o9xde_4 _paragraph_xtcu6_10 layout-component text-serif-m layout-normal text-serif-m layout-padded\">\u2013 Dette er en tragisk sak p\u00e5 alle vis, sier han videre. <\/p>\n<p class=\"_paragraph_o9xde_4 _paragraph_xtcu6_10 layout-component text-serif-m layout-normal text-serif-m layout-padded\">Hege Falch bist\u00e5r gutten, som fortsatt f\u00e5r oppf\u00f8lging for skadene han fikk. Hun har nylig forklart f\u00f8lgende om skadene:<\/p>\n<p class=\"_paragraph_o9xde_4 _paragraph_xtcu6_10 layout-component text-serif-m layout-normal text-serif-m layout-padded\">\u2013 Han fikk en alvorlig hjernebl\u00f8dning etter fallet som han ble operert for, sier hun til VG.<\/p>\n<p class=\"_paragraph_o9xde_4 _paragraph_xtcu6_10 layout-component text-serif-m layout-normal text-serif-m layout-padded\">Han var f\u00f8rst \u00e9n uke i intensivavdeling og deretter 10 uker innlagt ved barne- og ungdomsklinikken, forteller hun. I dag f\u00e5r gutten oppf\u00f8lging hjemmefra. <\/p>\n<p class=\"_paragraph_o9xde_4 _paragraph_xtcu6_10 layout-component text-serif-m layout-normal text-serif-m layout-padded\"><strong class=\"_strong_o9xde_25\">\u2013 Han har f\u00e5tt varige m\u00e9n, men det endelige omfanget av skadene er det for tidlig \u00e5 si noe om. Han har f\u00e5tt en lettgradig halvsidig lammelse som dessverre ser ut til \u00e5 v\u00e6re varig.<\/strong><\/p>\n","protected":false},"excerpt":{"rendered":"Gutten har f\u00e5tt varige skader av uavklart omfang etter at han falt ut av et vindu p\u00e5 en&hellip;\n","protected":false},"author":2,"featured_media":101220,"comment_status":"","ping_status":"","sticky":false,"template":"","format":"standard","meta":{"footnotes":""},"categories":[10],"tags":[838,20,21,24,25,15,22,23,13,30,28,29,14,16,26,27,51,1582,1995],"class_list":{"0":"post-101219","1":"post","2":"type-post","3":"status-publish","4":"format-standard","5":"has-post-thumbnail","7":"category-norge","8":"tag-barnehage","9":"tag-breaking-news","10":"tag-breakingnews","11":"tag-featured-news","12":"tag-featurednews","13":"tag-headlines","14":"tag-latest-news","15":"tag-latestnews","16":"tag-news","17":"tag-no","18":"tag-norge","19":"tag-norway","20":"tag-nyheter","21":"tag-overskrifter","22":"tag-top-stories","23":"tag-topstories","24":"tag-ulykke","25":"tag-vestland","26":"tag-vghelseoglivet"},"share_on_mastodon":{"url":"https:\/\/pubeurope.com\/@no\/115643618950071782","error":""},"_links":{"self":[{"href":"https:\/\/www.europesays.com\/no\/wp-json\/wp\/v2\/posts\/101219","targetHints":{"allow":["GET"]}}],"collection":[{"href":"https:\/\/www.europesays.com\/no\/wp-json\/wp\/v2\/posts"}],"about":[{"href":"https:\/\/www.europesays.com\/no\/wp-json\/wp\/v2\/types\/post"}],"author":[{"embeddable":true,"href":"https:\/\/www.europesays.com\/no\/wp-json\/wp\/v2\/users\/2"}],"replies":[{"embeddable":true,"href":"https:\/\/www.europesays.com\/no\/wp-json\/wp\/v2\/comments?post=101219"}],"version-history":[{"count":0,"href":"https:\/\/www.europesays.com\/no\/wp-json\/wp\/v2\/posts\/101219\/revisions"}],"wp:featuredmedia":[{"embeddable":true,"href":"https:\/\/www.europesays.com\/no\/wp-json\/wp\/v2\/media\/101220"}],"wp:attachment":[{"href":"https:\/\/www.europesays.com\/no\/wp-json\/wp\/v2\/media?parent=101219"}],"wp:term":[{"taxonomy":"category","embeddable":true,"href":"https:\/\/www.europesays.com\/no\/wp-json\/wp\/v2\/categories?post=101219"},{"taxonomy":"post_tag","embeddable":true,"href":"https:\/\/www.europesays.com\/no\/wp-json\/wp\/v2\/tags?post=101219"}],"curies":[{"name":"wp","href":"https:\/\/api.w.org\/{rel}","templated":true}]}}