{"id":101225,"date":"2025-12-01T09:38:11","date_gmt":"2025-12-01T09:38:11","guid":{"rendered":"https:\/\/www.europesays.com\/no\/101225\/"},"modified":"2025-12-01T09:38:11","modified_gmt":"2025-12-01T09:38:11","slug":"det-er-ren-flaks-at-det-ikke-skjedde-en-ulykke","status":"publish","type":"post","link":"https:\/\/www.europesays.com\/no\/101225\/","title":{"rendered":"\u2013 Det er ren flaks at det ikke skjedde en ulykke"},"content":{"rendered":"\n<p class=\"_lead_o9xde_2 _lead_xtcu6_50 layout-component text-serif-m layout-normal text-serif-l layout-component layout-wide layout-padded _wide_17hqh_1 layout-padded\">If\u00f8lge Expressen var farten rundt 130\u2013140 km\/t. De er ogs\u00e5 mistenkt for fyllekj\u00f8ring. <\/p>\n<p>Aktiver kart<\/p>\n<ul aria-hidden=\"true\" class=\"_images_1uft6_111\">\n<li><a class=\"_link_1uft6_116\" href=\"https:\/\/www.vg.no\/forfatter\/hedda-kurseth\" style=\"z-index:1\" title=\"Hedda Kurseth\" rel=\"nofollow noopener\" target=\"_blank\"><img alt=\"Bilde av Hedda Kurseth\" class=\"_image_1uft6_93\" fetchpriority=\"low\" loading=\"lazy\" decoding=\"async\" itemprop=\"image\"  src=\"https:\/\/www.europesays.com\/no\/wp-content\/uploads\/2025\/12\/b6ad06ce-2f4e-4492-9dd9-7cfbdae81f6d\"  width=\"480\"\/><\/a><\/li>\n<\/ul>\n<p> Oppdatert mandag 1. desember kl. 10:23    <\/p>\n<ul class=\"_list_o9xde_3 _list_64s2r_85 _unordered_o9xde_106 text-sans-m\">\n<li class=\"_item_o9xde_30\">To nordmenn ble p\u00e5grepet etter \u00e5 ha kj\u00f8rt i feil kj\u00f8reretning p\u00e5 E6 i Sverige.<\/li>\n<li class=\"_item_o9xde_30\">Bilen ble stoppet s\u00f8r for Stenungsund, etter \u00e5 ha kj\u00f8rt 60-80 km i feil kj\u00f8reretning. <\/li>\n<li class=\"_item_o9xde_30\">De er mistenkt for fyllekj\u00f8ring, grov hensynsl\u00f8s kj\u00f8ring og narkotikaovertredelse.<\/li>\n<li class=\"_item_o9xde_30\">Svensk politi sier det er flaks at ingen ulykke skjedde.<\/li>\n<\/ul>\n<p>Vis mer <\/p>\n<p class=\"_paragraph_o9xde_4 _paragraph_xtcu6_10 layout-component text-serif-m layout-normal text-serif-m layout-padded\">Det svenske politiet var p\u00e5 jobb i natt. <\/p>\n<p class=\"_paragraph_o9xde_4 _paragraph_xtcu6_10 layout-component text-serif-m layout-normal text-serif-m layout-padded\">Litt over midnatt fikk de meldinger fra folk om en vinglete bil s\u00f8r for Str\u00f8mstad. Da politiet lokaliserte bilen p\u00e5 E6, kj\u00f8rte den i feil kj\u00f8reretning. <\/p>\n<p class=\"_paragraph_o9xde_4 _paragraph_xtcu6_10 layout-component text-serif-m layout-normal text-serif-m layout-padded\">Bilen kj\u00f8rte da i s\u00f8rg\u00e5ende kj\u00f8reretning i nordg\u00e5ende kj\u00f8refelt helt fra Str\u00f8mstad og ned mot Stenungsund i <a href=\"https:\/\/www.vg.no\/tag\/sverige?utm_source=vg-article&amp;utm_medium=auto-tagger&amp;utm_campaign=gka2Qq\" class=\"_link_o9xde_39\" rel=\"nofollow noopener\" target=\"_blank\">Sverige<\/a>. <\/p>\n<p class=\"_paragraph_o9xde_4 _paragraph_xtcu6_10 layout-component text-serif-m layout-normal text-serif-m layout-padded\">\u2013 Avstanden bilen kj\u00f8rer er 60\u201380 km, sier Martin Hallberg i det svenske politiet til <a href=\"https:\/\/www.expressen.se\/nyheter\/expressen-direkt\/?post=187bfca7-a58a-47af-a420-f3ec907a8146\" class=\"_link_o9xde_39\" rel=\"nofollow noopener\" target=\"_blank\">Expressen<\/a>. <\/p>\n<p class=\"_paragraph_o9xde_4 _paragraph_xtcu6_10 layout-component text-serif-m layout-normal text-serif-m layout-padded\">Bilen hadde en fart p\u00e5 rundt 130\u2013140 km\/t, sier han til avisen. <\/p>\n<p class=\"_paragraph_o9xde_4 _paragraph_xtcu6_10 layout-component text-serif-m layout-normal text-serif-m layout-padded\">\u2013 Det er ganske mye trafikk og lastebiler p\u00e5 den tiden, sier Hallberg. <\/p>\n<p class=\"_paragraph_o9xde_4 _paragraph_xtcu6_10 layout-component text-serif-m layout-normal text-serif-m layout-padded\">Politiet gjorde flere fors\u00f8k p\u00e5 \u00e5 f\u00e5 bilen til \u00e5 stanse. <\/p>\n<p class=\"_paragraph_o9xde_4 _paragraph_xtcu6_10 layout-component text-serif-m layout-normal text-serif-m layout-padded\"><strong class=\"_strong_o9xde_25\">S\u00f8r for Stenungsund i Sverige ble bilen stoppet og to nordmenn blir p\u00e5grepet. <\/strong><\/p>\n<p class=\"_paragraph_o9xde_4 _paragraph_xtcu6_10 layout-component text-serif-m layout-normal text-serif-m layout-padded\">De er mistenkt for rusp\u00e5virket kj\u00f8ring, grov hensynsl\u00f8s kj\u00f8ring, fremkalling av fare for allmennheten og narkotikaovertredelse. <\/p>\n<p class=\"_paragraph_o9xde_4 _paragraph_xtcu6_10 layout-component text-serif-m layout-normal text-serif-m layout-padded\">\u2013 Det er bare ren flaks at det ikke skjedde en ulykke her, sier Hallberg til <a href=\"https:\/\/www.aftonbladet.se\/nyheter\/a\/Rr77qd\/aftonbladet-direkt?pinnedEntry=1428763\" class=\"_link_o9xde_39\" rel=\"nofollow noopener\" target=\"_blank\">Aftonbladet. <\/a><\/p>\n<p>    <img decoding=\"async\" alt=\"Tips oss illustrasjon\" src=\"https:\/\/www.europesays.com\/no\/wp-content\/uploads\/2025\/10\/pssst-small.webp.webp\"\/>    <\/p>\n<p class=\"title-serif-s\">Har du tips?<\/p>\n<p class=\"text-sans-m\">Send oss informasjon, bilder eller video.<\/p>\n<p>  <a href=\"https:\/\/www.vg.no\/tips-oss\" rel=\"nofollow noopener\" target=\"_blank\"> Tips oss <\/a>      <\/p>\n","protected":false},"excerpt":{"rendered":"If\u00f8lge Expressen var farten rundt 130\u2013140 km\/t. De er ogs\u00e5 mistenkt for fyllekj\u00f8ring. Aktiver kart Oppdatert mandag 1.&hellip;\n","protected":false},"author":2,"featured_media":101226,"comment_status":"","ping_status":"","sticky":false,"template":"","format":"standard","meta":{"footnotes":""},"categories":[12],"tags":[31,20,21,834,24,25,15,22,23,13,30,28,29,14,16,254,1359,26,27,42,43,44,45],"class_list":{"0":"post-101225","1":"post","2":"type-post","3":"status-publish","4":"format-standard","5":"has-post-thumbnail","7":"category-verden","8":"tag-breaking","9":"tag-breaking-news","10":"tag-breakingnews","11":"tag-e6","12":"tag-featured-news","13":"tag-featurednews","14":"tag-headlines","15":"tag-latest-news","16":"tag-latestnews","17":"tag-news","18":"tag-no","19":"tag-norge","20":"tag-norway","21":"tag-nyheter","22":"tag-overskrifter","23":"tag-politi","24":"tag-sverige","25":"tag-top-stories","26":"tag-topstories","27":"tag-verden","28":"tag-world","29":"tag-world-news","30":"tag-worldnews"},"share_on_mastodon":{"url":"https:\/\/pubeurope.com\/@no\/115643646391709752","error":""},"_links":{"self":[{"href":"https:\/\/www.europesays.com\/no\/wp-json\/wp\/v2\/posts\/101225","targetHints":{"allow":["GET"]}}],"collection":[{"href":"https:\/\/www.europesays.com\/no\/wp-json\/wp\/v2\/posts"}],"about":[{"href":"https:\/\/www.europesays.com\/no\/wp-json\/wp\/v2\/types\/post"}],"author":[{"embeddable":true,"href":"https:\/\/www.europesays.com\/no\/wp-json\/wp\/v2\/users\/2"}],"replies":[{"embeddable":true,"href":"https:\/\/www.europesays.com\/no\/wp-json\/wp\/v2\/comments?post=101225"}],"version-history":[{"count":0,"href":"https:\/\/www.europesays.com\/no\/wp-json\/wp\/v2\/posts\/101225\/revisions"}],"wp:featuredmedia":[{"embeddable":true,"href":"https:\/\/www.europesays.com\/no\/wp-json\/wp\/v2\/media\/101226"}],"wp:attachment":[{"href":"https:\/\/www.europesays.com\/no\/wp-json\/wp\/v2\/media?parent=101225"}],"wp:term":[{"taxonomy":"category","embeddable":true,"href":"https:\/\/www.europesays.com\/no\/wp-json\/wp\/v2\/categories?post=101225"},{"taxonomy":"post_tag","embeddable":true,"href":"https:\/\/www.europesays.com\/no\/wp-json\/wp\/v2\/tags?post=101225"}],"curies":[{"name":"wp","href":"https:\/\/api.w.org\/{rel}","templated":true}]}}