{"id":101250,"date":"2025-12-01T10:16:11","date_gmt":"2025-12-01T10:16:11","guid":{"rendered":"https:\/\/www.europesays.com\/no\/101250\/"},"modified":"2025-12-01T10:16:11","modified_gmt":"2025-12-01T10:16:11","slug":"nyheter-bergen-femaring-falt-ut-av-vindu-fire-meter-over-bakken-barnehageansatt-tiltalt","status":"publish","type":"post","link":"https:\/\/www.europesays.com\/no\/101250\/","title":{"rendered":"Nyheter, Bergen | Fem\u00e5ring falt ut av vindu fire meter over bakken: Barnehageansatt tiltalt"},"content":{"rendered":"\n<p>Den fem \u00e5r gamle gutten, som n\u00e5 er fylt seks \u00e5r, var p\u00e5 tur med f\u00f8rskolegruppen i barnehagen da han <a href=\"https:\/\/www.ba.no\/politiet-barn-hentet-av-luftambulansen-etter-ulykke-i-kvam\/s\/5-8-3027396\" rel=\"Follow nofollow noopener\" target=\"_blank\">falt ut av et soveromsvindu fra en bolig i Kvam 20. mai.<\/a> Han ble fl\u00f8yet til Haukeland sykehus i en luftambulanse.<\/p>\n<p>\u2013 Barnet fikk en alvorlig hjernebl\u00f8dning etter fallet, og ble akutt operert, uttalte bistandsadvokat Hege Falch til BA tidligere i h\u00f8st.<\/p>\n<p><b>N\u00e5 er en kvinnelig barnehageansatt tiltalt i saken. <a href=\"https:\/\/www.vg.no\/nyheter\/i\/GxlORq\/femaaring-ble-alvorlig-skadet-i-fallulykke-naa-er-en-barnehageansatt-tiltalt\" rel=\"Follow nofollow noopener\" target=\"_blank\">VG <\/a>omtalte dette f\u00f8rst mandag.<\/b><\/p>\n<p>\u2013 Dette er en tragisk sak for alle som er involvert, sier den ansattes forsvarer Torbj\u00f8rn Sognefest til BA.<\/p>\n<p>Dette skal ha skjedd<\/p>\n<p>Den ansatte er tiltalt for \u00e5 uaktsomt ha forvoldt betydelig skade.<\/p>\n<p>I tiltalen st\u00e5r det beskrevet at den ansatte forlot soverommet en morgen mens vinduet var \u00e5pent og uten at sikringen var p\u00e5. Senere samme morgen kom barnet inn p\u00e5 rommet, og falt ut av det \u00e5pne vinduet.<\/p>\n<p>Fallet var p\u00e5 over fire meter og har gitt gutten varige skader.<\/p>\n<p>  <a href=\"https:\/\/www.ba.no\/5-8-3045446\" class=\"related-teaser has-image default-story-teaser article--c-eRUmMG article--c-eRUmMG-jKCPdD-design-default\" rel=\"nofollow noopener\" target=\"_blank\"><\/p>\n<p>    <img decoding=\"async\" loading=\"lazy\"  src=\"https:\/\/www.europesays.com\/no\/wp-content\/uploads\/2025\/12\/bildetiandresaken.jpg\" alt=\"\" class=\"brick-c-cFOWSL\" style=\"\"\/><\/p>\n<p>\n            Les ogs\u00e5<\/p>\n<p>              Foreldrene etter barnehageulykken: \u2013 Han er i bedring\n        <\/p>\n<p>  <\/a><\/p>\n<p>Politiadvokat Marcus \u00d8. Monsen er p\u00e5taleansvarlig i saken.<\/p>\n<p><b>\u2013 Vi mener at tiltalte ikke har handlet med vilje, men at vedkommende har v\u00e6rt uaktsom. At tiltalte kan bebreides for det uhellet som deretter inntraff, sier han til BA.<\/b><\/p>\n<p>Innlagt i elleve uker<\/p>\n<p>Gutten var f\u00f8rst innlagt p\u00e5 intensivavdelingen i \u00e9n uke, og deretter overf\u00f8rt til Barne- og ungdomsklinikken hvor han var i ti uker f\u00f8r han ble utskrevet, if\u00f8lge bistandsadvokat Falch.<\/p>\n<p>Hun forteller at gutten n\u00e5 f\u00e5r videre oppf\u00f8lging hjemme.<\/p>\n<p>\u2013 Han har f\u00e5tt en lettgradig halvsidig lammelse, som ser ut til \u00e5 v\u00e6re varig. Det er for tidlig \u00e5 vurdere endelig skadeomfang for spr\u00e5klig og kognitiv vurdering, opplyser Falch.<\/p>\n<p>   <img decoding=\"async\" width=\"3888\" height=\"2592\" fetchpriority=\"low\"  loading=\"lazy\"  src=\"https:\/\/www.europesays.com\/no\/wp-content\/uploads\/2025\/12\/cc20e63a-c695-4e1a-837f-f18b3fa0b5a8.jpeg\" alt=\"En kvinne (21) er tiltalt for bedrageri etter at hun skal ha svindlet jentene p\u00e5 russebussen sin (21 jenter). De trodde de overf\u00f8rte penger til busskontoen, men det gikk i bussjefens egen lomme.&#10;&#10;&#10;Rettsaken startet mandag 26.08.24.&#10;&#10;&#10;Aktor: Andre Jakobsen&#10;&#10;Forsvarer: Bertil Hast R\u00f8nnestad&#10;&#10;Bistandsadvokat: Hege Falch\" class=\"brick-c-cFOWSL\" style=\"--brick-image-ratio: 3888 \/ 2592;\"\/><\/p>\n<p>      Hege Falch er guttens bistandsadvokat.<br \/>\n      Foto: Truls Skram Ler\u00f8\n    <\/p>\n<p>Politiet har tidligere opplyst at den ansatte ikke erkjenner straffskyld. Forsvarer Sognefest vil ikke kommentere hvordan hun stiller seg til tiltalen.<\/p>\n<p>\u2013 Hun vil at saken skal opp i retten og bli avgjort, slik at hun kan f\u00e5 lagt den bak seg. Dette er en tragisk sak, gjentar han.<\/p>\n<p>Har tatt sikkerhetsgrep<\/p>\n<p>Totalt var det 17 f\u00f8rskolebarn og fem voksne fra en Eventus-barnehage i en av Bergens omegnskommuner p\u00e5 overnattingsturen.<\/p>\n<p>Kjetil Hopen, eier av barnehagekjeden, bekrefter overfor BA at den ansatte fremdeles jobber i barnehagen.<\/p>\n<p>\u2013 Det er en tragisk ulykke som har f\u00f8rt til at en av v\u00e5re ansatte er tiltalt, og det er klart at det er t\u00f8ft for henne. V\u00e5rt hovedfokus er \u00e5 ta vare p\u00e5 henne og de andre ansatte som var med p\u00e5 denne turen. S\u00e5 tenker vi at p\u00e5talemyndigheten m\u00e5 f\u00e5 gj\u00f8re sin jobb, sier Hopen.<\/p>\n<p>Etter ulykken har barnehagen g\u00e5tt gjennom alle sine sikkerhetsrutiner. If\u00f8lge eieren ga politiet dem skryt for at b\u00e5de bemanning og rutiner var gode under etterforskningen. Likevel har barnehagen tatt nye sikkerhetsgrep etter ulykken.<\/p>\n<p><b>Hopen forteller at barnehagen har montert opp ekstra sikring p\u00e5 alle vinduer.<\/b><\/p>\n<p>\u2013 N\u00e5 kan ingen vinduer \u00e5pnes mer enn ni centimeter, sier han.<\/p>\n<p>Han sier at barnehagen ogs\u00e5 har god dialog med barnets foreldre.<\/p>\n<p>\u2013 Det vi kan gj\u00f8re n\u00e5 er \u00e5 ta vare p\u00e5 de ansatte, barna i barnehagen og deres foreldre.<\/p>\n<p>Omfattende etterforskning<\/p>\n<p>Politiet har foretatt en omfattende etterforskning etter hendelsen i mai i \u00e5r.<\/p>\n<p>\u2013 Vi har foretatt avh\u00f8r av flere ansatte i barnehagen og har gjort unders\u00f8kelser p\u00e5 \u00e5stedet. Det er innhentet sakkyndige uttalelser og helsedokumentasjon knyttet til forn\u00e6rmede, sier Monsen.<\/p>\n<p>I tillegg er det gjennomf\u00f8rt et tilrettelagt avh\u00f8r av et barn som ble vitne til ulykken, sier han.<\/p>\n<p><b>Saken er sendt til beramming til Hardanger og Voss tingrett, og saken kommer opp for retten en gang ut p\u00e5 ny\u00e5ret.<\/b><\/p>\n<p>  <a href=\"https:\/\/www.ba.no\/5-8-3041508\" class=\"related-teaser default-story-teaser article--c-eRUmMG article--c-eRUmMG-jKCPdD-design-default article--c-eRUmMG-kpKLOW-cv\" rel=\"nofollow noopener\" target=\"_blank\"><\/p>\n<p>\n            Les ogs\u00e5<\/p>\n<p>              Fallulykken i Kvam: \u2013 Gutten er bevisst og stabil\n        <\/p>\n<p>  <\/a><\/p>\n<p>  <a href=\"https:\/\/www.ba.no\/5-8-3037596\" class=\"related-teaser has-image default-story-teaser article--c-eRUmMG article--c-eRUmMG-jKCPdD-design-default\" rel=\"nofollow noopener\" target=\"_blank\"><\/p>\n<p>    <img decoding=\"async\" loading=\"lazy\"  src=\"https:\/\/www.europesays.com\/no\/wp-content\/uploads\/2025\/12\/bildetiandresaken.jpg\" alt=\"\" class=\"brick-c-cFOWSL\" style=\"\"\/><\/p>\n<p>\n            Les ogs\u00e5<\/p>\n<p>              Barn har forklart seg til politiet: \u2013 Var vitne til ulykken\n        <\/p>\n<p>  <\/a><\/p>\n<p>  <a href=\"https:\/\/www.ba.no\/5-8-3035250\" class=\"related-teaser has-image default-story-teaser article--c-eRUmMG article--c-eRUmMG-jKCPdD-design-default\" rel=\"nofollow noopener\" target=\"_blank\"><\/p>\n<p>    <img decoding=\"async\" loading=\"lazy\"  src=\"https:\/\/www.europesays.com\/no\/wp-content\/uploads\/2025\/12\/bildetiandresaken.jpg\" alt=\"\" class=\"brick-c-cFOWSL\" style=\"\"\/><\/p>\n<p>\n            Les ogs\u00e5<\/p>\n<p>              Barnehageansatt mistenkt etter fallulykke: \u2013 Erkjenner ikke straffskyld\n        <\/p>\n<p>  <\/a><\/p>\n<p>  <a href=\"https:\/\/www.ba.no\/5-8-3028469\" class=\"related-teaser has-image default-story-teaser article--c-eRUmMG article--c-eRUmMG-jKCPdD-design-default\" rel=\"nofollow noopener\" target=\"_blank\"><\/p>\n<p>    <img decoding=\"async\" loading=\"lazy\"  src=\"https:\/\/www.europesays.com\/no\/wp-content\/uploads\/2025\/12\/montasje.jpg\" alt=\"\" class=\"brick-c-cFOWSL\" style=\"\"\/><\/p>\n<p>\n            Les ogs\u00e5<\/p>\n<p>              Gutt (5) alvorlig skadet: \u2013 Vi skjermet de andre barna\n        <\/p>\n<p>  <\/a><\/p>\n<p>  <a href=\"https:\/\/www.ba.no\/5-8-3027888\" class=\"related-teaser default-story-teaser article--c-eRUmMG article--c-eRUmMG-jKCPdD-design-default article--c-eRUmMG-kpKLOW-cv\" rel=\"nofollow noopener\" target=\"_blank\"><\/p>\n<p>\n            Les ogs\u00e5<\/p>\n<p>              Barnehageleder: \u2013 Vi har fullt fokus p\u00e5 \u00e5 ta vare p\u00e5 barnet\n        <\/p>\n<p>  <\/a><\/p>\n","protected":false},"excerpt":{"rendered":"Den fem \u00e5r gamle gutten, som n\u00e5 er fylt seks \u00e5r, var p\u00e5 tur med f\u00f8rskolegruppen i barnehagen&hellip;\n","protected":false},"author":2,"featured_media":101251,"comment_status":"","ping_status":"","sticky":false,"template":"","format":"standard","meta":{"footnotes":""},"categories":[10],"tags":[36,444,20,21,24,25,15,22,23,13,30,28,29,14,16,5750,1510,26,27,51],"class_list":{"0":"post-101250","1":"post","2":"type-post","3":"status-publish","4":"format-standard","5":"has-post-thumbnail","7":"category-norge","8":"tag-art","9":"tag-bergen","10":"tag-breaking-news","11":"tag-breakingnews","12":"tag-featured-news","13":"tag-featurednews","14":"tag-headlines","15":"tag-latest-news","16":"tag-latestnews","17":"tag-news","18":"tag-no","19":"tag-norge","20":"tag-norway","21":"tag-nyheter","22":"tag-overskrifter","23":"tag-rettssaker","24":"tag-story","25":"tag-top-stories","26":"tag-topstories","27":"tag-ulykke"},"share_on_mastodon":{"url":"https:\/\/pubeurope.com\/@no\/115643795975419261","error":""},"_links":{"self":[{"href":"https:\/\/www.europesays.com\/no\/wp-json\/wp\/v2\/posts\/101250","targetHints":{"allow":["GET"]}}],"collection":[{"href":"https:\/\/www.europesays.com\/no\/wp-json\/wp\/v2\/posts"}],"about":[{"href":"https:\/\/www.europesays.com\/no\/wp-json\/wp\/v2\/types\/post"}],"author":[{"embeddable":true,"href":"https:\/\/www.europesays.com\/no\/wp-json\/wp\/v2\/users\/2"}],"replies":[{"embeddable":true,"href":"https:\/\/www.europesays.com\/no\/wp-json\/wp\/v2\/comments?post=101250"}],"version-history":[{"count":0,"href":"https:\/\/www.europesays.com\/no\/wp-json\/wp\/v2\/posts\/101250\/revisions"}],"wp:featuredmedia":[{"embeddable":true,"href":"https:\/\/www.europesays.com\/no\/wp-json\/wp\/v2\/media\/101251"}],"wp:attachment":[{"href":"https:\/\/www.europesays.com\/no\/wp-json\/wp\/v2\/media?parent=101250"}],"wp:term":[{"taxonomy":"category","embeddable":true,"href":"https:\/\/www.europesays.com\/no\/wp-json\/wp\/v2\/categories?post=101250"},{"taxonomy":"post_tag","embeddable":true,"href":"https:\/\/www.europesays.com\/no\/wp-json\/wp\/v2\/tags?post=101250"}],"curies":[{"name":"wp","href":"https:\/\/api.w.org\/{rel}","templated":true}]}}