{"id":101257,"date":"2025-12-01T10:23:10","date_gmt":"2025-12-01T10:23:10","guid":{"rendered":"https:\/\/www.europesays.com\/no\/101257\/"},"modified":"2025-12-01T10:23:10","modified_gmt":"2025-12-01T10:23:10","slug":"mann-truet-nora-haukland-na-erkjenner-han-straffskyld","status":"publish","type":"post","link":"https:\/\/www.europesays.com\/no\/101257\/","title":{"rendered":"Mann truet Nora Haukland: N\u00e5 erkjenner han straffskyld"},"content":{"rendered":"\n<p class=\"_lead_o9xde_2 _lead_xtcu6_50 layout-component text-serif-m layout-normal text-serif-l layout-component layout-wide layout-padded _wide_17hqh_1 layout-padded\">En 27 \u00e5r gammel mann truet Nora Haukland med torpedo og kidnapping. <\/p>\n<p><img alt=\" Foto: Mattis Sandblad \/ VG\" class=\"_image_qp4xg_65 layout-component layout-wide\" data-fullscreen- data-track-element-type=\"Article image fullscreen\" data-track-name=\"ImageFullscreen\" fetchpriority=\"high\" decoding=\"sync\" loading=\"eager\" height=\"3872\" itemprop=\"image\"  src=\"https:\/\/www.europesays.com\/no\/wp-content\/uploads\/2025\/12\/e5944d28-5238-43a8-8e9d-197ba55c18b9\"  style=\"object-position:55.32885674931129% 42.27789256198347%\" width=\"5808\"\/> Foto: Mattis Sandblad \/ VG<\/p>\n<ul aria-hidden=\"true\" class=\"_images_1uft6_111\">\n<li><a class=\"_link_1uft6_116\" href=\"https:\/\/www.vg.no\/forfatter\/hannah-solstad-klepp\" style=\"z-index:1\" title=\"Hannah Solstad Klepp\" rel=\"nofollow noopener\" target=\"_blank\"><img alt=\"Bilde av Hannah Solstad Klepp\" class=\"_image_1uft6_93\" fetchpriority=\"low\" loading=\"lazy\" decoding=\"async\" itemprop=\"image\"  src=\"https:\/\/www.europesays.com\/no\/wp-content\/uploads\/2025\/12\/1764584590_777_f811f9c1-64f7-4c50-9133-b5735831a650\"  width=\"480\"\/><\/a><\/li>\n<\/ul>\n<p> Oppdatert mandag 1. desember kl. 09:53     <\/p>\n<p class=\"_paragraph_o9xde_4 _paragraph_xtcu6_10 layout-component text-serif-m layout-normal text-serif-m layout-padded\">Da rettssaken startet i Buskerud tingrett mandag erkjente mannen straffskyld, melder <a href=\"https:\/\/www.dagbladet.no\/nyheter\/en-stor-belastning\/83921161\" class=\"_link_o9xde_39\" rel=\"nofollow noopener\" target=\"_blank\">Dagbladet<\/a>.<\/p>\n<p class=\"_paragraph_o9xde_4 _paragraph_xtcu6_10 layout-component text-serif-m layout-normal text-serif-m layout-padded\">Mannen sendte i september i fjor en e-post til Haukland hvor han <a href=\"https:\/\/www.vg.no\/i\/KMQreo\" data-track-element-type=\"Link\" data-track-id=\"link:KMQreo\" class=\"_link_o9xde_39\" rel=\"nofollow noopener\" target=\"_blank\">truet med \u00e5 sende en torpedo p\u00e5 henne<\/a> dersom hun ikke trakk anmeldelsen mot Marius Borg H\u00f8iby. Det var imidlertid politiet som tok ut anmeldelse mot kronprinsessens eldste s\u00f8nn, ikke Haukland.<\/p>\n<p class=\"_paragraph_o9xde_4 _paragraph_xtcu6_10 layout-component text-serif-m layout-normal text-serif-m layout-padded\"><a href=\"https:\/\/www.vg.no\/i\/GyBjex\" data-track-element-type=\"Link\" data-track-id=\"link:GyBjex\" class=\"_link_o9xde_39\" rel=\"nofollow noopener\" target=\"_blank\">Senere bekreftet politiet at de hadde p\u00e5grepet mannen<\/a>.<\/p>\n<p class=\"_paragraph_o9xde_4 _paragraph_xtcu6_10 layout-component text-serif-m layout-normal text-serif-m layout-padded\">27-\u00e5ringen er ogs\u00e5 tiltalt for \u00e5 ha kontaktet en mann som han ba om \u00e5 kidnappe eller drepe Haukland dersom hun ikke betalte ham \u00e9n million kroner.<\/p>\n<p class=\"_paragraph_o9xde_4 _paragraph_xtcu6_10 layout-component text-serif-m layout-normal text-serif-m layout-padded\">P\u00e5 sp\u00f8rsm\u00e5l om han erkjenner straffskyld, svarer mannen:<\/p>\n<p class=\"_paragraph_o9xde_4 _paragraph_xtcu6_10 layout-component text-serif-m layout-normal text-serif-m layout-padded\">\u2013 Ja.<\/p>\n<p class=\"_paragraph_o9xde_4 _paragraph_xtcu6_10 layout-component text-serif-m layout-normal text-serif-m layout-padded\">Statsadvokaten understreker at det ikke er noe som taler for at tiltalte skulle gjennomf\u00f8re handlingene.<\/p>\n<p class=\"_paragraph_o9xde_4 _paragraph_xtcu6_10 layout-component text-serif-m layout-normal text-serif-m layout-padded\">I tillegg er han tiltalt for trusler mot Stortinget, utpressing av Kjell Inge R\u00f8kke og Aker ASA, samt trusler mot milliard\u00e6r Stein Erik Hagen og flere andre.<\/p>\n<p> Haukland skal vitne<\/p>\n<p class=\"_paragraph_o9xde_4 _paragraph_xtcu6_10 layout-component text-serif-m layout-normal text-serif-m layout-padded\">\u2013 Denne saken har v\u00e6rt en stor belastning for Haukland, men hun ser frem til at saken skal behandles i rettssystemet, sier bistandsadvokat Heidi Reisvang til Dagbladet.<\/p>\n<p class=\"_paragraph_o9xde_4 _paragraph_xtcu6_10 layout-component text-serif-m layout-normal text-serif-m layout-padded\">Haukland skal vitne i rettssaken tirsdag.<\/p>\n<p class=\"_paragraph_o9xde_4 _paragraph_xtcu6_10 layout-component text-serif-m layout-normal text-serif-m layout-padded\">Mannen ble p\u00e5grepet 17. september i fjor og har sittet varetektsfengslet siden mars. En rettspsykiatrisk unders\u00f8kelse konkluderer med lett psykisk utviklingshemming og lett autisme, men han anses \u00e5 ha skyldevne.<\/p>\n<p class=\"_paragraph_o9xde_4 _paragraph_xtcu6_10 layout-component text-serif-m layout-normal text-serif-m layout-padded\">Det er satt av fem dager til rettssaken.<\/p>\n<p>Les ogs\u00e5<\/p>\n","protected":false},"excerpt":{"rendered":"En 27 \u00e5r gammel mann truet Nora Haukland med torpedo og kidnapping. Foto: Mattis Sandblad \/ VG Oppdatert&hellip;\n","protected":false},"author":2,"featured_media":101258,"comment_status":"","ping_status":"","sticky":false,"template":"","format":"standard","meta":{"footnotes":""},"categories":[10],"tags":[20,21,24,25,15,22,23,13,30,831,28,29,14,16,26,27],"class_list":{"0":"post-101257","1":"post","2":"type-post","3":"status-publish","4":"format-standard","5":"has-post-thumbnail","7":"category-norge","8":"tag-breaking-news","9":"tag-breakingnews","10":"tag-featured-news","11":"tag-featurednews","12":"tag-headlines","13":"tag-latest-news","14":"tag-latestnews","15":"tag-news","16":"tag-no","17":"tag-nora-haukland","18":"tag-norge","19":"tag-norway","20":"tag-nyheter","21":"tag-overskrifter","22":"tag-top-stories","23":"tag-topstories"},"share_on_mastodon":{"url":"https:\/\/pubeurope.com\/@no\/115643823394089734","error":""},"_links":{"self":[{"href":"https:\/\/www.europesays.com\/no\/wp-json\/wp\/v2\/posts\/101257","targetHints":{"allow":["GET"]}}],"collection":[{"href":"https:\/\/www.europesays.com\/no\/wp-json\/wp\/v2\/posts"}],"about":[{"href":"https:\/\/www.europesays.com\/no\/wp-json\/wp\/v2\/types\/post"}],"author":[{"embeddable":true,"href":"https:\/\/www.europesays.com\/no\/wp-json\/wp\/v2\/users\/2"}],"replies":[{"embeddable":true,"href":"https:\/\/www.europesays.com\/no\/wp-json\/wp\/v2\/comments?post=101257"}],"version-history":[{"count":0,"href":"https:\/\/www.europesays.com\/no\/wp-json\/wp\/v2\/posts\/101257\/revisions"}],"wp:featuredmedia":[{"embeddable":true,"href":"https:\/\/www.europesays.com\/no\/wp-json\/wp\/v2\/media\/101258"}],"wp:attachment":[{"href":"https:\/\/www.europesays.com\/no\/wp-json\/wp\/v2\/media?parent=101257"}],"wp:term":[{"taxonomy":"category","embeddable":true,"href":"https:\/\/www.europesays.com\/no\/wp-json\/wp\/v2\/categories?post=101257"},{"taxonomy":"post_tag","embeddable":true,"href":"https:\/\/www.europesays.com\/no\/wp-json\/wp\/v2\/tags?post=101257"}],"curies":[{"name":"wp","href":"https:\/\/api.w.org\/{rel}","templated":true}]}}