{"id":101259,"date":"2025-12-01T10:24:11","date_gmt":"2025-12-01T10:24:11","guid":{"rendered":"https:\/\/www.europesays.com\/no\/101259\/"},"modified":"2025-12-01T10:24:11","modified_gmt":"2025-12-01T10:24:11","slug":"i-dag-kommer-det-en-nyhet-pa-vaernes-mn24-no","status":"publish","type":"post","link":"https:\/\/www.europesays.com\/no\/101259\/","title":{"rendered":"I dag kommer det en nyhet p\u00e5 V\u00e6rnes &#8211; mn24.no"},"content":{"rendered":"<ol>\n<li><a href=\"https:\/\/news.google.com\/rss\/articles\/CBMiiAFBVV95cUxOM2ltU3dHcHl5X3EwNEVSdFZiSnp0ekNiSDE2WXNyejRveURqVC1KLUdRVHZMS2NBMkpacU91a0oxVjkyMTJmX3Y3M3YxWUdXRGkyUE9ZQjdRRWxwU1ZBWWNnaHl0VFRZUEJSWVJYd3dSVGRCSVBVLVpUUHVxV1pqbWlGSExUaUct?oc=5\" target=\"_blank\" rel=\"nofollow noopener\">I dag kommer det en nyhet p\u00e5 V\u00e6rnes<\/a>&nbsp;&nbsp;mn24.no<\/li>\n<li><a href=\"https:\/\/news.google.com\/rss\/articles\/CBMiigFBVV95cUxNQVZFUWZ2aUV5bHJUb1MxeWtudU5OOFN6RmZtX0o0LUZXUGhaVUppUWJydnBjR19wdDdjSDRHQXp4Tlo0QTdKSURqTHVwQ3JOdXVscUlaTkFJaS1jQ0lLWUFyZFhxd05QM2VVbWNSMjFjRUZ1UXlPT09YSnVfTjdKOWVWVG1aLVczRHc?oc=5\" target=\"_blank\" rel=\"nofollow noopener\">Bergen Lufthavn, Taxi | Her testes de nye automatene: \u2013 Dummeste jeg har sett<\/a>&nbsp;&nbsp;Bergensavisen<\/li>\n<li><a href=\"https:\/\/news.google.com\/rss\/articles\/CBMirgFBVV95cUxPc21oY2hjSFFZVXNHX2w2VVJldXc1VGpRTVBmc2FRMDB1bTFuM3NNRG1xWDFZZVFwR1gtQlc4OEtBN0RXNDFaVU1tQmVfX0psWnVYRl84aGtQMURIc1RLbFBiOUx3X3BETWI0ZDhaX1pOMlRpdE5mWjM4ejlGS2JCNVZBZFZHczVhTWxLRUFhd3lMRjBxcWhfTzhPS05XZFlULVlULU1ETkoybjlPVUE?oc=5\" target=\"_blank\" rel=\"nofollow noopener\">N\u00e5 plukker taxisj\u00e5f\u00f8r Getachew opp passasjerer p\u00e5 \u00abKiss and fly\u00bb<\/a>&nbsp;&nbsp;Stavanger Aftenblad<\/li>\n<li><a href=\"https:\/\/news.google.com\/rss\/articles\/CBMinwFBVV95cUxQYjlYQmxBQjVvRFc3Nk04YlFONzFvZDgyb1BYNjVaUUlTRl9EbExfaWdpNmpFMnNaRXdGWTZRQng0TXBPSEtrekpKYmZSbGJYQ2k0WHYwMjREOWFxUXVvaWN3eGZNa0tzdW9WN09SMWpfdXpOS3lEVC1NU05DdGhydHBVVjFQRHRXWTZhZC10VDZWUTY5Tm9WaUFrcEFLRmc?oc=5\" target=\"_blank\" rel=\"nofollow noopener\">Nytt system p\u00e5 Flesland: \u2013 Jeg er fortvilet<\/a>&nbsp;&nbsp;Bergens Tidende<\/li>\n<li><a href=\"https:\/\/news.google.com\/rss\/articles\/CBMi7AFBVV95cUxQbUxsOXhpUDhsTlZhSGJYSk1FSGJDOUdZaVFnVTZ6Vno5amlsdjRLY182cC12SkhNTXcwdUxuZllha0lWcXJiTDRFZGZVdHRTSkxPcVkxRW5xSGpUSmJZNTEtQ3Y5aEQ4NnNBQnYzM29HSmZGWE9NcU9MQW9pcVBnc1N4Z0N2THNWbWpSdjNqWEJneWVuWjZRSzFaak9odnp6S2lCd0h5MGJERWlGN2dNRElFUXNLOG1zSWdaSnlQSDVHQmtmZ1FXazdzRm9SaE1uNTRkbE9mcUgyTTBaQ21jU3VpVEEwZVBFRnFKNA?oc=5\" target=\"_blank\" rel=\"nofollow noopener\">Fast Travel starter opp driften av forplassen p\u00e5 Trondheim lufthavn, V\u00e6rnes<\/a>&nbsp;&nbsp;NTB Kommunikasjon<\/li>\n<\/ol>\n","protected":false},"excerpt":{"rendered":"I dag kommer det en nyhet p\u00e5 V\u00e6rnes&nbsp;&nbsp;mn24.no Bergen Lufthavn, Taxi | Her testes de nye automatene: \u2013&hellip;\n","protected":false},"author":2,"featured_media":101260,"comment_status":"","ping_status":"","sticky":false,"template":"","format":"standard","meta":{"footnotes":""},"categories":[5],"tags":[2408,20,21,24,25,15,19,22,23,17,18,13,30,28,29,14,16,26,27,3761,3478],"class_list":{"0":"post-101259","1":"post","2":"type-post","3":"status-publish","4":"format-standard","5":"has-post-thumbnail","7":"category-overskrifter","8":"tag-avinor","9":"tag-breaking-news","10":"tag-breakingnews","11":"tag-featured-news","12":"tag-featurednews","13":"tag-headlines","14":"tag-hovedoppslag","15":"tag-latest-news","16":"tag-latestnews","17":"tag-main-news","18":"tag-mainnews","19":"tag-news","20":"tag-no","21":"tag-norge","22":"tag-norway","23":"tag-nyheter","24":"tag-overskrifter","25":"tag-top-stories","26":"tag-topstories","27":"tag-trondheim-lufthavn","28":"tag-vaernes"},"share_on_mastodon":{"url":"https:\/\/pubeurope.com\/@no\/115643827164198570","error":""},"_links":{"self":[{"href":"https:\/\/www.europesays.com\/no\/wp-json\/wp\/v2\/posts\/101259","targetHints":{"allow":["GET"]}}],"collection":[{"href":"https:\/\/www.europesays.com\/no\/wp-json\/wp\/v2\/posts"}],"about":[{"href":"https:\/\/www.europesays.com\/no\/wp-json\/wp\/v2\/types\/post"}],"author":[{"embeddable":true,"href":"https:\/\/www.europesays.com\/no\/wp-json\/wp\/v2\/users\/2"}],"replies":[{"embeddable":true,"href":"https:\/\/www.europesays.com\/no\/wp-json\/wp\/v2\/comments?post=101259"}],"version-history":[{"count":0,"href":"https:\/\/www.europesays.com\/no\/wp-json\/wp\/v2\/posts\/101259\/revisions"}],"wp:featuredmedia":[{"embeddable":true,"href":"https:\/\/www.europesays.com\/no\/wp-json\/wp\/v2\/media\/101260"}],"wp:attachment":[{"href":"https:\/\/www.europesays.com\/no\/wp-json\/wp\/v2\/media?parent=101259"}],"wp:term":[{"taxonomy":"category","embeddable":true,"href":"https:\/\/www.europesays.com\/no\/wp-json\/wp\/v2\/categories?post=101259"},{"taxonomy":"post_tag","embeddable":true,"href":"https:\/\/www.europesays.com\/no\/wp-json\/wp\/v2\/tags?post=101259"}],"curies":[{"name":"wp","href":"https:\/\/api.w.org\/{rel}","templated":true}]}}