{"id":101279,"date":"2025-12-01T10:40:41","date_gmt":"2025-12-01T10:40:41","guid":{"rendered":"https:\/\/www.europesays.com\/no\/101279\/"},"modified":"2025-12-01T10:40:41","modified_gmt":"2025-12-01T10:40:41","slug":"en-hyllest-til-den-norske-musikklegenden-2","status":"publish","type":"post","link":"https:\/\/www.europesays.com\/no\/101279\/","title":{"rendered":"En hyllest til den norske musikklegenden"},"content":{"rendered":"<p class=\"kicker \" style=\"\">Dag Spantell er d\u00f8d<\/p>\n<p>  &#8211; \u00c9n av norges flotteste stemmer er g\u00e5tt ut av tiden, forteller n\u00e6r venn av musikeren.\u00a0<\/p>\n<p>\n    D\u00d8DE AV KREFT: Dag Spantell er d\u00f8d etter en lengre kamp mot kreftsykdommen. Foto: Morten Eik\n  <\/p>\n<p>Den norske revyskuespilleren og vokalisten Dag Aage Spantell er d\u00f8d. Det skriver n\u00e6r venn av musikeren, Arild Steine, i et innlegg delt p\u00e5 Facebook.\u00a0<\/p>\n<p>\u00abDu er som sendt fra himmelen, Dag Spantell &#8211; \u00e9n av norges flotteste stemmer er g\u00e5tt ut av tiden\u00bb, skriver han innledningsvis.\u00a0<\/p>\n<p>S\u00f8ndag sovnet han stille inn etter en kamp mot kreften. Han ble 75 \u00e5r gammel.<\/p>\n<p>          <img loading=\"lazy\" decoding=\"async\" src=\"https:\/\/www.europesays.com\/no\/wp-content\/uploads\/2025\/12\/83920475.webp\" width=\"686\" height=\"714\" title=\"GODE KOLLEGER: Dag Spantell og Stein Ingebrigtsen i Drammen Teater&#10;Foto: Geir B\u00f8lstad\/Dagbladet\" alt=\"\" class=\"\" style=\"--aspect-ratio-image: 0.96; \"\/><\/p>\n<p>\n          GODE KOLLEGER: Dag Spantell og Stein Ingebrigtsen i Drammen Teater<br \/>\nFoto: Geir B\u00f8lstad\/Dagbladet\n      <\/p>\n<p>          <img loading=\"lazy\" decoding=\"async\" src=\"https:\/\/www.europesays.com\/no\/wp-content\/uploads\/2025\/12\/83920463.webp\" width=\"686\" height=\"385\" title=\"P\u00c5 TREFF: Dag Spantell, Gro Anita Sch\u00f8nn, Inger Lise Rypdal og Stein Ingebrigtsen p\u00e5 konsert i 1978\" alt=\"\" class=\"\" style=\"--aspect-ratio-image: 1.78; \"\/><\/p>\n<p>\n          P\u00c5 TREFF: Dag Spantell, Gro Anita Sch\u00f8nn, Inger Lise Rypdal og Stein Ingebrigtsen p\u00e5 konsert i 1978\n      <\/p>\n<p>\u00abN\u00e5r jeg tenker meg om, s\u00e5 har jeg v\u00e6rt fan av Dag, faktisk siden 1968. Senere ble vi venner. Og det var et fantastisk vennskap. Hans kone Elisabeth Krabbe, en fantastisk dame. Var ogs\u00e5 varm venn. Jeg savner dem begge\u00bb, skriver Steine.\u00a0<\/p>\n<p>        SKAL VI DANSE: Under kveldens sending danset influenser Tale Torhussen for bestevenninnen sin, Leah Behn. Video: TV2 \/ Dagbaldet<\/p>\n<p>\u00abS\u00e5 kj\u00e6re Christina Spantell. De varmeste tanker g\u00e5r til deg og familien. Ta vare p\u00e5 deg selv. God klem fra Agapi Maria, Marianne og Arild Steine\u00bb, st\u00e5r det videre.\u00a0<\/p>\n<p class=\"italic m-italic\" data-lab-italic=\"italic\">Les hele innlegget lenger ned i saken.<\/p>\n<p>          <img loading=\"lazy\" decoding=\"async\" src=\"https:\/\/www.europesays.com\/no\/wp-content\/uploads\/2025\/12\/1764585641_982_83920471.webp\" width=\"686\" height=\"652\" title=\"SOMMERSHOW 2011: Inger Lise Rypdal med sommershow p\u00e5 Hotel Klubben 'Inger Lise elsker 70-tallet', Stein Ingebrethsen, Inger Lise, Dag Spantell. Foto Tor Lindseth\" alt=\"\" class=\"\" style=\"--aspect-ratio-image: 1.05; \"\/><\/p>\n<p>\n          SOMMERSHOW 2011: Inger Lise Rypdal med sommershow p\u00e5 Hotel Klubben &laquo;Inger Lise elsker 70-tallet&raquo;, Stein Ingebrethsen, Inger Lise, Dag Spantell. Foto Tor Lindseth\n      <\/p>\n<p>Dag Aage Spantell ble f\u00f8dt i 1950 og startet bandet Beatboys i 1962 og senere the Misfits og Happy hvor han fikk sin platedebut.\u00a0<\/p>\n<p>P\u00e5 begynnelsen av 1970 tallet begynte han i Kjell Karlsens orkester og i 1973 kom en av hans st\u00f8rste hits \u00abKjendisparty\u00bb.\u00a0<\/p>\n<p>        Her m\u00e5 \u00abSkrotnissen\u00bb kaste maska under l\u00f8rdagens episode i Maskorama. <\/p>\n<p>P\u00e5 slutten av 90 tallet gjorde han comeback, og hans siste utgivelse kom i 2016 da han sammen med sin gode venn og livslange musikalske partner Stein Ingebrigtsen ga ut l\u00e5ta \u00abHjertet til en spellemann\u00bb.<\/p>\n","protected":false},"excerpt":{"rendered":"Dag Spantell er d\u00f8d &#8211; \u00c9n av norges flotteste stemmer er g\u00e5tt ut av tiden, forteller n\u00e6r venn&hellip;\n","protected":false},"author":2,"featured_media":101280,"comment_status":"","ping_status":"","sticky":false,"template":"","format":"standard","meta":{"footnotes":""},"categories":[58],"tags":[2268,71,479,5184,4788,30,28,29,72],"class_list":{"0":"post-101279","1":"post","2":"type-post","3":"status-publish","4":"format-standard","5":"has-post-thumbnail","7":"category-underholdning","8":"tag-dod","9":"tag-entertainment","10":"tag-kjendis","11":"tag-kreftsykdom","12":"tag-musiker","13":"tag-no","14":"tag-norge","15":"tag-norway","16":"tag-underholdning"},"share_on_mastodon":{"url":"https:\/\/pubeurope.com\/@no\/115643890134687381","error":""},"_links":{"self":[{"href":"https:\/\/www.europesays.com\/no\/wp-json\/wp\/v2\/posts\/101279","targetHints":{"allow":["GET"]}}],"collection":[{"href":"https:\/\/www.europesays.com\/no\/wp-json\/wp\/v2\/posts"}],"about":[{"href":"https:\/\/www.europesays.com\/no\/wp-json\/wp\/v2\/types\/post"}],"author":[{"embeddable":true,"href":"https:\/\/www.europesays.com\/no\/wp-json\/wp\/v2\/users\/2"}],"replies":[{"embeddable":true,"href":"https:\/\/www.europesays.com\/no\/wp-json\/wp\/v2\/comments?post=101279"}],"version-history":[{"count":0,"href":"https:\/\/www.europesays.com\/no\/wp-json\/wp\/v2\/posts\/101279\/revisions"}],"wp:featuredmedia":[{"embeddable":true,"href":"https:\/\/www.europesays.com\/no\/wp-json\/wp\/v2\/media\/101280"}],"wp:attachment":[{"href":"https:\/\/www.europesays.com\/no\/wp-json\/wp\/v2\/media?parent=101279"}],"wp:term":[{"taxonomy":"category","embeddable":true,"href":"https:\/\/www.europesays.com\/no\/wp-json\/wp\/v2\/categories?post=101279"},{"taxonomy":"post_tag","embeddable":true,"href":"https:\/\/www.europesays.com\/no\/wp-json\/wp\/v2\/tags?post=101279"}],"curies":[{"name":"wp","href":"https:\/\/api.w.org\/{rel}","templated":true}]}}