{"id":10128,"date":"2025-08-17T01:30:09","date_gmt":"2025-08-17T01:30:09","guid":{"rendered":"https:\/\/www.europesays.com\/no\/10128\/"},"modified":"2025-08-17T01:30:09","modified_gmt":"2025-08-17T01:30:09","slug":"roy-benn-forsvant-med-tusenvis-av-dollar-funnet-i-elven","status":"publish","type":"post","link":"https:\/\/www.europesays.com\/no\/10128\/","title":{"rendered":"Roy Benn forsvant med tusenvis av dollar \u2013 funnet i elven"},"content":{"rendered":"\n<p class=\"_lead_1bvmi_2 _lead_xtcu6_50 layout-component text-serif-m layout-normal text-serif-l layout-component layout-wide layout-padded _wide_17hqh_1 layout-padded\">Roy Benn forsvant sporl\u00f8st i 1967 med tusenvis av dollar p\u00e5 seg. N\u00e5 gir funnet av bilen og levninger, h\u00e5p om oppklaring. <\/p>\n<p><img alt=\" Foto: Politiet i Stearns County\" class=\"_image_qp4xg_65 layout-component layout-wide\" data-fullscreen- data-track-element-type=\"Article image fullscreen\" data-track-name=\"ImageFullscreen\" fetchpriority=\"high\" decoding=\"sync\" loading=\"eager\" height=\"825\" itemprop=\"image\"  src=\"https:\/\/www.europesays.com\/no\/wp-content\/uploads\/2025\/08\/08c9a9ac-8492-451e-be01-0223d6e3c391\"  style=\"object-position:0% 0%\" width=\"1100\"\/> Foto: Politiet i Stearns County<\/p>\n<ul aria-hidden=\"true\" class=\"_images_1y6fe_106\">\n<li><a class=\"_link_1y6fe_111\" href=\"https:\/\/www.vg.no\/forfatter\/espen-rasmussen-2\" style=\"z-index:1\" title=\"Espen Rasmussen\" rel=\"nofollow noopener\" target=\"_blank\"><img alt=\"Bilde av Espen Rasmussen\" class=\"_image_1y6fe_88\" fetchpriority=\"low\" loading=\"lazy\" decoding=\"async\" itemprop=\"image\"  src=\"https:\/\/www.europesays.com\/no\/wp-content\/uploads\/2025\/08\/1755394208_289_9e07ea87-bca1-4760-986f-5788e43af739\"  width=\"480\"\/><\/a><\/li>\n<\/ul>\n<p> Oppdatert s\u00f8ndag 17. august kl. 02:59    <\/p>\n<ul class=\"_list_1bvmi_3 _list_1flq1_85 _unordered_1bvmi_99 text-sans-m\">\n<li class=\"_item_1bvmi_30\">To fiskere i Minnesota gjorde et tilfeldig funn som kan l\u00f8se en 58 \u00e5r gammel forsvinningssak.<\/li>\n<li class=\"_item_1bvmi_30\">Sonarutstyr oppdaget en bil fra 1963 med menneskelige levninger under vann.<\/li>\n<li class=\"_item_1bvmi_30\">Politiet bekrefter at bilen tilh\u00f8rer Roy Benn, som forsvant i 1967 med tusenvis av dollar p\u00e5 seg.<\/li>\n<li class=\"_item_1bvmi_30\">Gjennombruddet gir nye h\u00e5p om avslutning for Benns familie.<\/li>\n<\/ul>\n<p>Vis mer <\/p>\n<p class=\"_paragraph_1bvmi_4 _paragraph_xtcu6_10 layout-component text-serif-m layout-normal text-serif-m layout-padded\">To fiskere p\u00e5 Mississippi-elven i <a href=\"https:\/\/www.vg.no\/tag\/minnesota?utm_source=vg-article&amp;utm_medium=auto-tagger&amp;utm_campaign=8q2MAA\" class=\"_link_1bvmi_39\" rel=\"nofollow noopener\" target=\"_blank\">Minnesota<\/a>, USA, gjorde en oppdagelse som n\u00e5 kan ha l\u00f8st et mysterium som har plaget politiet i nesten seks ti\u00e5r.<\/p>\n<p class=\"_paragraph_1bvmi_4 _paragraph_xtcu6_10 layout-component text-serif-m layout-normal text-serif-m layout-padded\">22 \u00e5r gamle Brody Loch eksperimenterte med nytt sonarutstyr for \u00e5 finne fisk da han oppdaget noe helt annet p\u00e5 elvebunnen.<\/p>\n<p class=\"_paragraph_1bvmi_4 _paragraph_xtcu6_10 layout-component text-serif-m layout-normal text-serif-m layout-padded\">\u2013 Det var 100 prosent flaks. Hvis kompisen min ikke hadde fanget den gj\u00f8rsengj\u00f8rsenEn fisk som p\u00e5 norsk heter gull\u00f8ye eller amerikansk gj\u00f8rs, og den tilh\u00f8rer abborfamilie, ville vi ha fortsatt nedover elven og aldri funnet den, sier Loch til <a href=\"https:\/\/edition.cnn.com\/2025\/08\/16\/us\/roy-benn-minnesota-cold-case\" class=\"_link_1bvmi_39\" rel=\"nofollow noopener\" target=\"_blank\">CNN<\/a>.<\/p>\n<p class=\"_paragraph_1bvmi_4 _paragraph_xtcu6_10 layout-component text-serif-m layout-normal text-serif-m layout-padded\">Det han hadde funnet var en bil, 7,3 meter under vannoverflaten.<\/p>\n<p><img alt=\"Foto: CBS News\" class=\"_image_qp4xg_65 layout-component layout-normal\" data-fullscreen- data-track-element-type=\"Article image fullscreen\" data-track-name=\"ImageFullscreen\" decoding=\"async\" loading=\"lazy\" height=\"1022\" itemprop=\"image\"  src=\"https:\/\/www.europesays.com\/no\/wp-content\/uploads\/2025\/08\/eede8003-d764-458a-9870-bc3019e5799f\"  style=\"object-position:0% 0%\" width=\"1476\"\/>Foto: CBS News Uhyggelig oppdagelse<\/p>\n<p class=\"_paragraph_1bvmi_4 _paragraph_xtcu6_10 layout-component text-serif-m layout-normal text-serif-m layout-padded\">F\u00f8rst var Loch skeptisk til det han s\u00e5 p\u00e5 skjermen. Han trodde det var en stor stein. Men da de kom rundt p\u00e5 andre siden, tok bildet form.<\/p>\n<p class=\"_paragraph_1bvmi_4 _paragraph_xtcu6_10 layout-component text-serif-m layout-normal text-serif-m layout-padded\">\u2013 Det dannet den perfekte bilformen med karosseri og ramme. Det var definitivt veldig uhyggelig, for \u00e5 si det mildt, forteller han til <a href=\"https:\/\/www.dailymail.co.uk\/news\/article-15004827\/roy-benn-minnesota-spooky-photo-buick-river-mystery.html\" class=\"_link_1bvmi_39\" rel=\"nofollow noopener\" target=\"_blank\">Daily Mail<\/a>.<\/p>\n<p class=\"_paragraph_1bvmi_4 _paragraph_xtcu6_10 layout-component text-serif-m layout-normal text-serif-m layout-padded\">Loch returnerte til stedet dagen etter for \u00e5 bekrefte funnet f\u00f8r han kontaktet politiet. Tre dager senere, onsdag 13. august, hentet dykkere og et bergingsteam opp bilen fra elvebunnen.<\/p>\n<p class=\"_paragraph_1bvmi_4 _paragraph_xtcu6_10 layout-component text-serif-m layout-normal text-serif-m layout-padded\">Det de fant var en bl\u00e5 Buick Electra fra 1963 \u2013 og menneskelige levninger inne i bilen.<\/p>\n<p class=\"_paragraph_1bvmi_4 _paragraph_xtcu6_10 layout-component text-serif-m layout-normal text-serif-m layout-padded\">Politiet i Stearns County bekrefter at bilens identifikasjonsnummer matcher kj\u00f8ret\u00f8yet til Roy Benn, som forsvant sporl\u00f8st 25. september 1967, if\u00f8lge <a href=\"https:\/\/www.cbsnews.com\/minnesota\/news\/sartell-car-found-river-missing-man-roy-benn-cold-case\/\" class=\"_link_1bvmi_39\" rel=\"nofollow noopener\" target=\"_blank\">CBS News<\/a>.<\/p>\n<p> Forretningsmann med store summer<\/p>\n<p class=\"_paragraph_1bvmi_4 _paragraph_xtcu6_10 layout-component text-serif-m layout-normal text-serif-m layout-padded\">Roy Benn var 59 \u00e5r gammel da han forsvant. Den velst\u00e5ende forretningsmannen eide b\u00e5de en leilighetsblokk og et hvitevareverksted i St. Cloud, Minnesota.<\/p>\n<p><img alt=\"Roy Benn var 59 \u00e5r gammel da han sporl\u00f8st forsvant.\" class=\"_image_qp4xg_65 layout-component layout-normal\" data-fullscreen- data-track-element-type=\"Article image fullscreen\" data-track-name=\"ImageFullscreen\" decoding=\"async\" loading=\"lazy\" height=\"866\" itemprop=\"image\"  src=\"https:\/\/www.europesays.com\/no\/wp-content\/uploads\/2025\/08\/10945f68-b0dc-41bb-9410-ee7609663207\"  style=\"object-position:0% 0%\" width=\"632\"\/>Roy Benn var 59 \u00e5r gammel da han sporl\u00f8st forsvant.<\/p>\n<p class=\"_paragraph_1bvmi_4 _paragraph_xtcu6_10 layout-component text-serif-m layout-normal text-serif-m layout-padded\">Benn var kjent for \u00e5 b\u00e6re store summer kontanter med seg. Myndighetene sa den gangen at de trodde han kunne ha hatt tusenvis av dollar p\u00e5 seg da han forsvant, skriver <a href=\"https:\/\/people.com\/remains-found-in-river-may-solve-minn-cold-case-11791274\" class=\"_link_1bvmi_39\" rel=\"nofollow noopener\" target=\"_blank\">People<\/a>.<\/p>\n<p class=\"_paragraph_1bvmi_4 _paragraph_xtcu6_10 layout-component text-serif-m layout-normal text-serif-m layout-padded\">Han ble sist sett da han forlot King&#8217;s Supper Club i Sartell tidlig om morgenen 25. september 1967. Benn kj\u00f8rte sin bl\u00e5 Buick Electra med Minnesota-skilter da han forsvant.<\/p>\n<p class=\"_paragraph_1bvmi_4 _paragraph_xtcu6_10 layout-component text-serif-m layout-normal text-serif-m layout-padded\">Han ble erkl\u00e6rt juridisk d\u00f8d i 1975 \u2013 \u00e5tte \u00e5r etter forsvinningen.<\/p>\n<p class=\"_paragraph_1bvmi_4 _paragraph_xtcu6_10 layout-component text-serif-m layout-normal text-serif-m layout-padded\">Politiet s\u00f8kte intensivt etter Benn i m\u00e5nedene etter forsvinningen. B\u00e5de i steinbrudd, granittbrudd og i en kanal. Men det ga ingen resultater.<\/p>\n<p class=\"_paragraph_1bvmi_4 _paragraph_xtcu6_10 layout-component text-serif-m layout-normal text-serif-m layout-padded\">Benton County-sheriff Troy Heck, som har hatt ansvaret for Benns forsvinningssak siden han forsvant, sier at politiet har f\u00e5tt tips gjennom \u00e5rene, men ingen av de har f\u00f8rt de n\u00e6rmere en oppklaring p\u00e5 forsvinningsg\u00e5ten. <\/p>\n<p><img alt=\"\" class=\"_image_qp4xg_65 layout-component layout-normal\" data-fullscreen- data-track-element-type=\"Article image fullscreen\" data-track-name=\"ImageFullscreen\" decoding=\"async\" loading=\"lazy\" height=\"907\" itemprop=\"image\"  src=\"https:\/\/www.europesays.com\/no\/wp-content\/uploads\/2025\/08\/70253e21-6ea6-4680-801f-a2cc0d6f29ba\"  style=\"object-position:0% 0%\" width=\"896\"\/> Overraskende godt bevart<\/p>\n<p class=\"_paragraph_1bvmi_4 _paragraph_xtcu6_10 layout-component text-serif-m layout-normal text-serif-m layout-padded\">Sheriff Steve Soyka i Stearns County fryktet at bilen ville falle fra hverandre n\u00e5r den ble hentet opp, gitt hvor lenge den hadde ligget under vann.<\/p>\n<p class=\"_paragraph_1bvmi_4 _paragraph_xtcu6_10 layout-component text-serif-m layout-normal text-serif-m layout-padded\">\u2013 Men overraskende nok kom den opp ganske intakt, sier han til CNN.<\/p>\n<p class=\"_paragraph_1bvmi_4 _paragraph_xtcu6_10 layout-component text-serif-m layout-normal text-serif-m layout-padded\">Bilen var if\u00f8lge politiet i Sartell \u00abalvorlig forringet\u00bb etter ti\u00e5rene under vann og \u00abfylt med elve-sedimenter\u00bb, melder CBS News.<\/p>\n<p>Aktiver kart<\/p>\n<p class=\"_paragraph_1bvmi_4 _paragraph_xtcu6_10 layout-component text-serif-m layout-normal text-serif-m layout-padded\">De menneskelige levningene er sendt for identifisering og for \u00e5 fastsl\u00e5 d\u00f8ds\u00e5rsak. Politiet har tidligere samlet DNA fra Benns familie, som sannsynligvis vil bli brukt for \u00e5 bekrefte identiteten.<\/p>\n<p class=\"_paragraph_1bvmi_4 _paragraph_xtcu6_10 layout-component text-serif-m layout-normal text-serif-m layout-padded\">\u2013 Vi tror det er sterke indikasjoner p\u00e5 at dette kommer til \u00e5 v\u00e6re Roy Benns kj\u00f8ret\u00f8y, og at det sannsynligvis er hans levninger, sier Troy Heck til CNN.<\/p>\n<p class=\"_paragraph_1bvmi_4 _paragraph_xtcu6_10 layout-component text-serif-m layout-normal text-serif-m layout-padded\">Benns gjenlevende p\u00e5r\u00f8rende er informert om funnet.<\/p>\n<p class=\"_paragraph_1bvmi_4 _paragraph_xtcu6_10 layout-component text-serif-m layout-normal text-serif-m layout-padded\">\u2013 Vi er bare takknemlige for at vi endelig kan ha f\u00e5tt gjennombruddet vi trengte for \u00e5 gi denne familien en avslutning, sier Heck.<\/p>\n","protected":false},"excerpt":{"rendered":"Roy Benn forsvant sporl\u00f8st i 1967 med tusenvis av dollar p\u00e5 seg. N\u00e5 gir funnet av bilen og&hellip;\n","protected":false},"author":2,"featured_media":10129,"comment_status":"","ping_status":"","sticky":false,"template":"","format":"standard","meta":{"footnotes":""},"categories":[12],"tags":[20,21,24,25,2120,2121,15,22,23,2119,2122,13,30,28,29,14,16,254,26,27,50,412,42,46,43,44,45],"class_list":{"0":"post-10128","1":"post","2":"type-post","3":"status-publish","4":"format-standard","5":"has-post-thumbnail","7":"category-verden","8":"tag-breaking-news","9":"tag-breakingnews","10":"tag-featured-news","11":"tag-featurednews","12":"tag-fisker","13":"tag-forsvinninger","14":"tag-headlines","15":"tag-latest-news","16":"tag-latestnews","17":"tag-minnesota","18":"tag-mysterier","19":"tag-news","20":"tag-no","21":"tag-norge","22":"tag-norway","23":"tag-nyheter","24":"tag-overskrifter","25":"tag-politi","26":"tag-top-stories","27":"tag-topstories","28":"tag-usa","29":"tag-utenriks","30":"tag-verden","31":"tag-vgai","32":"tag-world","33":"tag-world-news","34":"tag-worldnews"},"share_on_mastodon":{"url":"","error":""},"_links":{"self":[{"href":"https:\/\/www.europesays.com\/no\/wp-json\/wp\/v2\/posts\/10128","targetHints":{"allow":["GET"]}}],"collection":[{"href":"https:\/\/www.europesays.com\/no\/wp-json\/wp\/v2\/posts"}],"about":[{"href":"https:\/\/www.europesays.com\/no\/wp-json\/wp\/v2\/types\/post"}],"author":[{"embeddable":true,"href":"https:\/\/www.europesays.com\/no\/wp-json\/wp\/v2\/users\/2"}],"replies":[{"embeddable":true,"href":"https:\/\/www.europesays.com\/no\/wp-json\/wp\/v2\/comments?post=10128"}],"version-history":[{"count":0,"href":"https:\/\/www.europesays.com\/no\/wp-json\/wp\/v2\/posts\/10128\/revisions"}],"wp:featuredmedia":[{"embeddable":true,"href":"https:\/\/www.europesays.com\/no\/wp-json\/wp\/v2\/media\/10129"}],"wp:attachment":[{"href":"https:\/\/www.europesays.com\/no\/wp-json\/wp\/v2\/media?parent=10128"}],"wp:term":[{"taxonomy":"category","embeddable":true,"href":"https:\/\/www.europesays.com\/no\/wp-json\/wp\/v2\/categories?post=10128"},{"taxonomy":"post_tag","embeddable":true,"href":"https:\/\/www.europesays.com\/no\/wp-json\/wp\/v2\/tags?post=10128"}],"curies":[{"name":"wp","href":"https:\/\/api.w.org\/{rel}","templated":true}]}}