{"id":101300,"date":"2025-12-01T11:04:11","date_gmt":"2025-12-01T11:04:11","guid":{"rendered":"https:\/\/www.europesays.com\/no\/101300\/"},"modified":"2025-12-01T11:04:11","modified_gmt":"2025-12-01T11:04:11","slug":"rettssaker-drammen-erkjenner-trusler-mot-nora-haukland-rokke-og-hagen","status":"publish","type":"post","link":"https:\/\/www.europesays.com\/no\/101300\/","title":{"rendered":"Rettssaker, Drammen | Erkjenner trusler mot Nora Haukland, R\u00f8kke og Hagen"},"content":{"rendered":"\n<p><b>DRAMMEN: <\/b>Mandag morgen begynte rettssaken mot 27-\u00e5ringen fra Drammen. Han er tiltalt for 21 trusler mot offentlig virksomheter og flere kjente og ukjente og to tilfelle av utpressing mot Kjell Inge R\u00f8kke.<\/p>\n<p>Aktor, statsadvokat Christer Gangs\u00f8 brukte 20 minutter p\u00e5 \u00e5 lese den seks sider lange tiltalen.<\/p>\n<p><b>Her er noen eksempler:<\/b><\/p>\n<p><b>LES OGS\u00c5:<\/b> <a class=\"simple-relation related-teaser article--c-eRUmMG article--c-eRUmMG-jKCPdD-design-default article--c-eRUmMG-iBPVJb-cv\" href=\"https:\/\/www.dt.no\/truet-med-a-bombe-alt-i-fillebiter-jeg-mener-det\/s\/5-57-2718133\" rel=\"nofollow noopener\" target=\"_blank\">Truet med \u00e5 \u00abbombe alt i fillebiter\u00bb: \u2013 Jeg mener det<\/a><\/p>\n<p>Statsadvokaten tror ikke tiltalte hadde planer om \u00e5 gjennomf\u00f8re truslene.<\/p>\n<p>&#8211; Det var ingen reelle trusler. Det er ikke funnet bombedeler eller v\u00e5pen, men det er skremmende og plagsomt \u00e5 bli utsatt for slike handlinger, sa Gangs\u00f8.<\/p>\n<p>Etter opplesningen blir tiltalte spurt om han erkjenner skyld.<\/p>\n<p>&#8211; Ja, svarte 27-\u00e5ringen med sped, lav stemme.<\/p>\n<p>Forel\u00f8pig skal han bare svare ja eller nei, f\u00f8rst p\u00e5 dag to skal han forklare seg.<\/p>\n<p>   <img decoding=\"async\" width=\"1620\" height=\"1080\" fetchpriority=\"low\"  loading=\"lazy\"  src=\"https:\/\/www.europesays.com\/no\/wp-content\/uploads\/2025\/12\/9f322627-f264-4ab9-bbce-c96c843f5a43.jfif\" alt=\"\" class=\"brick-c-cFOWSL\" style=\"--brick-image-ratio: 1620 \/ 1080;\"\/><\/p>\n<p>      AKTORER: Gunilla Engenes Hansen og Christer Gangs\u00f8. <\/p>\n<p>  Fengslet flere ganger<\/p>\n<p>Mannen ble p\u00e5grepet i september 2024 etter truslene mot Haukland. Hun ble s\u00e5 skremt av truslene at hun forlot Norge i en periode.<\/p>\n<p>\u2013 Jeg befinner meg ikke i Norge n\u00e5 fordi det ikke er trygt, skrev hun p\u00e5 Snapchat h\u00f8sten 2024.<\/p>\n<p>Etter noen m\u00e5neder i varetekt, ble 27-\u00e5ringen l\u00f8slatt mot meldeplikt. If\u00f8lge politiet fortsatte han \u00e5 sende trusler og ble fengslet igjen v\u00e5ren 2025. Han har sittet fengslet fram til rettssaken, og ble fulgt av to fengselsbetjenter da han ankom retten mandag morgen.<\/p>\n<p>Det er satt av fem dager til rettssaken. B\u00e5de Nora Haukland og Espen Lee skal m\u00f8te som vitner.<\/p>\n<p>  <a href=\"https:\/\/www.dt.no\/5-57-2606161\" class=\"related-teaser has-image default-story-teaser article--c-eRUmMG article--c-eRUmMG-jKCPdD-design-default\" rel=\"nofollow noopener\" target=\"_blank\"><\/p>\n<p>    <img decoding=\"async\" loading=\"lazy\"  src=\"https:\/\/www.europesays.com\/no\/wp-content\/uploads\/2025\/12\/NTB_OQMoT1JHZgE.jpg\" alt=\"\" class=\"brick-c-cFOWSL\" style=\"\"\/><\/p>\n<p>\n            Les ogs\u00e5<\/p>\n<p>              Drammenser fengslet \u2013 truet med \u00e5 sprenge Stortinget\n        <\/p>\n<p>  <\/a><\/p>\n","protected":false},"excerpt":{"rendered":"DRAMMEN: Mandag morgen begynte rettssaken mot 27-\u00e5ringen fra Drammen. Han er tiltalt for 21 trusler mot offentlig virksomheter&hellip;\n","protected":false},"author":2,"featured_media":101301,"comment_status":"","ping_status":"","sticky":false,"template":"","format":"standard","meta":{"footnotes":""},"categories":[10],"tags":[36,20,21,427,24,25,15,22,23,13,30,28,29,14,16,5750,1510,26,27],"class_list":{"0":"post-101300","1":"post","2":"type-post","3":"status-publish","4":"format-standard","5":"has-post-thumbnail","7":"category-norge","8":"tag-art","9":"tag-breaking-news","10":"tag-breakingnews","11":"tag-drammen","12":"tag-featured-news","13":"tag-featurednews","14":"tag-headlines","15":"tag-latest-news","16":"tag-latestnews","17":"tag-news","18":"tag-no","19":"tag-norge","20":"tag-norway","21":"tag-nyheter","22":"tag-overskrifter","23":"tag-rettssaker","24":"tag-story","25":"tag-top-stories","26":"tag-topstories"},"share_on_mastodon":{"url":"https:\/\/pubeurope.com\/@no\/115643984578862741","error":""},"_links":{"self":[{"href":"https:\/\/www.europesays.com\/no\/wp-json\/wp\/v2\/posts\/101300","targetHints":{"allow":["GET"]}}],"collection":[{"href":"https:\/\/www.europesays.com\/no\/wp-json\/wp\/v2\/posts"}],"about":[{"href":"https:\/\/www.europesays.com\/no\/wp-json\/wp\/v2\/types\/post"}],"author":[{"embeddable":true,"href":"https:\/\/www.europesays.com\/no\/wp-json\/wp\/v2\/users\/2"}],"replies":[{"embeddable":true,"href":"https:\/\/www.europesays.com\/no\/wp-json\/wp\/v2\/comments?post=101300"}],"version-history":[{"count":0,"href":"https:\/\/www.europesays.com\/no\/wp-json\/wp\/v2\/posts\/101300\/revisions"}],"wp:featuredmedia":[{"embeddable":true,"href":"https:\/\/www.europesays.com\/no\/wp-json\/wp\/v2\/media\/101301"}],"wp:attachment":[{"href":"https:\/\/www.europesays.com\/no\/wp-json\/wp\/v2\/media?parent=101300"}],"wp:term":[{"taxonomy":"category","embeddable":true,"href":"https:\/\/www.europesays.com\/no\/wp-json\/wp\/v2\/categories?post=101300"},{"taxonomy":"post_tag","embeddable":true,"href":"https:\/\/www.europesays.com\/no\/wp-json\/wp\/v2\/tags?post=101300"}],"curies":[{"name":"wp","href":"https:\/\/api.w.org\/{rel}","templated":true}]}}