{"id":101308,"date":"2025-12-01T11:11:09","date_gmt":"2025-12-01T11:11:09","guid":{"rendered":"https:\/\/www.europesays.com\/no\/101308\/"},"modified":"2025-12-01T11:11:09","modified_gmt":"2025-12-01T11:11:09","slug":"na-styrer-kronprinsen-landet","status":"publish","type":"post","link":"https:\/\/www.europesays.com\/no\/101308\/","title":{"rendered":"N\u00e5 styrer kronprinsen landet"},"content":{"rendered":"\n<p class=\"_lead_o9xde_2 _lead_xtcu6_50 layout-component text-serif-m layout-normal text-serif-l layout-component layout-wide layout-padded _wide_17hqh_1 layout-padded\">I to dager skal kronprins Christian av Danmark styre landet \u2013 helt p\u00e5 egen h\u00e5nd.<\/p>\n<p><img alt=\"Den kommende kongen av Danmark Foto: Dennis Stenild \/ Dennis Stenild\" class=\"_image_qp4xg_65 layout-component layout-wide\" data-fullscreen- data-track-element-type=\"Article image fullscreen\" data-track-name=\"ImageFullscreen\" fetchpriority=\"high\" decoding=\"sync\" loading=\"eager\" height=\"7669\" itemprop=\"image\"  src=\"https:\/\/www.europesays.com\/no\/wp-content\/uploads\/2025\/12\/9ca7f42b-4dc5-495d-8189-4ad186f0b83b\"  style=\"object-position:50.52816901408451% 29.775720432911722%\" width=\"5112\"\/>Den kommende kongen av Danmark Foto: Dennis Stenild \/ Dennis Stenild<\/p>\n<ul aria-hidden=\"true\" class=\"_images_1uft6_111\">\n<li><a class=\"_link_1uft6_116\" href=\"https:\/\/www.vg.no\/forfatter\/hannah-solstad-klepp\" style=\"z-index:1\" title=\"Hannah Solstad Klepp\" rel=\"nofollow noopener\" target=\"_blank\"><img alt=\"Bilde av Hannah Solstad Klepp\" class=\"_image_1uft6_93\" fetchpriority=\"low\" loading=\"lazy\" decoding=\"async\" itemprop=\"image\"  src=\"https:\/\/www.europesays.com\/no\/wp-content\/uploads\/2025\/12\/1764587469_926_f811f9c1-64f7-4c50-9133-b5735831a650\"  width=\"480\"\/><\/a><\/li>\n<\/ul>\n<p> Oppdatert mandag 1. desember kl. 11:39     <\/p>\n<p class=\"_paragraph_o9xde_4 _paragraph_xtcu6_10 layout-component text-serif-m layout-normal text-serif-m layout-padded\">Det danske kongehuset bekrefter til <a href=\"https:\/\/www.bt.dk\/royale\/kongehuset-bekraefter-kongeparret-paa-privat-rejse?referrer=RSS\" class=\"_link_o9xde_39\" rel=\"nofollow noopener\" target=\"_blank\">BT<\/a> at kongeparet har dratt p\u00e5 en privat tur i utlandet.<\/p>\n<p class=\"_paragraph_o9xde_4 _paragraph_xtcu6_10 layout-component text-serif-m layout-normal text-serif-m layout-padded\">I den offisielle kalenderen fremg\u00e5r det at kronprins Christian fungerer som regent mandag og tirsdag.<\/p>\n<p><img alt=\"Hele familien samlet. Her er de fotografert f\u00f8r jul i 2024.  Foto: Dennis Stenild \/ Kongehuset\" class=\"_image_qp4xg_65 layout-component layout-normal\" data-fullscreen- data-track-element-type=\"Article image fullscreen\" data-track-name=\"ImageFullscreen\" decoding=\"async\" loading=\"lazy\" height=\"7739\" itemprop=\"image\"  src=\"https:\/\/www.europesays.com\/no\/wp-content\/uploads\/2025\/12\/c3d764be-2f43-42a1-bd57-21d0f93db465\"  style=\"object-position:49.922465594107386% 47.867941594521255%\" width=\"5159\"\/>Hele familien samlet. Her er de fotografert f\u00f8r jul i 2024.  Foto: Dennis Stenild \/ Kongehuset<\/p>\n<p class=\"_paragraph_o9xde_4 _paragraph_xtcu6_10 layout-component text-serif-m layout-normal text-serif-m layout-padded\">Den 20 \u00e5r gamle tronarvingen er nemlig f\u00f8rstevalget som vikar n\u00e5r kong Frederik enten er syk eller befinner seg utenlands, og derfor ikke kan lede landet.<\/p>\n<p class=\"_paragraph_o9xde_4 _paragraph_xtcu6_10 layout-component text-serif-m layout-normal text-serif-m layout-padded\">1. desember publiserte det danske kongehuset en video p\u00e5 Instagram der hele familien pynter til jul.<\/p>\n<p class=\"_paragraph_o9xde_4 _paragraph_xtcu6_10 layout-component text-serif-m layout-normal text-serif-m layout-padded\">\u00abKongefamilien pyntet \u00e5rets juletre i helgen\u00bb, st\u00e5r det under innlegget.<\/p>\n<p class=\"_paragraph_o9xde_4 _paragraph_xtcu6_10 layout-component text-serif-m layout-normal text-serif-m layout-padded\">Kongeparet skal imidlertid ha dratt p\u00e5 tur til utlandet i mellomtiden, men de skal tilbake til <a href=\"https:\/\/www.vg.no\/tag\/danmark?utm_source=vg-article&amp;utm_medium=auto-tagger&amp;utm_campaign=lngoBL\" class=\"_link_o9xde_39\" rel=\"nofollow noopener\" target=\"_blank\">Danmark<\/a> i julen. <\/p>\n<p class=\"_paragraph_o9xde_4 _paragraph_xtcu6_10 layout-component text-serif-m layout-normal text-serif-m layout-padded\">If\u00f8lge <a href=\"https:\/\/www.kongehuset.dk\/nyheder\/den-kongelige-families-jul-2025-1\" class=\"_link_o9xde_39\" rel=\"nofollow noopener\" target=\"_blank\">det danske kongehusets hjemmesider,<\/a> skal kongeparet feire jul p\u00e5 Amalienborg i K\u00f8benhavn sammen med sine fire barn \u2013 kronprins Christian, prinsesse Josephine, prinsesse Isabella og prins Vincent \u2013 samt Dronning Margrethe.<\/p>\n","protected":false},"excerpt":{"rendered":"I to dager skal kronprins Christian av Danmark styre landet \u2013 helt p\u00e5 egen h\u00e5nd. Den kommende kongen&hellip;\n","protected":false},"author":2,"featured_media":101309,"comment_status":"","ping_status":"","sticky":false,"template":"","format":"standard","meta":{"footnotes":""},"categories":[12],"tags":[20,21,1524,24,25,15,1222,22,23,13,30,28,29,14,16,26,27,42,43,44,45],"class_list":{"0":"post-101308","1":"post","2":"type-post","3":"status-publish","4":"format-standard","5":"has-post-thumbnail","7":"category-verden","8":"tag-breaking-news","9":"tag-breakingnews","10":"tag-danmark","11":"tag-featured-news","12":"tag-featurednews","13":"tag-headlines","14":"tag-kongefamilien","15":"tag-latest-news","16":"tag-latestnews","17":"tag-news","18":"tag-no","19":"tag-norge","20":"tag-norway","21":"tag-nyheter","22":"tag-overskrifter","23":"tag-top-stories","24":"tag-topstories","25":"tag-verden","26":"tag-world","27":"tag-world-news","28":"tag-worldnews"},"share_on_mastodon":{"url":"https:\/\/pubeurope.com\/@no\/115644012261597910","error":""},"_links":{"self":[{"href":"https:\/\/www.europesays.com\/no\/wp-json\/wp\/v2\/posts\/101308","targetHints":{"allow":["GET"]}}],"collection":[{"href":"https:\/\/www.europesays.com\/no\/wp-json\/wp\/v2\/posts"}],"about":[{"href":"https:\/\/www.europesays.com\/no\/wp-json\/wp\/v2\/types\/post"}],"author":[{"embeddable":true,"href":"https:\/\/www.europesays.com\/no\/wp-json\/wp\/v2\/users\/2"}],"replies":[{"embeddable":true,"href":"https:\/\/www.europesays.com\/no\/wp-json\/wp\/v2\/comments?post=101308"}],"version-history":[{"count":0,"href":"https:\/\/www.europesays.com\/no\/wp-json\/wp\/v2\/posts\/101308\/revisions"}],"wp:featuredmedia":[{"embeddable":true,"href":"https:\/\/www.europesays.com\/no\/wp-json\/wp\/v2\/media\/101309"}],"wp:attachment":[{"href":"https:\/\/www.europesays.com\/no\/wp-json\/wp\/v2\/media?parent=101308"}],"wp:term":[{"taxonomy":"category","embeddable":true,"href":"https:\/\/www.europesays.com\/no\/wp-json\/wp\/v2\/categories?post=101308"},{"taxonomy":"post_tag","embeddable":true,"href":"https:\/\/www.europesays.com\/no\/wp-json\/wp\/v2\/tags?post=101308"}],"curies":[{"name":"wp","href":"https:\/\/api.w.org\/{rel}","templated":true}]}}