{"id":101312,"date":"2025-12-01T11:13:08","date_gmt":"2025-12-01T11:13:08","guid":{"rendered":"https:\/\/www.europesays.com\/no\/101312\/"},"modified":"2025-12-01T11:13:08","modified_gmt":"2025-12-01T11:13:08","slug":"meteorologisk-institutt-sno-ingenting-som-minner-om-hvit-jul","status":"publish","type":"post","link":"https:\/\/www.europesays.com\/no\/101312\/","title":{"rendered":"Meteorologisk institutt, Sn\u00f8 | \u2013 Ingenting som minner om hvit jul"},"content":{"rendered":"\n<p>\u2013 Det f\u00f8les ikke som s\u00e6rlig jul s\u00f8r i landet. Det er en gr\u00e5 og mild start p\u00e5 desember med mye vind og surt v\u00e6r, sier vakthavende meteorolog, Marek Ratajczak ved Meteorologisk institutt, til <a href=\"https:\/\/www.dagbladet.no\/nyheter\/ingenting-som-minner-om-jul\/83921247\" rel=\"Follow nofollow noopener\" target=\"_blank\">Dagbladet<\/a>.<\/p>\n<p>\u2013 Det er ingenting som minner om hvit jul akkurat n\u00e5, legger han til.<\/p>\n<p>Likevel, v\u00e6rvarselet for julaften er ikke klart enda.<\/p>\n<p>Onsdag denne uken kommer 21 dagers varselet til \u00e5 gi f\u00f8rste innblikk i hvordan v\u00e6ret kan bli p\u00e5 selveste julekvelden.<\/p>\n<p>\u2013 Det er fortsatt tre uker fram i tid, s\u00e5 det er stor usikkerhet. Forel\u00f8pig ser vi ingen tydelige signaler p\u00e5 et markant kaldere v\u00e6rskifte. Jeg vil ikke avskrive hvit jul, men akkurat n\u00e5 er det ikke s\u00e5 mye som tyder p\u00e5 det, sier han til avisen.<\/p>\n<p>Han r\u00e5der folk som \u00f8nsker hvite veier om \u00e5 ta turen opp i h\u00f8yden.<\/p>\n<p>Meteorologisk institutt skriver p\u00e5 sine hjemmesider at et lavtrykk med mye vind er p\u00e5 vei til Nord-Norge denne uka.<\/p>\n<p>\u2013 F\u00f8rst gir det sn\u00f8, men etter hvert som det n\u00e6rmer seg land, kommer mildv\u00e6ret med regn s\u00f8r for lavtrykkssenteret.<\/p>\n","protected":false},"excerpt":{"rendered":"\u2013 Det f\u00f8les ikke som s\u00e6rlig jul s\u00f8r i landet. Det er en gr\u00e5 og mild start p\u00e5&hellip;\n","protected":false},"author":2,"featured_media":101313,"comment_status":"","ping_status":"","sticky":false,"template":"","format":"standard","meta":{"footnotes":""},"categories":[5],"tags":[20,21,24,25,15,19,22,23,17,18,13,30,28,29,14,16,26,27],"class_list":{"0":"post-101312","1":"post","2":"type-post","3":"status-publish","4":"format-standard","5":"has-post-thumbnail","7":"category-overskrifter","8":"tag-breaking-news","9":"tag-breakingnews","10":"tag-featured-news","11":"tag-featurednews","12":"tag-headlines","13":"tag-hovedoppslag","14":"tag-latest-news","15":"tag-latestnews","16":"tag-main-news","17":"tag-mainnews","18":"tag-news","19":"tag-no","20":"tag-norge","21":"tag-norway","22":"tag-nyheter","23":"tag-overskrifter","24":"tag-top-stories","25":"tag-topstories"},"share_on_mastodon":{"url":"https:\/\/pubeurope.com\/@no\/115644019738937083","error":""},"_links":{"self":[{"href":"https:\/\/www.europesays.com\/no\/wp-json\/wp\/v2\/posts\/101312","targetHints":{"allow":["GET"]}}],"collection":[{"href":"https:\/\/www.europesays.com\/no\/wp-json\/wp\/v2\/posts"}],"about":[{"href":"https:\/\/www.europesays.com\/no\/wp-json\/wp\/v2\/types\/post"}],"author":[{"embeddable":true,"href":"https:\/\/www.europesays.com\/no\/wp-json\/wp\/v2\/users\/2"}],"replies":[{"embeddable":true,"href":"https:\/\/www.europesays.com\/no\/wp-json\/wp\/v2\/comments?post=101312"}],"version-history":[{"count":0,"href":"https:\/\/www.europesays.com\/no\/wp-json\/wp\/v2\/posts\/101312\/revisions"}],"wp:featuredmedia":[{"embeddable":true,"href":"https:\/\/www.europesays.com\/no\/wp-json\/wp\/v2\/media\/101313"}],"wp:attachment":[{"href":"https:\/\/www.europesays.com\/no\/wp-json\/wp\/v2\/media?parent=101312"}],"wp:term":[{"taxonomy":"category","embeddable":true,"href":"https:\/\/www.europesays.com\/no\/wp-json\/wp\/v2\/categories?post=101312"},{"taxonomy":"post_tag","embeddable":true,"href":"https:\/\/www.europesays.com\/no\/wp-json\/wp\/v2\/tags?post=101312"}],"curies":[{"name":"wp","href":"https:\/\/api.w.org\/{rel}","templated":true}]}}